{"id":61871,"date":"2024-11-05T12:20:43","date_gmt":"2024-11-05T11:20:43","guid":{"rendered":"https:\/\/www.dortmund.empack-messen.de\/?p=61871"},"modified":"2024-11-05T12:22:22","modified_gmt":"2024-11-05T11:22:22","slug":"act-for-the-future-verantwortungsvolle-industriemessen","status":"publish","type":"post","link":"https:\/\/www.dortmund.empack-messen.de\/de\/2024\/11\/05\/act-for-the-future-verantwortungsvolle-industriemessen\/","title":{"rendered":"\u201eAct for the future\u201c: Verantwortungsvolle Industriemessen"},"content":{"rendered":"\t\t<div data-elementor-type=\"wp-post\" data-elementor-id=\"61871\" class=\"elementor elementor-61871\" data-elementor-post-type=\"post\">\n\t\t\t\t\t\t<section class=\"elementor-section elementor-top-section elementor-element elementor-element-47f5359b elementor-section-boxed elementor-section-height-default elementor-section-height-default\" data-id=\"47f5359b\" data-element_type=\"section\">\n\t\t\t\t\t\t<div class=\"elementor-container elementor-column-gap-default\">\n\t\t\t\t\t<div class=\"elementor-column elementor-col-100 elementor-top-column elementor-element elementor-element-68309c97\" data-id=\"68309c97\" data-element_type=\"column\">\n\t\t\t<div class=\"elementor-widget-wrap elementor-element-populated\">\n\t\t\t\t\t\t<div class=\"elementor-element elementor-element-6208884 elementor-widget elementor-widget-image\" data-id=\"6208884\" data-element_type=\"widget\" data-widget_type=\"image.default\">\n\t\t\t\t<div class=\"elementor-widget-container\">\n\t\t\t\t\t\t\t\t\t\t\t\t\t\t\t<img decoding=\"async\" src=\"https:\/\/easyfairsassets.com\/sites\/345\/elementor\/thumbs\/Grafik_Blogbeitrag_ESG-qx1qeahqqapdeq2hpigi56ps4g0y1dczxplualomx4.png\" title=\"Grafik_Blogbeitrag_ESG\" alt=\"Grafik_Blogbeitrag_ESG\" loading=\"lazy\" \/>\t\t\t\t\t\t\t\t\t\t\t\t\t\t\t<\/div>\n\t\t\t\t<\/div>\n\t\t\t\t<div class=\"elementor-element elementor-element-65a17049 elementor-widget elementor-widget-theme-post-title elementor-page-title elementor-widget-heading\" data-id=\"65a17049\" data-element_type=\"widget\" data-widget_type=\"theme-post-title.default\">\n\t\t\t\t<div class=\"elementor-widget-container\">\n\t\t\t\t\t<h1 class=\"elementor-heading-title elementor-size-large\">\u201eAct for the future\u201c: Verantwortungsvolle Industriemessen<\/h1>\t\t\t\t<\/div>\n\t\t\t\t<\/div>\n\t\t\t\t\t<\/div>\n\t\t<\/div>\n\t\t\t\t\t<\/div>\n\t\t<\/section>\n\t\t\t\t<section class=\"elementor-section elementor-top-section elementor-element elementor-element-3d0d4618 elementor-section-boxed elementor-section-height-default elementor-section-height-default\" data-id=\"3d0d4618\" data-element_type=\"section\">\n\t\t\t\t\t\t<div class=\"elementor-container elementor-column-gap-default\">\n\t\t\t\t\t<div class=\"elementor-column elementor-col-100 elementor-top-column elementor-element elementor-element-19fa71ce\" data-id=\"19fa71ce\" data-element_type=\"column\">\n\t\t\t<div class=\"elementor-widget-wrap elementor-element-populated\">\n\t\t\t\t\t\t<div class=\"elementor-element elementor-element-3108685 elementor-widget elementor-widget-post-info\" data-id=\"3108685\" data-element_type=\"widget\" data-widget_type=\"post-info.default\">\n\t\t\t\t<div class=\"elementor-widget-container\">\n\t\t\t\t\t\t\t<ul class=\"elementor-inline-items elementor-icon-list-items elementor-post-info\">\n\t\t\t\t\t\t\t\t<li class=\"elementor-icon-list-item elementor-repeater-item-7148c75 elementor-inline-item\" itemprop=\"datePublished\">\n\t\t\t\t\t\t<a href=\"https:\/\/www.dortmund.empack-messen.de\/de\/2024\/11\/05\/\">\n\t\t\t\t\t\t\t\t\t\t\t<span class=\"elementor-icon-list-icon\">\n\t\t\t\t\t\t\t\t<i aria-hidden=\"true\" class=\"fas fa-calendar\"><\/i>\t\t\t\t\t\t\t<\/span>\n\t\t\t\t\t\t\t\t\t<span class=\"elementor-icon-list-text elementor-post-info__item elementor-post-info__item--type-date\">\n\t\t\t\t\t\t\t\t\t\t<time>5. November 2024<\/time>\t\t\t\t\t<\/span>\n\t\t\t\t\t\t\t\t\t<\/a>\n\t\t\t\t<\/li>\n\t\t\t\t<li class=\"elementor-icon-list-item elementor-repeater-item-8fc826b elementor-inline-item\" itemprop=\"about\">\n\t\t\t\t\t\t\t\t\t\t<span class=\"elementor-icon-list-icon\">\n\t\t\t\t\t\t\t\t<i aria-hidden=\"true\" class=\"fas fa-tags\"><\/i>\t\t\t\t\t\t\t<\/span>\n\t\t\t\t\t\t\t\t\t<span class=\"elementor-icon-list-text elementor-post-info__item elementor-post-info__item--type-terms\">\n\t\t\t\t\t\t\t\t\t\t<span class=\"elementor-post-info__terms-list\">\n\t\t\t\t<a href=\"https:\/\/www.dortmund.empack-messen.de\/de\/category\/allgemein\/\" class=\"elementor-post-info__terms-list-item\">Allgemein<\/a>\t\t\t\t<\/span>\n\t\t\t\t\t<\/span>\n\t\t\t\t\t\t\t\t<\/li>\n\t\t\t\t<\/ul>\n\t\t\t\t\t\t<\/div>\n\t\t\t\t<\/div>\n\t\t\t\t<div class=\"elementor-element elementor-element-74fd5132 elementor-widget elementor-widget-text-editor\" data-id=\"74fd5132\" data-element_type=\"widget\" data-widget_type=\"text-editor.default\">\n\t\t\t\t<div class=\"elementor-widget-container\">\n\t\t\t\t\t\t\t\t\t<p><strong>Daran wird man Messen k\u00fcnftig messen <\/strong><\/p><p>Anzahl der Aussteller und Besucher, Gesamt-Ausstellungsfl\u00e4che, Zufriedenheit der Teilnehmer: Das sind die klassischen Kennzahlen von Industriemessen. In naher Zukunft kommt noch eine weitere hinzu: der CO<sub>2<\/sub>-Verbrauch, den die Messe verursacht.<\/p><p>Das ist folgerichtig. Viele Aussteller zeigen nachhaltige Produkte und L\u00f6sungen \u2013 auf allen Industriemessen. Gro\u00dfe Unternehmen m\u00fcssen bereits 2024 ihre CO<sub>2<\/sub>-Bilanz dokumentieren \u2013 so fordert es die CSR-Richtlinie der EU. Und viele kleine und gro\u00dfe Unternehmen haben sich klare Ziele im Hinblick auf ihre CO<sub>2<\/sub>-Neutralit\u00e4t und den Pfad dorthin gesetzt.<\/p><p>Dabei muss auch gefragt werden: Welchen CO<sub>2<\/sub>-Fu\u00dfabdruck verursacht denn die Messe bzw. die Teilnahme an der Messe? Hier gibt es diverse Faktoren und auch Stellschrauben zur Verbesserung \u2013 und Easyfairs dreht an all diesen Schrauben. Denn das weltweit t\u00e4tige Event-Unternehmen, in Deutschland u.a. Veranstalter von \u201eEMPACK\u201c und \u201eLOGISTICS &amp; AUTOMATION\u201c an jeweils zwei Standorten, hat sich als Mitglied der \u201eNet Zero Carbon Events Pledge\u201c, ambitionierte Ziele im Hinblick auf die Treibhausgasemissionen gesetzt. Bis 2030 sollen sie halbiert werden, und 2050 soll die Klimaneutralit\u00e4t erreicht sein \u2013 nach dem Grundsatz \u201eAct for the future\u201c.<\/p><p>Damit diese Ziele Wirklichkeit werden, hat Easyfairs f\u00fcr die eigene Arbeit schon jetzt ein ganzes Paket an Ma\u00dfnahmen beschlossen. Dazu geh\u00f6rt u.a.:<\/p><ul><li>Bevorzugte Zusammenarbeit mit Messestandorten, die \u201egr\u00fcne\u201c Energie nutzen bzw. selbst erzeugen<\/li><li>Auswahl von Verkehrsmitteln f\u00fcr die An- und Abreise<\/li><li>Auswahl von Hotels unter Nachhaltigkeitskriterien<\/li><li>Nachhaltige Lebensmittelbeschaffung beim Catering<\/li><li>Konsequente Abfallreduzierung (z.B. durch wiederverwendbare Materialien f\u00fcr den Standbau).<\/li><\/ul><p>\u00a0<\/p><p>Zudem passt das schon vor Jahrzehnten entwickelte Konzept der kompakten und regionalen bzw. nationalen Messen bestens in jedes CO<sub>2<\/sub>-Minderungskonzept. So entfallen weite Anfahrten f\u00fcr Aussteller und Besucher. Auch das ist (neben der komfortablen Teilnahmem\u00f6glichkeit ohne aufw\u00e4ndiges Reisen) ein wesentlicher Grund daf\u00fcr, dass z.B. die EMPACK an zwei Standorten in Deutschland stattfindet.<\/p><p>Jeder einzelne Aussteller kann (und sollte) die CO<sub>2<\/sub>-Emissionen, die durch seine Messeteilnahme verursacht werden, ebenfalls positiv beeinflussen \u2013 zum Beispiel durch modulare, h\u00e4ufig verwendbare Standbauten oder durch das Vor-Ort-Mieten von Systemst\u00e4nden. Wer auf \u201eEinwegst\u00e4nde\u201c verzichtet, kann erhebliche Mengen an Material und Kosten sparen und den CO<sub>2<\/sub>-Footprint reduzieren. Das gleiche gilt bei der Auswahl von Lieferanten (Messespedition, Catering) und bei der Verpflegung (Stichwort Einweg-\/ Mehrweggeschirr).<\/p><p>Wer als Aussteller diese Ma\u00dfnahmen umsetzt und so CO<sub>2<\/sub> spart, wird umso glaubw\u00fcrdiger sein, wenn er auf den Messen nachhaltige Logistik- und\/ oder Verpackungsl\u00f6sungen vorstellt. Und er wird einen sinnvollen und sympathischen Beitrag zur Verlangsamung des Klimawandels leisten.<\/p><p>Mehr Informationen \u00fcber die \u201eAct for the future\u201c-Initiative von Easyfairs: <a href=\"https:\/\/www.easyfairs.de\/esg\/\">https:\/\/www.easyfairs.de\/esg\/<\/a><\/p><p>Dort gibt es auch Hinweise f\u00fcr Aussteller zur Reduzierung von Treibhausgas-Emissionen w\u00e4hrend der Messe.<\/p>\t\t\t\t\t\t\t\t<\/div>\n\t\t\t\t<\/div>\n\t\t\t\t\t<\/div>\n\t\t<\/div>\n\t\t\t\t\t<\/div>\n\t\t<\/section>\n\t\t\t\t<\/div>\n\t\t","protected":false},"excerpt":{"rendered":"<p>Daran wird man Messen k\u00fcnftig messen Anzahl der Aussteller und Besucher, Gesamt-Ausstellungsfl\u00e4che, Zufriedenheit der Teilnehmer: Das sind die klassischen Kennzahlen von Industriemessen. In naher Zukunft kommt noch eine weitere hinzu: der CO2-Verbrauch, den die Messe verursacht. Das ist folgerichtig. Viele Aussteller zeigen nachhaltige Produkte und L\u00f6sungen \u2013 auf allen Industriemessen. Gro\u00dfe Unternehmen m\u00fcssen bereits 2024 [&hellip;]<\/p>\n","protected":false},"author":34,"featured_media":61860,"comment_status":"closed","ping_status":"open","sticky":false,"template":"","format":"standard","meta":{"_seopress_robots_primary_cat":"none","_seopress_titles_title":"\u201eAct for the future\u201c: Verantwortungsvolle Industriemessen","_seopress_titles_desc":"Daran wird man Messen k\u00fcnftig messen \r\n\r\nAnzahl der Aussteller und Besucher, Gesamt-Ausstellungsfl\u00e4che, Zufriedenheit der Teilnehmer: Das sind die klassischen Kennzahlen von Industriemessen. In naher Zukunft kommt noch eine weitere hinzu: der CO2-Verbrauch, den die Messe verursacht.\r\n","_seopress_robots_index":"","footnotes":""},"categories":[299],"tags":[],"edition":[],"class_list":["post-61871","post","type-post","status-publish","format-standard","has-post-thumbnail","hentry","category-allgemein"],"_links":{"self":[{"href":"https:\/\/www.dortmund.empack-messen.de\/de\/wp-json\/wp\/v2\/posts\/61871","targetHints":{"allow":["GET"]}}],"collection":[{"href":"https:\/\/www.dortmund.empack-messen.de\/de\/wp-json\/wp\/v2\/posts"}],"about":[{"href":"https:\/\/www.dortmund.empack-messen.de\/de\/wp-json\/wp\/v2\/types\/post"}],"author":[{"embeddable":true,"href":"https:\/\/www.dortmund.empack-messen.de\/de\/wp-json\/wp\/v2\/users\/34"}],"replies":[{"embeddable":true,"href":"https:\/\/www.dortmund.empack-messen.de\/de\/wp-json\/wp\/v2\/comments?post=61871"}],"version-history":[{"count":0,"href":"https:\/\/www.dortmund.empack-messen.de\/de\/wp-json\/wp\/v2\/posts\/61871\/revisions"}],"wp:featuredmedia":[{"embeddable":true,"href":"https:\/\/www.dortmund.empack-messen.de\/de\/wp-json\/wp\/v2\/media\/61860"}],"wp:attachment":[{"href":"https:\/\/www.dortmund.empack-messen.de\/de\/wp-json\/wp\/v2\/media?parent=61871"}],"wp:term":[{"taxonomy":"category","embeddable":true,"href":"https:\/\/www.dortmund.empack-messen.de\/de\/wp-json\/wp\/v2\/categories?post=61871"},{"taxonomy":"post_tag","embeddable":true,"href":"https:\/\/www.dortmund.empack-messen.de\/de\/wp-json\/wp\/v2\/tags?post=61871"},{"taxonomy":"edition","embeddable":true,"href":"https:\/\/www.dortmund.empack-messen.de\/de\/wp-json\/wp\/v2\/edition?post=61871"}],"curies":[{"name":"wp","href":"https:\/\/api.w.org\/{rel}","templated":true}]}}