{"id":61774,"date":"2024-10-24T08:54:36","date_gmt":"2024-10-24T06:54:36","guid":{"rendered":"https:\/\/www.dortmund.empack-messen.de\/?p=61774"},"modified":"2024-11-05T12:10:50","modified_gmt":"2024-11-05T11:10:50","slug":"verpackungsverordnung-2025-auf-in-die-kreislaufwirtschaft","status":"publish","type":"post","link":"https:\/\/www.dortmund.empack-messen.de\/de\/2024\/10\/24\/verpackungsverordnung-2025-auf-in-die-kreislaufwirtschaft\/","title":{"rendered":"Verpackungsverordnung 2025: Auf in die Kreislaufwirtschaft!"},"content":{"rendered":"\t\t<div data-elementor-type=\"wp-post\" data-elementor-id=\"61774\" class=\"elementor elementor-61774\" data-elementor-post-type=\"post\">\n\t\t\t\t\t\t<section class=\"elementor-section elementor-top-section elementor-element elementor-element-47f5359b elementor-section-boxed elementor-section-height-default elementor-section-height-default\" data-id=\"47f5359b\" data-element_type=\"section\">\n\t\t\t\t\t\t<div class=\"elementor-container elementor-column-gap-default\">\n\t\t\t\t\t<div class=\"elementor-column elementor-col-100 elementor-top-column elementor-element elementor-element-68309c97\" data-id=\"68309c97\" data-element_type=\"column\">\n\t\t\t<div class=\"elementor-widget-wrap elementor-element-populated\">\n\t\t\t\t\t\t<div class=\"elementor-element elementor-element-6208884 elementor-widget elementor-widget-image\" data-id=\"6208884\" data-element_type=\"widget\" data-widget_type=\"image.default\">\n\t\t\t\t<div class=\"elementor-widget-container\">\n\t\t\t\t\t\t\t\t\t\t\t\t\t\t\t<img decoding=\"async\" src=\"https:\/\/easyfairsassets.com\/sites\/345\/elementor\/thumbs\/Blogbeitrag_Verpackungsverordnung_1-qx1qe4uplahnh2aomg0qq850k4sqr6qlwxoxexwzyg.png\" title=\"Blogbeitrag_Verpackungsverordnung_1\" alt=\"Blogbeitrag_Verpackungsverordnung_1\" loading=\"lazy\" \/>\t\t\t\t\t\t\t\t\t\t\t\t\t\t\t<\/div>\n\t\t\t\t<\/div>\n\t\t\t\t<div class=\"elementor-element elementor-element-65a17049 elementor-widget elementor-widget-theme-post-title elementor-page-title elementor-widget-heading\" data-id=\"65a17049\" data-element_type=\"widget\" data-widget_type=\"theme-post-title.default\">\n\t\t\t\t<div class=\"elementor-widget-container\">\n\t\t\t\t\t<h1 class=\"elementor-heading-title elementor-size-large\">Verpackungsverordnung 2025: Auf in die Kreislaufwirtschaft!<\/h1>\t\t\t\t<\/div>\n\t\t\t\t<\/div>\n\t\t\t\t\t<\/div>\n\t\t<\/div>\n\t\t\t\t\t<\/div>\n\t\t<\/section>\n\t\t\t\t<section class=\"elementor-section elementor-top-section elementor-element elementor-element-3d0d4618 elementor-section-boxed elementor-section-height-default elementor-section-height-default\" data-id=\"3d0d4618\" data-element_type=\"section\">\n\t\t\t\t\t\t<div class=\"elementor-container elementor-column-gap-default\">\n\t\t\t\t\t<div class=\"elementor-column elementor-col-100 elementor-top-column elementor-element elementor-element-19fa71ce\" data-id=\"19fa71ce\" data-element_type=\"column\">\n\t\t\t<div class=\"elementor-widget-wrap elementor-element-populated\">\n\t\t\t\t\t\t<div class=\"elementor-element elementor-element-3108685 elementor-widget elementor-widget-post-info\" data-id=\"3108685\" data-element_type=\"widget\" data-widget_type=\"post-info.default\">\n\t\t\t\t<div class=\"elementor-widget-container\">\n\t\t\t\t\t\t\t<ul class=\"elementor-inline-items elementor-icon-list-items elementor-post-info\">\n\t\t\t\t\t\t\t\t<li class=\"elementor-icon-list-item elementor-repeater-item-7148c75 elementor-inline-item\" itemprop=\"datePublished\">\n\t\t\t\t\t\t<a href=\"https:\/\/www.dortmund.empack-messen.de\/de\/2024\/10\/24\/\">\n\t\t\t\t\t\t\t\t\t\t\t<span class=\"elementor-icon-list-icon\">\n\t\t\t\t\t\t\t\t<i aria-hidden=\"true\" class=\"fas fa-calendar\"><\/i>\t\t\t\t\t\t\t<\/span>\n\t\t\t\t\t\t\t\t\t<span class=\"elementor-icon-list-text elementor-post-info__item elementor-post-info__item--type-date\">\n\t\t\t\t\t\t\t\t\t\t<time>24. Oktober 2024<\/time>\t\t\t\t\t<\/span>\n\t\t\t\t\t\t\t\t\t<\/a>\n\t\t\t\t<\/li>\n\t\t\t\t<li class=\"elementor-icon-list-item elementor-repeater-item-8fc826b elementor-inline-item\" itemprop=\"about\">\n\t\t\t\t\t\t\t\t\t\t<span class=\"elementor-icon-list-icon\">\n\t\t\t\t\t\t\t\t<i aria-hidden=\"true\" class=\"fas fa-tags\"><\/i>\t\t\t\t\t\t\t<\/span>\n\t\t\t\t\t\t\t\t\t<span class=\"elementor-icon-list-text elementor-post-info__item elementor-post-info__item--type-terms\">\n\t\t\t\t\t\t\t\t\t\t<span class=\"elementor-post-info__terms-list\">\n\t\t\t\t<a href=\"https:\/\/www.dortmund.empack-messen.de\/de\/category\/allgemein\/\" class=\"elementor-post-info__terms-list-item\">Allgemein<\/a>\t\t\t\t<\/span>\n\t\t\t\t\t<\/span>\n\t\t\t\t\t\t\t\t<\/li>\n\t\t\t\t<\/ul>\n\t\t\t\t\t\t<\/div>\n\t\t\t\t<\/div>\n\t\t\t\t<div class=\"elementor-element elementor-element-74fd5132 elementor-widget elementor-widget-text-editor\" data-id=\"74fd5132\" data-element_type=\"widget\" data-widget_type=\"text-editor.default\">\n\t\t\t\t<div class=\"elementor-widget-container\">\n\t\t\t\t\t\t\t\t\t<p><span style=\"color: var( --e-global-color-text ); font-family: var( --e-global-typography-text-font-family ), Sans-serif; font-weight: var( --e-global-typography-text-font-weight ); letter-spacing: var( --e-global-typography-text-letter-spacing ); text-transform: var( --e-global-typography-text-text-transform ); font-size: 1rem;\">Es wird ernst: Der Kreislauf beginnt. Und es geht, wie es scheint, um einen Langstreckenlauf. Die erste Etappe wird zur Jahreswende 2024\/25 abgeschlossen sein. Ab dann tritt die neue, im April 2024 vom Europaparlament verabschiedete Verpackungsverordnung in Kraft und mit ihr zahlreiche neue Regelungen zum Design und insbesondere zur Nachhaltigkeit von Verpackungen.<\/span><\/p><p style=\"line-height: 150%;\">Die Inhalte der Verordnung auch nur ansatzweise zu beschreiben, w\u00fcrde hier zu weit f\u00fchren. Im Grundsatz geht es darum, dass sich Verpackungen k\u00fcnftig in Materialkreisl\u00e4ufe einf\u00fcgen, sprich recyclingf\u00e4hig sind.<\/p><p style=\"line-height: 150%;\">Dazu gibt es sehr konkrete Vorschriften, die viele aktuell verwendete Verpackungen vermutlich nicht ohne weiteres erf\u00fcllen. Zum Beispiel muss die Qualit\u00e4t des Verpackungsabfalls so hoch sein, dass er als Alternative zum entsprechenden Prim\u00e4rrohstoff verwendet werden kann. Zudem m\u00fcssen die eingesetzten Werkstoffe trennbar sein, um die einzelnen Materialkreisl\u00e4ufe auf stabil hohem Qualit\u00e4tsniveau zu halten. F\u00fcr Kunststoffverpackungen gelten Mindestanteile an Rezyklat, bei manchen Verpackungsarten ist die Kompostierbarkeit ein Muss.<\/p><p style=\"line-height: 150%;\">F\u00fcr die Anwender von Verpackungen \u2013 d.h.: f\u00fcr alle Unternehmen, die produzieren und\/oder versenden \u2013 bringt das erhebliche Mehrarbeit mit sich. Zuerst ist zu kl\u00e4ren: Was wird verlangt, wo ist Handlungsbedarf? Und dann gilt es diese Erkenntnisse umzusetzen \u2013 in Verpackungen, die den Anforderungen der neuen Verordnung entsprechen.<\/p><p style=\"line-height: 150%;\">Wie geht man die Umsetzung der Verordnung an? Vielleicht einfach mit dem Ziel, nicht nur die Anforderungen zu erf\u00fcllen, sondern etwas ganz Neues in die Tat umzusetzen \u2013 immer mit der Kreislaufwirtschaft im Blick. Ideen und M\u00f6glichkeiten gibt es genug: innovative Mehrwegsysteme, Verpackungen aus Kunststoffrezyklaten, z.B. aus Speisefetten, bio-basierte Polymere z.B. auf Zuckerrohr- oder Maisbasis, gesch\u00e4umtes, gespritztes oder wabenf\u00f6rmiges Papier als F\u00fcllmaterial.<\/p><p style=\"line-height: 150%;\">Im besten Fall ist das Endergebnis eine Verpackung, die nicht nur die Anforderungen erf\u00fcllt, sondern z.B. auch kompakter ist, einen Zusatznutzen bietet oder ansprechender ist als die bisher verwendete Verpackungsl\u00f6sung.<\/p><p>\u00a0<\/p><p style=\"line-height: 150%;\">Folgerichtig ist nun die n\u00e4chste Frage: Wo findet man Ideen, Konzepte und Partner f\u00fcr solche Verpackungen? Die logische Antwort: auf einer Fachmesse \u2013 konzentriert und, wie es so sch\u00f6n hei\u00dft, \u201eergebnisoffen\u201c. Hier treffen Entscheider aus der verpackenden Wirtschaft auf Experten, die ihre Ideen teilen und vielleicht exakt die Anregung geben, aus der die perfekte \u2013 und verordnungskonforme \u2013 Verpackung f\u00fcr die Kreislaufwirtschaft wird.\u00a0<\/p>\t\t\t\t\t\t\t\t<\/div>\n\t\t\t\t<\/div>\n\t\t\t\t\t<\/div>\n\t\t<\/div>\n\t\t\t\t\t<\/div>\n\t\t<\/section>\n\t\t\t\t<\/div>\n\t\t","protected":false},"excerpt":{"rendered":"<p>Es wird ernst: Der Kreislauf beginnt. Und es geht, wie es scheint, um einen Langstreckenlauf. Die erste Etappe wird zur Jahreswende 2024\/25 abgeschlossen sein. Ab dann tritt die neue, im April 2024 vom Europaparlament verabschiedete Verpackungsverordnung in Kraft und mit ihr zahlreiche neue Regelungen zum Design und insbesondere zur Nachhaltigkeit von Verpackungen. Die Inhalte der [&hellip;]<\/p>\n","protected":false},"author":34,"featured_media":61801,"comment_status":"closed","ping_status":"open","sticky":false,"template":"","format":"standard","meta":{"_seopress_robots_primary_cat":"none","_seopress_titles_title":"Verpackungsverordnung 2025: Auf in die Kreislaufwirtschaft!","_seopress_titles_desc":"Es wird ernst: Der Kreislauf beginnt. Und es geht, wie es scheint, um einen Lang-streckenlauf. Die erste Etappe wird zur Jahreswende 2024\/25 abgeschlossen sein. Ab dann tritt die neue, im April 2024 vom Europaparlament verabschiedete Ver-packungsverordnung in Kraft und mit ihr zahlreiche neue Regelungen zum Design und insbesondere zur Nachhaltigkeit von Verpackungen.","_seopress_robots_index":"","footnotes":""},"categories":[299],"tags":[],"edition":[],"class_list":["post-61774","post","type-post","status-publish","format-standard","has-post-thumbnail","hentry","category-allgemein"],"_links":{"self":[{"href":"https:\/\/www.dortmund.empack-messen.de\/de\/wp-json\/wp\/v2\/posts\/61774","targetHints":{"allow":["GET"]}}],"collection":[{"href":"https:\/\/www.dortmund.empack-messen.de\/de\/wp-json\/wp\/v2\/posts"}],"about":[{"href":"https:\/\/www.dortmund.empack-messen.de\/de\/wp-json\/wp\/v2\/types\/post"}],"author":[{"embeddable":true,"href":"https:\/\/www.dortmund.empack-messen.de\/de\/wp-json\/wp\/v2\/users\/34"}],"replies":[{"embeddable":true,"href":"https:\/\/www.dortmund.empack-messen.de\/de\/wp-json\/wp\/v2\/comments?post=61774"}],"version-history":[{"count":0,"href":"https:\/\/www.dortmund.empack-messen.de\/de\/wp-json\/wp\/v2\/posts\/61774\/revisions"}],"wp:featuredmedia":[{"embeddable":true,"href":"https:\/\/www.dortmund.empack-messen.de\/de\/wp-json\/wp\/v2\/media\/61801"}],"wp:attachment":[{"href":"https:\/\/www.dortmund.empack-messen.de\/de\/wp-json\/wp\/v2\/media?parent=61774"}],"wp:term":[{"taxonomy":"category","embeddable":true,"href":"https:\/\/www.dortmund.empack-messen.de\/de\/wp-json\/wp\/v2\/categories?post=61774"},{"taxonomy":"post_tag","embeddable":true,"href":"https:\/\/www.dortmund.empack-messen.de\/de\/wp-json\/wp\/v2\/tags?post=61774"},{"taxonomy":"edition","embeddable":true,"href":"https:\/\/www.dortmund.empack-messen.de\/de\/wp-json\/wp\/v2\/edition?post=61774"}],"curies":[{"name":"wp","href":"https:\/\/api.w.org\/{rel}","templated":true}]}}