{"id":58449,"date":"2024-04-23T09:47:57","date_gmt":"2024-04-23T07:47:57","guid":{"rendered":"https:\/\/www.dortmund.empack-messen.de\/?p=58449"},"modified":"2024-04-23T10:52:39","modified_gmt":"2024-04-23T08:52:39","slug":"fuenf-gruende-fuer-einen-tag-den-arbeitsplatz-zu-verlassen","status":"publish","type":"post","link":"https:\/\/www.dortmund.empack-messen.de\/de\/2024\/04\/23\/fuenf-gruende-fuer-einen-tag-den-arbeitsplatz-zu-verlassen\/","title":{"rendered":"F\u00fcnf Gr\u00fcnde, f\u00fcr einen Tag den Arbeitsplatz zu verlassen"},"content":{"rendered":"\t\t<div data-elementor-type=\"wp-post\" data-elementor-id=\"58449\" class=\"elementor elementor-58449\" data-elementor-post-type=\"post\">\n\t\t\t\t\t\t<section class=\"elementor-section elementor-top-section elementor-element elementor-element-47f5359b elementor-section-boxed elementor-section-height-default elementor-section-height-default\" data-id=\"47f5359b\" data-element_type=\"section\">\n\t\t\t\t\t\t<div class=\"elementor-container elementor-column-gap-default\">\n\t\t\t\t\t<div class=\"elementor-column elementor-col-100 elementor-top-column elementor-element elementor-element-68309c97\" data-id=\"68309c97\" data-element_type=\"column\">\n\t\t\t<div class=\"elementor-widget-wrap elementor-element-populated\">\n\t\t\t\t\t\t<div class=\"elementor-element elementor-element-6208884 elementor-widget elementor-widget-image\" data-id=\"6208884\" data-element_type=\"widget\" data-widget_type=\"image.default\">\n\t\t\t\t<div class=\"elementor-widget-container\">\n\t\t\t\t\t\t\t\t\t\t\t\t\t\t\t<img fetchpriority=\"high\" decoding=\"async\" width=\"1920\" height=\"1278\" src=\"https:\/\/easyfairsassets.com\/sites\/345\/2024\/04\/MicrosoftTeams-image-6.jpg\" class=\"attachment-full size-full wp-image-58468\" alt=\"\" srcset=\"https:\/\/easyfairsassets.com\/sites\/345\/2024\/04\/MicrosoftTeams-image-6.jpg 1920w, https:\/\/easyfairsassets.com\/sites\/345\/2024\/04\/MicrosoftTeams-image-6-300x200.jpg 300w, https:\/\/easyfairsassets.com\/sites\/345\/2024\/04\/MicrosoftTeams-image-6-1024x682.jpg 1024w, https:\/\/easyfairsassets.com\/sites\/345\/2024\/04\/MicrosoftTeams-image-6-768x511.jpg 768w, https:\/\/easyfairsassets.com\/sites\/345\/2024\/04\/MicrosoftTeams-image-6-1536x1022.jpg 1536w\" sizes=\"(max-width: 1920px) 100vw, 1920px\" \/>\t\t\t\t\t\t\t\t\t\t\t\t\t\t\t<\/div>\n\t\t\t\t<\/div>\n\t\t\t\t<div class=\"elementor-element elementor-element-65a17049 elementor-widget elementor-widget-theme-post-title elementor-page-title elementor-widget-heading\" data-id=\"65a17049\" data-element_type=\"widget\" data-widget_type=\"theme-post-title.default\">\n\t\t\t\t<div class=\"elementor-widget-container\">\n\t\t\t\t\t<h1 class=\"elementor-heading-title elementor-size-large\">F\u00fcnf Gr\u00fcnde, f\u00fcr einen Tag den Arbeitsplatz zu verlassen<\/h1>\t\t\t\t<\/div>\n\t\t\t\t<\/div>\n\t\t\t\t\t<\/div>\n\t\t<\/div>\n\t\t\t\t\t<\/div>\n\t\t<\/section>\n\t\t\t\t<section class=\"elementor-section elementor-top-section elementor-element elementor-element-3d0d4618 elementor-section-boxed elementor-section-height-default elementor-section-height-default\" data-id=\"3d0d4618\" data-element_type=\"section\">\n\t\t\t\t\t\t<div class=\"elementor-container elementor-column-gap-default\">\n\t\t\t\t\t<div class=\"elementor-column elementor-col-100 elementor-top-column elementor-element elementor-element-19fa71ce\" data-id=\"19fa71ce\" data-element_type=\"column\">\n\t\t\t<div class=\"elementor-widget-wrap elementor-element-populated\">\n\t\t\t\t\t\t<div class=\"elementor-element elementor-element-3108685 elementor-widget elementor-widget-post-info\" data-id=\"3108685\" data-element_type=\"widget\" data-widget_type=\"post-info.default\">\n\t\t\t\t<div class=\"elementor-widget-container\">\n\t\t\t\t\t\t\t<ul class=\"elementor-inline-items elementor-icon-list-items elementor-post-info\">\n\t\t\t\t\t\t\t\t<li class=\"elementor-icon-list-item elementor-repeater-item-7148c75 elementor-inline-item\" itemprop=\"datePublished\">\n\t\t\t\t\t\t<a href=\"https:\/\/www.dortmund.empack-messen.de\/de\/2024\/04\/23\/\">\n\t\t\t\t\t\t\t\t\t\t\t<span class=\"elementor-icon-list-icon\">\n\t\t\t\t\t\t\t\t<i aria-hidden=\"true\" class=\"fas fa-calendar\"><\/i>\t\t\t\t\t\t\t<\/span>\n\t\t\t\t\t\t\t\t\t<span class=\"elementor-icon-list-text elementor-post-info__item elementor-post-info__item--type-date\">\n\t\t\t\t\t\t\t\t\t\t<time>23. April 2024<\/time>\t\t\t\t\t<\/span>\n\t\t\t\t\t\t\t\t\t<\/a>\n\t\t\t\t<\/li>\n\t\t\t\t<li class=\"elementor-icon-list-item elementor-repeater-item-8fc826b elementor-inline-item\" itemprop=\"about\">\n\t\t\t\t\t\t\t\t\t\t<span class=\"elementor-icon-list-icon\">\n\t\t\t\t\t\t\t\t<i aria-hidden=\"true\" class=\"fas fa-tags\"><\/i>\t\t\t\t\t\t\t<\/span>\n\t\t\t\t\t\t\t\t\t<span class=\"elementor-icon-list-text elementor-post-info__item elementor-post-info__item--type-terms\">\n\t\t\t\t\t\t\t\t\t\t<span class=\"elementor-post-info__terms-list\">\n\t\t\t\t<a href=\"https:\/\/www.dortmund.empack-messen.de\/de\/category\/allgemein\/\" class=\"elementor-post-info__terms-list-item\">Allgemein<\/a>\t\t\t\t<\/span>\n\t\t\t\t\t<\/span>\n\t\t\t\t\t\t\t\t<\/li>\n\t\t\t\t<\/ul>\n\t\t\t\t\t\t<\/div>\n\t\t\t\t<\/div>\n\t\t\t\t<div class=\"elementor-element elementor-element-74fd5132 elementor-widget elementor-widget-text-editor\" data-id=\"74fd5132\" data-element_type=\"widget\" data-widget_type=\"text-editor.default\">\n\t\t\t\t<div class=\"elementor-widget-container\">\n\t\t\t\t\t\t\t\t\t<p>Leben und arbeiten Sie in der Metropolregion Rhein-Ruhr? Sch\u00e4tzen Sie Ihre Arbeit und bringen gern neue Ideen ein? Dann h\u00e4tten wir einen Vorschlag: Verlassen Sie Ihren Arbeitsplatz. Nicht dauerhaft, ein Tag reicht vollkommen aus. Wir schlagen den 15. oder 16. Mai vor. Geben Sie \u201eMesse Dortmund\u201c ins Navi ein, folgen Sie der angezeigten Route und besuchen Sie das Messe-Duo EMPACK und LOGISTICS &amp; AUTOMATION.<\/p><p>\u00a0<\/p><p>Warum Sie das tun sollten, kann man ganz kurz fassen: Sie werden am Abend kl\u00fcger sein. Und Sie werden h\u00f6chstwahrscheinlich das Gef\u00fchl haben, einen zwar erlebnisreichen und hoch informativen, aber nicht allzu stressigen Tag verbracht zu haben. Warum wir das glauben? Weil das Dortmunder Messe-Duo ein etwas anderes Konzept verfolgt als die gro\u00dfen Leitmessen f\u00fcr Intralogistik und Verpackung.<\/p><p>\u00a0<\/p><p>Das bietet Ihnen der Messebesuch von EMPACK und\/ oder LOGISTICS &amp; AUTOMATION:<\/p><ul><li>Morgens hin, abends zur\u00fcck: Kurzer Weg, wenig Aufwand<\/li><li>Keine Kosten (au\u00dfer der Anfahrt)<\/li><li>Kompakter Gesamt\u00fcberblick \u00fcber Trends und Neuheiten<\/li><li>Praxisorientiertes Vortragsprogramm<\/li><li>Echter Austausch, nicht nur einseitige Kommunikation<\/li><\/ul><p>\u00a0<\/p><p>Das sind f\u00fcnf gute Gr\u00fcnde, der Empfehlung zu folgen. Unter den rund 150 Ausstellern sind mit Sicherheit einige, die Ihre Prozesse in der Verpackung oder der innerbetrieblichen Logistik weiterbringen k\u00f6nnen \u2013 mit innovativen Produkten und Dienstleistungen. Probieren Sie es aus! Die H\u00fcrden sind gering, der Nutzen gro\u00df.<\/p><p>Vergessen Sie nur nicht, sich vorher zu registrieren und ein kostenloses Ticket im Wert von 30 Euro anzufordern. Und: Werfen Sie ebenfalls vorher einen Blick auf die Vortrags-Agenda. Beide Messen haben ein spannendes Programm zusammengestellt.<\/p>\t\t\t\t\t\t\t\t<\/div>\n\t\t\t\t<\/div>\n\t\t\t\t\t<\/div>\n\t\t<\/div>\n\t\t\t\t\t<\/div>\n\t\t<\/section>\n\t\t\t\t<\/div>\n\t\t","protected":false},"excerpt":{"rendered":"<p>Leben und arbeiten Sie in der Metropolregion Rhein-Ruhr? Sch\u00e4tzen Sie Ihre Arbeit und bringen gern neue Ideen ein? Dann h\u00e4tten wir einen Vorschlag: Verlassen Sie Ihren Arbeitsplatz. Nicht dauerhaft, ein Tag reicht vollkommen aus. Wir schlagen den 15. oder 16. Mai vor. Geben Sie \u201eMesse Dortmund\u201c ins Navi ein, folgen Sie der angezeigten Route und besuchen Sie das Messe-Duo EMPACK und LOGISTICS &amp; AUTOMATION.<\/p>\n","protected":false},"author":855,"featured_media":58468,"comment_status":"closed","ping_status":"open","sticky":false,"template":"","format":"standard","meta":{"_seopress_robots_primary_cat":"none","_seopress_titles_title":"F\u00fcnf Gr\u00fcnde, f\u00fcr einen Tag den Arbeitsplatz zu verlassen","_seopress_titles_desc":"Leben und arbeiten Sie in der Metropolregion Rhein-Ruhr? Sch\u00e4tzen Sie Ihre Arbeit und bringen gern neue Ideen ein? Dann h\u00e4tten wir einen Vorschlag: Verlassen Sie Ihren Arbeitsplatz. Nicht dauerhaft, ein Tag reicht vollkommen aus. Wir schlagen den 15. oder 16. Mai vor. Geben Sie \u201eMesse Dortmund\u201c ins Navi ein, folgen Sie der angezeigten Route und besuchen Sie das Messe-Duo EMPACK und LOGISTICS &amp; AUTOMATION.","_seopress_robots_index":"","footnotes":""},"categories":[299],"tags":[],"edition":[],"class_list":["post-58449","post","type-post","status-publish","format-standard","has-post-thumbnail","hentry","category-allgemein"],"_links":{"self":[{"href":"https:\/\/www.dortmund.empack-messen.de\/de\/wp-json\/wp\/v2\/posts\/58449","targetHints":{"allow":["GET"]}}],"collection":[{"href":"https:\/\/www.dortmund.empack-messen.de\/de\/wp-json\/wp\/v2\/posts"}],"about":[{"href":"https:\/\/www.dortmund.empack-messen.de\/de\/wp-json\/wp\/v2\/types\/post"}],"author":[{"embeddable":true,"href":"https:\/\/www.dortmund.empack-messen.de\/de\/wp-json\/wp\/v2\/users\/855"}],"replies":[{"embeddable":true,"href":"https:\/\/www.dortmund.empack-messen.de\/de\/wp-json\/wp\/v2\/comments?post=58449"}],"version-history":[{"count":0,"href":"https:\/\/www.dortmund.empack-messen.de\/de\/wp-json\/wp\/v2\/posts\/58449\/revisions"}],"wp:featuredmedia":[{"embeddable":true,"href":"https:\/\/www.dortmund.empack-messen.de\/de\/wp-json\/wp\/v2\/media\/58468"}],"wp:attachment":[{"href":"https:\/\/www.dortmund.empack-messen.de\/de\/wp-json\/wp\/v2\/media?parent=58449"}],"wp:term":[{"taxonomy":"category","embeddable":true,"href":"https:\/\/www.dortmund.empack-messen.de\/de\/wp-json\/wp\/v2\/categories?post=58449"},{"taxonomy":"post_tag","embeddable":true,"href":"https:\/\/www.dortmund.empack-messen.de\/de\/wp-json\/wp\/v2\/tags?post=58449"},{"taxonomy":"edition","embeddable":true,"href":"https:\/\/www.dortmund.empack-messen.de\/de\/wp-json\/wp\/v2\/edition?post=58449"}],"curies":[{"name":"wp","href":"https:\/\/api.w.org\/{rel}","templated":true}]}}