{"id":55357,"date":"2024-03-13T10:45:45","date_gmt":"2024-03-13T09:45:45","guid":{"rendered":"https:\/\/www.dortmund.empack-messen.de\/?p=55357"},"modified":"2024-03-13T15:13:29","modified_gmt":"2024-03-13T14:13:29","slug":"verpackungsmaschinenbau-im-wettbewerb","status":"publish","type":"post","link":"https:\/\/www.dortmund.empack-messen.de\/de\/2024\/03\/13\/verpackungsmaschinenbau-im-wettbewerb\/","title":{"rendered":"Verpackungsmaschinenbau im Wettbewerb:"},"content":{"rendered":"\t\t<div data-elementor-type=\"wp-post\" data-elementor-id=\"55357\" class=\"elementor elementor-55357\" data-elementor-post-type=\"post\">\n\t\t\t\t\t\t<section class=\"elementor-section elementor-top-section elementor-element elementor-element-47f5359b elementor-section-boxed elementor-section-height-default elementor-section-height-default\" data-id=\"47f5359b\" data-element_type=\"section\">\n\t\t\t\t\t\t<div class=\"elementor-container elementor-column-gap-default\">\n\t\t\t\t\t<div class=\"elementor-column elementor-col-100 elementor-top-column elementor-element elementor-element-68309c97\" data-id=\"68309c97\" data-element_type=\"column\">\n\t\t\t<div class=\"elementor-widget-wrap elementor-element-populated\">\n\t\t\t\t\t\t<div class=\"elementor-element elementor-element-6208884 elementor-widget elementor-widget-image\" data-id=\"6208884\" data-element_type=\"widget\" data-widget_type=\"image.default\">\n\t\t\t\t<div class=\"elementor-widget-container\">\n\t\t\t\t\t\t\t\t\t\t\t\t\t\t\t<img fetchpriority=\"high\" decoding=\"async\" width=\"1200\" height=\"600\" src=\"https:\/\/easyfairsassets.com\/sites\/345\/2024\/03\/Design-ohne-Titel-11-1.png\" class=\"attachment-full size-full wp-image-55563\" alt=\"\" srcset=\"https:\/\/easyfairsassets.com\/sites\/345\/2024\/03\/Design-ohne-Titel-11-1.png 1200w, https:\/\/easyfairsassets.com\/sites\/345\/2024\/03\/Design-ohne-Titel-11-1-300x150.png 300w, https:\/\/easyfairsassets.com\/sites\/345\/2024\/03\/Design-ohne-Titel-11-1-1024x512.png 1024w, https:\/\/easyfairsassets.com\/sites\/345\/2024\/03\/Design-ohne-Titel-11-1-768x384.png 768w\" sizes=\"(max-width: 1200px) 100vw, 1200px\" \/>\t\t\t\t\t\t\t\t\t\t\t\t\t\t\t<\/div>\n\t\t\t\t<\/div>\n\t\t\t\t<div class=\"elementor-element elementor-element-65a17049 elementor-widget elementor-widget-theme-post-title elementor-page-title elementor-widget-heading\" data-id=\"65a17049\" data-element_type=\"widget\" data-widget_type=\"theme-post-title.default\">\n\t\t\t\t<div class=\"elementor-widget-container\">\n\t\t\t\t\t<h1 class=\"elementor-heading-title elementor-size-large\">Verpackungsmaschinenbau im Wettbewerb:<\/h1>\t\t\t\t<\/div>\n\t\t\t\t<\/div>\n\t\t\t\t\t<\/div>\n\t\t<\/div>\n\t\t\t\t\t<\/div>\n\t\t<\/section>\n\t\t\t\t<section class=\"elementor-section elementor-top-section elementor-element elementor-element-3d0d4618 elementor-section-boxed elementor-section-height-default elementor-section-height-default\" data-id=\"3d0d4618\" data-element_type=\"section\">\n\t\t\t\t\t\t<div class=\"elementor-container elementor-column-gap-default\">\n\t\t\t\t\t<div class=\"elementor-column elementor-col-100 elementor-top-column elementor-element elementor-element-19fa71ce\" data-id=\"19fa71ce\" data-element_type=\"column\">\n\t\t\t<div class=\"elementor-widget-wrap elementor-element-populated\">\n\t\t\t\t\t\t<div class=\"elementor-element elementor-element-3108685 elementor-widget elementor-widget-post-info\" data-id=\"3108685\" data-element_type=\"widget\" data-widget_type=\"post-info.default\">\n\t\t\t\t<div class=\"elementor-widget-container\">\n\t\t\t\t\t\t\t<ul class=\"elementor-inline-items elementor-icon-list-items elementor-post-info\">\n\t\t\t\t\t\t\t\t<li class=\"elementor-icon-list-item elementor-repeater-item-7148c75 elementor-inline-item\" itemprop=\"datePublished\">\n\t\t\t\t\t\t<a href=\"https:\/\/www.dortmund.empack-messen.de\/de\/2024\/03\/13\/\">\n\t\t\t\t\t\t\t\t\t\t\t<span class=\"elementor-icon-list-icon\">\n\t\t\t\t\t\t\t\t<i aria-hidden=\"true\" class=\"fas fa-calendar\"><\/i>\t\t\t\t\t\t\t<\/span>\n\t\t\t\t\t\t\t\t\t<span class=\"elementor-icon-list-text elementor-post-info__item elementor-post-info__item--type-date\">\n\t\t\t\t\t\t\t\t\t\t<time>13. M\u00e4rz 2024<\/time>\t\t\t\t\t<\/span>\n\t\t\t\t\t\t\t\t\t<\/a>\n\t\t\t\t<\/li>\n\t\t\t\t<li class=\"elementor-icon-list-item elementor-repeater-item-8fc826b elementor-inline-item\" itemprop=\"about\">\n\t\t\t\t\t\t\t\t\t\t<span class=\"elementor-icon-list-icon\">\n\t\t\t\t\t\t\t\t<i aria-hidden=\"true\" class=\"fas fa-tags\"><\/i>\t\t\t\t\t\t\t<\/span>\n\t\t\t\t\t\t\t\t\t<span class=\"elementor-icon-list-text elementor-post-info__item elementor-post-info__item--type-terms\">\n\t\t\t\t\t\t\t\t\t\t<span class=\"elementor-post-info__terms-list\">\n\t\t\t\t<a href=\"https:\/\/www.dortmund.empack-messen.de\/de\/category\/allgemein\/\" class=\"elementor-post-info__terms-list-item\">Allgemein<\/a>\t\t\t\t<\/span>\n\t\t\t\t\t<\/span>\n\t\t\t\t\t\t\t\t<\/li>\n\t\t\t\t<\/ul>\n\t\t\t\t\t\t<\/div>\n\t\t\t\t<\/div>\n\t\t\t\t<div class=\"elementor-element elementor-element-74fd5132 elementor-widget elementor-widget-text-editor\" data-id=\"74fd5132\" data-element_type=\"widget\" data-widget_type=\"text-editor.default\">\n\t\t\t\t<div class=\"elementor-widget-container\">\n\t\t\t\t\t\t\t\t\t<p><strong>Sind Strategieanpassungen f\u00fcr den globalen Markt n\u00f6tig?<\/strong><\/p><p>Im Grunde ist es eine Frage, die sich nicht nur der deutsche Verpackungsmaschinenbau stellen muss, sondern eigentlich die gesamte produzierende Industrie \u2013 inklusive dem bisherigen Flaggschiff Automobilbau. Denn zwar steht der Begriff \u201eMade in Germany\u201c weltweit seit vielen Jahrzehnten f\u00fcr Qualit\u00e4t, Pr\u00e4zision und Innovation \u2013 doch hat dies im wahrsten Sinne des Wortes seinen Preis.<\/p><p>Deutsche Verpackungsmaschinenbauer haben sich einen Namen gemacht, indem sie High-End-L\u00f6sungen anbieten, die zwar zu h\u00f6heren Preisen kommen, aber durch ihre Langlebigkeit, Effizienz und technische \u00dcberlegenheit \u00fcberzeugen. Doch der globale Markt ist im Wandel, und die Konkurrenz \u2013 insbesondere aus China \u2013 gewinnt an Boden, indem sie kosteng\u00fcnstigere Alternativen anbietet. In diesem Kontext stellt sich die Frage, ob es f\u00fcr deutsche Unternehmen an der Zeit ist, ihre Strategie zu \u00fcberdenken und auch Modelle zu Einstiegspreisen zu entwickeln, um ihre Marktposition zu verteidigen und auszubauen. Oder um noch einmal die Automobilbranche zu bem\u00fchen: Statt S-Klasse auch einen Golf ins Angebot aufzunehmen.<\/p><p><strong>Herausforderung durch chinesische Anbieter<\/strong><\/p><p>Denn chinesische Hersteller haben in den letzten Jahren signifikante Fortschritte gemacht, sowohl in Bezug auf die Qualit\u00e4t ihrer Produkte als auch in ihrer F\u00e4higkeit, diese zu deutlich geringeren Kosten zu produzieren. Durch staatliche Subventionierung und Skaleneffekte sind sie in der Lage, Verpackungsmaschinen zu Preisen anzubieten, die unter denen ihrer deutschen Wettbewerber liegen. Diese Entwicklung hat dazu gef\u00fchrt, dass insbesondere kleine und mittelst\u00e4ndische Unternehmen, die auf Kosten achten m\u00fcssen, zunehmend auf chinesische Produkte zur\u00fcckgreifen.<\/p><p><strong>Argumente f\u00fcr eine Strategieanpassung<\/strong><\/p><p>Die Strategie, auch Modelle zu Einstiegspreisen anzubieten, b\u00f6te gleich mehrere Vorteile: Erstens erm\u00f6glicht es den Zugang zu neuen Marktsegmenten, insbesondere in Schwellen- und Entwicklungsl\u00e4ndern, wo der Preis eine entscheidende Rolle spielt. Zweitens k\u00f6nnen Einstiegsmodelle als Br\u00fccke f\u00fcr Kunden dienen, die sp\u00e4ter auf h\u00f6herwertige Maschinen umsteigen m\u00f6chten, wodurch eine langfristige Kundenbindung aufgebaut wird. Drittens ist es eine Chance, dem Wettbewerb zuvorzukommen und Marktanteile zu sichern, bevor chinesische Konkurrenten ihre Qualit\u00e4t weiter steigern und somit noch attraktiver f\u00fcr potenzielle Kunden weltweit werden.<\/p><p><strong>Risiken einer aggressiven Preisstrategie<\/strong><\/p><p>Eine solche Strategieanpassung ist jedoch nicht ohne Risiken. Eine der gr\u00f6\u00dften Herausforderungen besteht darin, die Kosten zu senken, ohne die Qualit\u00e4t zu kompromittieren, f\u00fcr die deutsche Verpackungsmaschinen bekannt und gesch\u00e4tzt sind. L\u00f6sungsans\u00e4tze w\u00e4ren es, Prozesse zu optimieren, in automatisierte Fertigung zu investieren oder kosteng\u00fcnstigere Materialien zu verwenden, ohne die Langlebigkeit und Leistung zu beeintr\u00e4chtigen. Dar\u00fcber hinaus besteht die Gefahr, dass die Marke \u201eMade in Germany\u201c in ihrer Wahrnehmung als Synonym f\u00fcr h\u00f6chste Qualit\u00e4t verw\u00e4ssert wird, wenn Kunden beginnen, die Einstiegsmodelle mit den Premiumprodukten gleichzusetzen.<\/p><p><strong>Ausgr\u00fcndung von Submarken<\/strong><\/p><p>Die Antwort k\u00f6nnte in einem ausgewogenen Ansatz liegen, bei dem deutsche Verpackungsmaschinenbauer sowohl High-End- als auch Einstiegsmodelle anbieten, die klar voneinander abgegrenzt sind \u2013 vielleicht sogar durch Submarken, wie beispielsweise im VW-Konzern die Marken Audi und Skoda beide Enden des Spektrums bedienen. Durch eine klare Kommunikation der Wertversprechen beider Produktlinien k\u00f6nnten Unternehmen die unterschiedlichen Bed\u00fcrfnisse der Kunden ansprechen, ohne ihre Marke zu verw\u00e4ssern.<\/p>\t\t\t\t\t\t\t\t<\/div>\n\t\t\t\t<\/div>\n\t\t\t\t\t<\/div>\n\t\t<\/div>\n\t\t\t\t\t<\/div>\n\t\t<\/section>\n\t\t\t\t<\/div>\n\t\t","protected":false},"excerpt":{"rendered":"<p>Im Grunde ist es eine Frage, die sich nicht nur der deutsche Verpackungsmaschinenbau stellen muss, sondern eigentlich die gesamte produzierende Industrie \u2013 inklusive dem bisherigen Flaggschiff Automobilbau. Denn zwar steht der Begriff \u201eMade in Germany\u201c weltweit seit vielen Jahrzehnten f\u00fcr Qualit\u00e4t, Pr\u00e4zision und Innovation \u2013 doch hat dies im wahrsten Sinne des Wortes seinen Preis.<\/p>\n","protected":false},"author":855,"featured_media":55570,"comment_status":"closed","ping_status":"open","sticky":false,"template":"","format":"standard","meta":{"_seopress_robots_primary_cat":"none","_seopress_titles_title":"Verpackungsmaschinenbau im Wettbewerb:","_seopress_titles_desc":"Im Grunde ist es eine Frage, die sich nicht nur der deutsche Verpackungsmaschinenbau stellen muss, sondern eigentlich die gesamte produzierende Industrie \u2013 inklusive dem bisherigen Flaggschiff Automobilbau. Denn zwar steht der Begriff \u201eMade in Germany\u201c weltweit seit vielen Jahrzehnten f\u00fcr Qualit\u00e4t, Pr\u00e4zision und Innovation \u2013 doch hat dies im wahrsten Sinne des Wortes seinen Preis.","_seopress_robots_index":"","footnotes":""},"categories":[299],"tags":[],"edition":[],"class_list":["post-55357","post","type-post","status-publish","format-standard","has-post-thumbnail","hentry","category-allgemein"],"_links":{"self":[{"href":"https:\/\/www.dortmund.empack-messen.de\/de\/wp-json\/wp\/v2\/posts\/55357","targetHints":{"allow":["GET"]}}],"collection":[{"href":"https:\/\/www.dortmund.empack-messen.de\/de\/wp-json\/wp\/v2\/posts"}],"about":[{"href":"https:\/\/www.dortmund.empack-messen.de\/de\/wp-json\/wp\/v2\/types\/post"}],"author":[{"embeddable":true,"href":"https:\/\/www.dortmund.empack-messen.de\/de\/wp-json\/wp\/v2\/users\/855"}],"replies":[{"embeddable":true,"href":"https:\/\/www.dortmund.empack-messen.de\/de\/wp-json\/wp\/v2\/comments?post=55357"}],"version-history":[{"count":0,"href":"https:\/\/www.dortmund.empack-messen.de\/de\/wp-json\/wp\/v2\/posts\/55357\/revisions"}],"wp:featuredmedia":[{"embeddable":true,"href":"https:\/\/www.dortmund.empack-messen.de\/de\/wp-json\/wp\/v2\/media\/55570"}],"wp:attachment":[{"href":"https:\/\/www.dortmund.empack-messen.de\/de\/wp-json\/wp\/v2\/media?parent=55357"}],"wp:term":[{"taxonomy":"category","embeddable":true,"href":"https:\/\/www.dortmund.empack-messen.de\/de\/wp-json\/wp\/v2\/categories?post=55357"},{"taxonomy":"post_tag","embeddable":true,"href":"https:\/\/www.dortmund.empack-messen.de\/de\/wp-json\/wp\/v2\/tags?post=55357"},{"taxonomy":"edition","embeddable":true,"href":"https:\/\/www.dortmund.empack-messen.de\/de\/wp-json\/wp\/v2\/edition?post=55357"}],"curies":[{"name":"wp","href":"https:\/\/api.w.org\/{rel}","templated":true}]}}