{"id":54761,"date":"2024-03-06T10:01:54","date_gmt":"2024-03-06T09:01:54","guid":{"rendered":"https:\/\/www.dortmund.empack-messen.de\/?p=54761"},"modified":"2024-03-06T10:39:22","modified_gmt":"2024-03-06T09:39:22","slug":"verpackung-lesen-kostenfrei-2","status":"publish","type":"post","link":"https:\/\/www.dortmund.empack-messen.de\/de\/2024\/03\/06\/verpackung-lesen-kostenfrei-2\/","title":{"rendered":"VERPACKUNG LESEN &#8211; KOSTENFREI"},"content":{"rendered":"\t\t<div data-elementor-type=\"wp-post\" data-elementor-id=\"54761\" class=\"elementor elementor-54761\" data-elementor-post-type=\"post\">\n\t\t\t\t\t\t<section class=\"elementor-section elementor-top-section elementor-element elementor-element-47f5359b elementor-section-boxed elementor-section-height-default elementor-section-height-default\" data-id=\"47f5359b\" data-element_type=\"section\">\n\t\t\t\t\t\t<div class=\"elementor-container elementor-column-gap-default\">\n\t\t\t\t\t<div class=\"elementor-column elementor-col-100 elementor-top-column elementor-element elementor-element-68309c97\" data-id=\"68309c97\" data-element_type=\"column\">\n\t\t\t<div class=\"elementor-widget-wrap elementor-element-populated\">\n\t\t\t\t\t\t<div class=\"elementor-element elementor-element-3f661bd elementor-widget elementor-widget-theme-post-featured-image elementor-widget-image\" data-id=\"3f661bd\" data-element_type=\"widget\" data-widget_type=\"theme-post-featured-image.default\">\n\t\t\t\t<div class=\"elementor-widget-container\">\n\t\t\t\t\t\t\t\t\t\t\t\t\t\t\t<img fetchpriority=\"high\" decoding=\"async\" width=\"1253\" height=\"547\" src=\"https:\/\/easyfairsassets.com\/sites\/345\/2024\/03\/Screenshot_25-1.png\" class=\"attachment-full size-full wp-image-54777\" alt=\"\" srcset=\"https:\/\/easyfairsassets.com\/sites\/345\/2024\/03\/Screenshot_25-1.png 1253w, https:\/\/easyfairsassets.com\/sites\/345\/2024\/03\/Screenshot_25-1-300x131.png 300w, https:\/\/easyfairsassets.com\/sites\/345\/2024\/03\/Screenshot_25-1-1024x447.png 1024w, https:\/\/easyfairsassets.com\/sites\/345\/2024\/03\/Screenshot_25-1-768x335.png 768w\" sizes=\"(max-width: 1253px) 100vw, 1253px\" \/>\t\t\t\t\t\t\t\t\t\t\t\t\t\t\t<\/div>\n\t\t\t\t<\/div>\n\t\t\t\t<div class=\"elementor-element elementor-element-65a17049 elementor-widget elementor-widget-theme-post-title elementor-page-title elementor-widget-heading\" data-id=\"65a17049\" data-element_type=\"widget\" data-widget_type=\"theme-post-title.default\">\n\t\t\t\t<div class=\"elementor-widget-container\">\n\t\t\t\t\t<h1 class=\"elementor-heading-title elementor-size-large\">VERPACKUNG LESEN &#8211; KOSTENFREI<\/h1>\t\t\t\t<\/div>\n\t\t\t\t<\/div>\n\t\t\t\t\t<\/div>\n\t\t<\/div>\n\t\t\t\t\t<\/div>\n\t\t<\/section>\n\t\t\t\t<section class=\"elementor-section elementor-top-section elementor-element elementor-element-3d0d4618 elementor-section-boxed elementor-section-height-default elementor-section-height-default\" data-id=\"3d0d4618\" data-element_type=\"section\">\n\t\t\t\t\t\t<div class=\"elementor-container elementor-column-gap-default\">\n\t\t\t\t\t<div class=\"elementor-column elementor-col-100 elementor-top-column elementor-element elementor-element-19fa71ce\" data-id=\"19fa71ce\" data-element_type=\"column\">\n\t\t\t<div class=\"elementor-widget-wrap elementor-element-populated\">\n\t\t\t\t\t\t<div class=\"elementor-element elementor-element-3108685 elementor-widget elementor-widget-post-info\" data-id=\"3108685\" data-element_type=\"widget\" data-widget_type=\"post-info.default\">\n\t\t\t\t<div class=\"elementor-widget-container\">\n\t\t\t\t\t\t\t<ul class=\"elementor-inline-items elementor-icon-list-items elementor-post-info\">\n\t\t\t\t\t\t\t\t<li class=\"elementor-icon-list-item elementor-repeater-item-7148c75 elementor-inline-item\" itemprop=\"datePublished\">\n\t\t\t\t\t\t<a href=\"https:\/\/www.dortmund.empack-messen.de\/de\/2024\/03\/06\/\">\n\t\t\t\t\t\t\t\t\t\t\t<span class=\"elementor-icon-list-icon\">\n\t\t\t\t\t\t\t\t<i aria-hidden=\"true\" class=\"fas fa-calendar\"><\/i>\t\t\t\t\t\t\t<\/span>\n\t\t\t\t\t\t\t\t\t<span class=\"elementor-icon-list-text elementor-post-info__item elementor-post-info__item--type-date\">\n\t\t\t\t\t\t\t\t\t\t<time>6. M\u00e4rz 2024<\/time>\t\t\t\t\t<\/span>\n\t\t\t\t\t\t\t\t\t<\/a>\n\t\t\t\t<\/li>\n\t\t\t\t<li class=\"elementor-icon-list-item elementor-repeater-item-8fc826b elementor-inline-item\" itemprop=\"about\">\n\t\t\t\t\t\t\t\t\t\t<span class=\"elementor-icon-list-icon\">\n\t\t\t\t\t\t\t\t<i aria-hidden=\"true\" class=\"fas fa-tags\"><\/i>\t\t\t\t\t\t\t<\/span>\n\t\t\t\t\t\t\t\t\t<span class=\"elementor-icon-list-text elementor-post-info__item elementor-post-info__item--type-terms\">\n\t\t\t\t\t\t\t\t\t\t<span class=\"elementor-post-info__terms-list\">\n\t\t\t\t<a href=\"https:\/\/www.dortmund.empack-messen.de\/de\/category\/allgemein\/\" class=\"elementor-post-info__terms-list-item\">Allgemein<\/a>\t\t\t\t<\/span>\n\t\t\t\t\t<\/span>\n\t\t\t\t\t\t\t\t<\/li>\n\t\t\t\t<\/ul>\n\t\t\t\t\t\t<\/div>\n\t\t\t\t<\/div>\n\t\t\t\t<div class=\"elementor-element elementor-element-37d67e71 elementor-widget elementor-widget-text-editor\" data-id=\"37d67e71\" data-element_type=\"widget\" data-widget_type=\"text-editor.default\">\n\t\t\t\t<div class=\"elementor-widget-container\">\n\t\t\t\t\t\t\t\t\t<p><strong>ANZEIGE<\/strong><\/p>\t\t\t\t\t\t\t\t<\/div>\n\t\t\t\t<\/div>\n\t\t\t\t<div class=\"elementor-element elementor-element-74fd5132 elementor-widget elementor-widget-text-editor\" data-id=\"74fd5132\" data-element_type=\"widget\" data-widget_type=\"text-editor.default\">\n\t\t\t\t<div class=\"elementor-widget-container\">\n\t\t\t\t\t\t\t\t\t<p class=\"Text\">Das packaging journal ist eines der f\u00fchrenden Fachmagazine f\u00fcr die deutschsprachige Verpackungsbranche und begleitet den Markt seit \u00fcber 20 Jahren. Wie es sich f\u00fcr \u201edas moderne Verpackungsmagazin\u201c geh\u00f6rt, liefert das packaging journal aktuelle Meldungen, Hintergr\u00fcnde und Praxisberichte in den verschiedensten Darreichungsformen<\/p><p>\u00a0<\/p><p class=\"Text\">Gedruckt oder elektronisch: Kostenfrei lesen<\/p><p class=\"Text\">Als Sprachrohr der Branche soll das packaging journal so viele Entscheiderinnen und Entscheider erreichen, wie m\u00f6glich. Deswegen ist es f\u00fcr die Macher selbstverst\u00e4ndlich, dass Abonnements kostenfrei abgegeben werden. Wer sich hier online eintr\u00e4gt, erh\u00e4lt das Magazin jederzeit sofort nach Erscheinen als E-Paper oder von Zeit zu Zeit in der gedruckten Ausgabe frei Haus<br \/>Link: <a href=\"https:\/\/packaging-journal.de\/frei-abonnement\/\" target=\"_blank\" rel=\"noopener\">https:\/\/packaging-journal.de\/frei-abonnement\/<\/a><\/p><p>\u00a0<\/p><p class=\"Text\">Online die meisten Nachrichten<\/p><p class=\"Text\">Damit auch wirklich keine Branchen-News untergeht, liefert <a href=\"http:\/\/packaging-journal.de\"><span class=\"Hyperlink0\">packaging-journal.de<\/span><\/a> den ganzen Tag \u00fcber aktuelle Meldungen online. Und mit \u00fcber 22.000 Followern ist das Magazin bei LinkedIn die Nummer 1 der deutschsprachigen Verpackungsmagazine: <a href=\"https:\/\/www.linkedin.com\/company\/packaging-journal\/\" target=\"_blank\" rel=\"noopener\">https:\/\/www.linkedin.com\/company\/packaging-journal\/<\/a><\/p>\t\t\t\t\t\t\t\t<\/div>\n\t\t\t\t<\/div>\n\t\t\t\t\t<\/div>\n\t\t<\/div>\n\t\t\t\t\t<\/div>\n\t\t<\/section>\n\t\t\t\t<\/div>\n\t\t","protected":false},"excerpt":{"rendered":"<p>ANZEIGE<\/p>\n<p>Das packaging journal ist eines der f\u00fchrenden Fachmagazine f\u00fcr die deutschsprachige Verpackungsbranche und begleitet den Markt seit \u00fcber 20 Jahren. Wie es sich f\u00fcr \u201edas moderne Verpackungsmagazin\u201c geh\u00f6rt, liefert das packaging journal aktuelle Meldungen, Hintergr\u00fcnde und Praxisberichte in den verschiedensten Darreichungsformen<\/p>\n","protected":false},"author":855,"featured_media":54777,"comment_status":"open","ping_status":"open","sticky":false,"template":"","format":"standard","meta":{"_seopress_robots_primary_cat":"none","_seopress_titles_title":"VERPACKUNG LESEN - KOSTENFREI","_seopress_titles_desc":"ANZEIGE\r\nDas packaging journal ist eines der f\u00fchrenden Fachmagazine f\u00fcr die deutschsprachige Verpackungsbranche und begleitet den Markt seit \u00fcber 20 Jahren. Wie es sich f\u00fcr \u201edas moderne Verpackungsmagazin\u201c geh\u00f6rt, liefert das packaging journal aktuelle Meldungen, Hintergr\u00fcnde und Praxisberichte in den verschiedensten Darreichungsformen","_seopress_robots_index":"","footnotes":""},"categories":[299],"tags":[],"edition":[],"class_list":["post-54761","post","type-post","status-publish","format-standard","has-post-thumbnail","hentry","category-allgemein"],"_links":{"self":[{"href":"https:\/\/www.dortmund.empack-messen.de\/de\/wp-json\/wp\/v2\/posts\/54761","targetHints":{"allow":["GET"]}}],"collection":[{"href":"https:\/\/www.dortmund.empack-messen.de\/de\/wp-json\/wp\/v2\/posts"}],"about":[{"href":"https:\/\/www.dortmund.empack-messen.de\/de\/wp-json\/wp\/v2\/types\/post"}],"author":[{"embeddable":true,"href":"https:\/\/www.dortmund.empack-messen.de\/de\/wp-json\/wp\/v2\/users\/855"}],"replies":[{"embeddable":true,"href":"https:\/\/www.dortmund.empack-messen.de\/de\/wp-json\/wp\/v2\/comments?post=54761"}],"version-history":[{"count":0,"href":"https:\/\/www.dortmund.empack-messen.de\/de\/wp-json\/wp\/v2\/posts\/54761\/revisions"}],"wp:featuredmedia":[{"embeddable":true,"href":"https:\/\/www.dortmund.empack-messen.de\/de\/wp-json\/wp\/v2\/media\/54777"}],"wp:attachment":[{"href":"https:\/\/www.dortmund.empack-messen.de\/de\/wp-json\/wp\/v2\/media?parent=54761"}],"wp:term":[{"taxonomy":"category","embeddable":true,"href":"https:\/\/www.dortmund.empack-messen.de\/de\/wp-json\/wp\/v2\/categories?post=54761"},{"taxonomy":"post_tag","embeddable":true,"href":"https:\/\/www.dortmund.empack-messen.de\/de\/wp-json\/wp\/v2\/tags?post=54761"},{"taxonomy":"edition","embeddable":true,"href":"https:\/\/www.dortmund.empack-messen.de\/de\/wp-json\/wp\/v2\/edition?post=54761"}],"curies":[{"name":"wp","href":"https:\/\/api.w.org\/{rel}","templated":true}]}}