{"id":53756,"date":"2024-02-21T11:22:14","date_gmt":"2024-02-21T10:22:14","guid":{"rendered":"https:\/\/www.dortmund.empack-messen.de\/?p=53756"},"modified":"2024-02-21T11:22:17","modified_gmt":"2024-02-21T10:22:17","slug":"verpackungswerkstoffe-einfach-wachsen-lassen","status":"publish","type":"post","link":"https:\/\/www.dortmund.empack-messen.de\/de\/2024\/02\/21\/verpackungswerkstoffe-einfach-wachsen-lassen\/","title":{"rendered":"Verpackungswerkstoffe: Einfach wachsen lassen!"},"content":{"rendered":"\t\t<div data-elementor-type=\"wp-post\" data-elementor-id=\"53756\" class=\"elementor elementor-53756\" data-elementor-post-type=\"post\">\n\t\t\t\t\t\t<section class=\"elementor-section elementor-top-section elementor-element elementor-element-47f5359b elementor-section-boxed elementor-section-height-default elementor-section-height-default\" data-id=\"47f5359b\" data-element_type=\"section\">\n\t\t\t\t\t\t<div class=\"elementor-container elementor-column-gap-default\">\n\t\t\t\t\t<div class=\"elementor-column elementor-col-100 elementor-top-column elementor-element elementor-element-68309c97\" data-id=\"68309c97\" data-element_type=\"column\">\n\t\t\t<div class=\"elementor-widget-wrap elementor-element-populated\">\n\t\t\t\t\t\t<div class=\"elementor-element elementor-element-3f661bd elementor-widget elementor-widget-theme-post-featured-image elementor-widget-image\" data-id=\"3f661bd\" data-element_type=\"widget\" data-widget_type=\"theme-post-featured-image.default\">\n\t\t\t\t<div class=\"elementor-widget-container\">\n\t\t\t\t\t\t\t\t\t\t\t\t\t\t\t<img fetchpriority=\"high\" decoding=\"async\" width=\"909\" height=\"588\" src=\"https:\/\/easyfairsassets.com\/sites\/345\/2024\/02\/Screenshot_22.png\" class=\"attachment-full size-full wp-image-53773\" alt=\"\" srcset=\"https:\/\/easyfairsassets.com\/sites\/345\/2024\/02\/Screenshot_22.png 909w, https:\/\/easyfairsassets.com\/sites\/345\/2024\/02\/Screenshot_22-300x194.png 300w, https:\/\/easyfairsassets.com\/sites\/345\/2024\/02\/Screenshot_22-768x497.png 768w\" sizes=\"(max-width: 909px) 100vw, 909px\" \/>\t\t\t\t\t\t\t\t\t\t\t\t\t\t\t<\/div>\n\t\t\t\t<\/div>\n\t\t\t\t<div class=\"elementor-element elementor-element-65a17049 elementor-widget elementor-widget-theme-post-title elementor-page-title elementor-widget-heading\" data-id=\"65a17049\" data-element_type=\"widget\" data-widget_type=\"theme-post-title.default\">\n\t\t\t\t<div class=\"elementor-widget-container\">\n\t\t\t\t\t<h1 class=\"elementor-heading-title elementor-size-large\">Verpackungswerkstoffe: Einfach wachsen lassen!<\/h1>\t\t\t\t<\/div>\n\t\t\t\t<\/div>\n\t\t\t\t\t<\/div>\n\t\t<\/div>\n\t\t\t\t\t<\/div>\n\t\t<\/section>\n\t\t\t\t<section class=\"elementor-section elementor-top-section elementor-element elementor-element-3d0d4618 elementor-section-boxed elementor-section-height-default elementor-section-height-default\" data-id=\"3d0d4618\" data-element_type=\"section\">\n\t\t\t\t\t\t<div class=\"elementor-container elementor-column-gap-default\">\n\t\t\t\t\t<div class=\"elementor-column elementor-col-100 elementor-top-column elementor-element elementor-element-19fa71ce\" data-id=\"19fa71ce\" data-element_type=\"column\">\n\t\t\t<div class=\"elementor-widget-wrap elementor-element-populated\">\n\t\t\t\t\t\t<div class=\"elementor-element elementor-element-3108685 elementor-widget elementor-widget-post-info\" data-id=\"3108685\" data-element_type=\"widget\" data-widget_type=\"post-info.default\">\n\t\t\t\t<div class=\"elementor-widget-container\">\n\t\t\t\t\t\t\t<ul class=\"elementor-inline-items elementor-icon-list-items elementor-post-info\">\n\t\t\t\t\t\t\t\t<li class=\"elementor-icon-list-item elementor-repeater-item-7148c75 elementor-inline-item\" itemprop=\"datePublished\">\n\t\t\t\t\t\t<a href=\"https:\/\/www.dortmund.empack-messen.de\/de\/2024\/02\/21\/\">\n\t\t\t\t\t\t\t\t\t\t\t<span class=\"elementor-icon-list-icon\">\n\t\t\t\t\t\t\t\t<i aria-hidden=\"true\" class=\"fas fa-calendar\"><\/i>\t\t\t\t\t\t\t<\/span>\n\t\t\t\t\t\t\t\t\t<span class=\"elementor-icon-list-text elementor-post-info__item elementor-post-info__item--type-date\">\n\t\t\t\t\t\t\t\t\t\t<time>21. Februar 2024<\/time>\t\t\t\t\t<\/span>\n\t\t\t\t\t\t\t\t\t<\/a>\n\t\t\t\t<\/li>\n\t\t\t\t<li class=\"elementor-icon-list-item elementor-repeater-item-8fc826b elementor-inline-item\" itemprop=\"about\">\n\t\t\t\t\t\t\t\t\t\t<span class=\"elementor-icon-list-icon\">\n\t\t\t\t\t\t\t\t<i aria-hidden=\"true\" class=\"fas fa-tags\"><\/i>\t\t\t\t\t\t\t<\/span>\n\t\t\t\t\t\t\t\t\t<span class=\"elementor-icon-list-text elementor-post-info__item elementor-post-info__item--type-terms\">\n\t\t\t\t\t\t\t\t\t\t<span class=\"elementor-post-info__terms-list\">\n\t\t\t\t<a href=\"https:\/\/www.dortmund.empack-messen.de\/de\/category\/allgemein\/\" class=\"elementor-post-info__terms-list-item\">Allgemein<\/a>\t\t\t\t<\/span>\n\t\t\t\t\t<\/span>\n\t\t\t\t\t\t\t\t<\/li>\n\t\t\t\t<\/ul>\n\t\t\t\t\t\t<\/div>\n\t\t\t\t<\/div>\n\t\t\t\t<div class=\"elementor-element elementor-element-74fd5132 elementor-widget elementor-widget-text-editor\" data-id=\"74fd5132\" data-element_type=\"widget\" data-widget_type=\"text-editor.default\">\n\t\t\t\t<div class=\"elementor-widget-container\">\n\t\t\t\t\t\t\t\t\t<p>Wie wird man morgen Verpackungsmaterial herstellen? Kann es sich nicht ein-fach selbst produzieren? Das ist \u2013 sehr vereinfacht beschrieben \u2013 der Grundge-danke des niederl\u00e4ndischen Startups Grown Bio. Dabei ging es den Gr\u00fcndern gar nicht so sehr darum, den Arbeitsaufwand des Produzierens einzusparen. Viel-mehr sollten Werkstoffe zum Einsatz kommen, die einen deutlich geringeren CO2-Fu\u00dfabdruck aufweisen als Papier und Kunststoff.<\/p>\t\t\t\t\t\t\t\t<\/div>\n\t\t\t\t<\/div>\n\t\t\t\t\t<\/div>\n\t\t<\/div>\n\t\t\t\t\t<\/div>\n\t\t<\/section>\n\t\t\t\t<section class=\"elementor-section elementor-top-section elementor-element elementor-element-3eae54d5 elementor-section-boxed elementor-section-height-default elementor-section-height-default\" data-id=\"3eae54d5\" data-element_type=\"section\">\n\t\t\t\t\t\t<div class=\"elementor-container elementor-column-gap-default\">\n\t\t\t\t\t<div class=\"elementor-column elementor-col-100 elementor-top-column elementor-element elementor-element-5cea9372\" data-id=\"5cea9372\" data-element_type=\"column\">\n\t\t\t<div class=\"elementor-widget-wrap elementor-element-populated\">\n\t\t\t\t\t\t<div class=\"elementor-element elementor-element-32d8201a elementor-widget elementor-widget-text-editor\" data-id=\"32d8201a\" data-element_type=\"widget\" data-widget_type=\"text-editor.default\">\n\t\t\t\t<div class=\"elementor-widget-container\">\n\t\t\t\t\t\t\t\t\t<p>Die L\u00f6sung lautet: Mycel. Auf deutsch: Pilze. Mit \u201eMushroom Packaging\u201c hat Grown Bio ein Verfahren entwickelt (und den dazu passenden Pilz gefunden), um Kunststoffschaum \u2013 sprich: Styropor \u2013 durch einen bio-basierten Rohstoff zu ersetzen, der als Nebenprodukt der Landwirtschaft entsteht. So k\u00f6nnen robuste, gut sch\u00fctzende und vor allem au\u00dferordentlich nachhaltige Verpackungsl\u00f6sungen entstehen \u2013 im wahrsten Sinne des Wortes. Grown Bio hat daf\u00fcr den Ausdruck \u201eGIY\u201c gepr\u00e4gt: Grow it yourself. Und ist f\u00fcr diese Innovation mit dem Deutschen Nachhaltigkeitspreis 2023 in der Kategorie \u201eRohstoffindustrie\u201c ausgezeichnet worden.<\/p><p>Auf der n\u00e4chsten EMPACK in Dortmund (15.-16. Mai 2024) kann man den neuen Schutzverpackungs-Werkstoff \u00a0Vortrag anschauen und mit den Experten des Unternehmens sprechen.<\/p><p>Bei der Gelegenheit kann man auf der Messe auch andere besonders nachhaltige (Schutz-) Verpackungen kennenlernen \u2013 zum Beispiel auf dem Stand von <a href=\"https:\/\/bewi.com\/cellpack\/\" target=\"_blank\" rel=\"noopener\"><u>Bewi Cellpack<\/u><\/a>. Das Unternehmen entwickelt und fertigt sto\u00dfd\u00e4mpfende und fixierende Verpackungen aus Papierwabenplatten. Die Verpackung wird aus nat\u00fcrlichen Materialien hergestellt. Sie ist sehr leicht, wieder verwertbar, biologisch abbaubar und bis 75% komprimierbar.<\/p><p>\u00a0<\/p><p>Recyclingpapier ist die Basis f\u00fcr die Verpackungen, die<a href=\"https:\/\/www.leipa.com\/de\/start\" target=\"_blank\" rel=\"noopener\"><u> LEIPA<\/u><\/a> und <a href=\"https:\/\/www.papair.de\/\" target=\"_blank\" rel=\"noopener\"><u>Papair <\/u><\/a>entwickelt haben und auf der EMPACK vorstellen \u2013 als Alternative zur altbekannten Luftpolsterfolie. Die Innovation: Das Luftpolster besteht nicht aus Kunststoff, sondern zu 100% aus Recyclingpapier, und es wird mit einem innovativen und patentierten Fertigungsprozess ressourcenschonend hergestellt. Dabei kommen keine Kunst- oder Klebstoffe zum Einsatz, so dass es sich um ein Monomaterial mit besten Recyclingeigenschaften handelt.<\/p><p>\u00a0<\/p><p>Ein anderer EMPACK-Aussteller (in Dortmund und Hamburg), <a href=\"https:\/\/www.jade-pack.de\/\" target=\"_blank\" rel=\"noopener\"><u>Jade-Pack<\/u><\/a>, entwickelt und produziert neuartige und grunds\u00e4tzlich recyclingf\u00e4hige faserbasierte Laminate f\u00fcr Lebensmittelverpackungen und Industrieanwendungen. Diese Werkstoffe \u00a0haben einen hohen Recyclinganteil im Kern, und sie erreichen die erforderliche technische Funktion ohne oder mit extrem geringem Polymereinsatz. So k\u00f6nnen PE und PET weitgehend durch faserbasierte Werkstoffe ersetzt werden. Auf der produktber\u00fchrenden Seite kommen ultrad\u00fcnne Monofolien in Verbindung mit wasserbasierten Dispersionen zum Einsatz.<\/p><p>\u00a0<\/p><p>Die vier Beispiele zeigen: Es gibt viele M\u00f6glichkeiten, \u201eklassische\u201c Verpackungswerkstoffe (das hei\u00dft: Kunststoffe) durch andere Materialien zu substituieren. Alternativ kann man auch Kunststoff-Rezklate verwenden. Und im (aus Umweltsicht) besten Fall macht man es wie Grown Bio: Man l\u00e4sst die ganz nat\u00fcrlichen Werkstoffe einfach von selbst wachsen und macht dann Verpackungen daraus.<\/p>\t\t\t\t\t\t\t\t<\/div>\n\t\t\t\t<\/div>\n\t\t\t\t\t<\/div>\n\t\t<\/div>\n\t\t\t\t\t<\/div>\n\t\t<\/section>\n\t\t\t\t<\/div>\n\t\t","protected":false},"excerpt":{"rendered":"<p>Wie wird man morgen Verpackungsmaterial herstellen? Kann es sich nicht ein-fach selbst produzieren? Das ist \u2013 sehr vereinfacht beschrieben \u2013 der Grundge-danke des niederl\u00e4ndischen Startups Grown Bio. Dabei ging es den Gr\u00fcndern gar nicht so sehr darum, den Arbeitsaufwand des Produzierens einzusparen. Viel-mehr sollten Werkstoffe zum Einsatz kommen, die einen deutlich geringeren CO2-Fu\u00dfabdruck aufweisen als Papier und Kunststoff.<\/p>\n","protected":false},"author":855,"featured_media":53773,"comment_status":"open","ping_status":"open","sticky":false,"template":"","format":"standard","meta":{"_seopress_robots_primary_cat":"none","_seopress_titles_title":"Verpackungswerkstoffe: Einfach wachsen lassen!","_seopress_titles_desc":"Wie wird man morgen Verpackungsmaterial herstellen? Kann es sich nicht ein-fach selbst produzieren? Das ist \u2013 sehr vereinfacht beschrieben \u2013 der Grundge-danke des niederl\u00e4ndischen Startups Grown Bio. Dabei ging es den Gr\u00fcndern gar nicht so sehr darum, den Arbeitsaufwand des Produzierens einzusparen. Viel-mehr sollten Werkstoffe zum Einsatz kommen, die einen deutlich geringeren CO2-Fu\u00dfabdruck aufweisen als Papier und Kunststoff.","_seopress_robots_index":"","footnotes":""},"categories":[299],"tags":[],"edition":[],"class_list":["post-53756","post","type-post","status-publish","format-standard","has-post-thumbnail","hentry","category-allgemein"],"_links":{"self":[{"href":"https:\/\/www.dortmund.empack-messen.de\/de\/wp-json\/wp\/v2\/posts\/53756","targetHints":{"allow":["GET"]}}],"collection":[{"href":"https:\/\/www.dortmund.empack-messen.de\/de\/wp-json\/wp\/v2\/posts"}],"about":[{"href":"https:\/\/www.dortmund.empack-messen.de\/de\/wp-json\/wp\/v2\/types\/post"}],"author":[{"embeddable":true,"href":"https:\/\/www.dortmund.empack-messen.de\/de\/wp-json\/wp\/v2\/users\/855"}],"replies":[{"embeddable":true,"href":"https:\/\/www.dortmund.empack-messen.de\/de\/wp-json\/wp\/v2\/comments?post=53756"}],"version-history":[{"count":0,"href":"https:\/\/www.dortmund.empack-messen.de\/de\/wp-json\/wp\/v2\/posts\/53756\/revisions"}],"wp:featuredmedia":[{"embeddable":true,"href":"https:\/\/www.dortmund.empack-messen.de\/de\/wp-json\/wp\/v2\/media\/53773"}],"wp:attachment":[{"href":"https:\/\/www.dortmund.empack-messen.de\/de\/wp-json\/wp\/v2\/media?parent=53756"}],"wp:term":[{"taxonomy":"category","embeddable":true,"href":"https:\/\/www.dortmund.empack-messen.de\/de\/wp-json\/wp\/v2\/categories?post=53756"},{"taxonomy":"post_tag","embeddable":true,"href":"https:\/\/www.dortmund.empack-messen.de\/de\/wp-json\/wp\/v2\/tags?post=53756"},{"taxonomy":"edition","embeddable":true,"href":"https:\/\/www.dortmund.empack-messen.de\/de\/wp-json\/wp\/v2\/edition?post=53756"}],"curies":[{"name":"wp","href":"https:\/\/api.w.org\/{rel}","templated":true}]}}