{"id":5117,"date":"2020-08-26T08:39:22","date_gmt":"2020-08-26T06:39:22","guid":{"rendered":"https:\/\/www.dortmund.empack-messen.de\/?p=5117"},"modified":"2021-01-27T15:34:15","modified_gmt":"2021-01-27T14:34:15","slug":"fuenf-monate-ohne-industriemessen-zwischenbilanz-und-blick-nach-vorn","status":"publish","type":"post","link":"https:\/\/www.dortmund.empack-messen.de\/de\/2020\/08\/26\/fuenf-monate-ohne-industriemessen-zwischenbilanz-und-blick-nach-vorn\/","title":{"rendered":"F\u00fcnf Monate ohne Industriemessen \u2013 Zwischenbilanz und Blick nach vorn"},"content":{"rendered":"\t\t<div data-elementor-type=\"wp-post\" data-elementor-id=\"5117\" class=\"elementor elementor-5117\" data-elementor-post-type=\"post\">\n\t\t\t\t\t\t<section class=\"elementor-section elementor-top-section elementor-element elementor-element-36298365 elementor-section-boxed elementor-section-height-default elementor-section-height-default\" data-id=\"36298365\" data-element_type=\"section\">\n\t\t\t\t\t\t<div class=\"elementor-container elementor-column-gap-default\">\n\t\t\t\t\t<div class=\"elementor-column elementor-col-100 elementor-top-column elementor-element elementor-element-5d6b9ee0\" data-id=\"5d6b9ee0\" data-element_type=\"column\">\n\t\t\t<div class=\"elementor-widget-wrap elementor-element-populated\">\n\t\t\t\t\t\t<div class=\"elementor-element elementor-element-5d1849e elementor-widget elementor-widget-spacer\" data-id=\"5d1849e\" data-element_type=\"widget\" data-widget_type=\"spacer.default\">\n\t\t\t\t<div class=\"elementor-widget-container\">\n\t\t\t\t\t\t\t<div class=\"elementor-spacer\">\n\t\t\t<div class=\"elementor-spacer-inner\"><\/div>\n\t\t<\/div>\n\t\t\t\t\t\t<\/div>\n\t\t\t\t<\/div>\n\t\t\t\t<div class=\"elementor-element elementor-element-730aacd elementor-widget elementor-widget-theme-post-featured-image elementor-widget-image\" data-id=\"730aacd\" data-element_type=\"widget\" data-widget_type=\"theme-post-featured-image.default\">\n\t\t\t\t<div class=\"elementor-widget-container\">\n\t\t\t\t\t\t\t\t\t\t\t\t\t\t\t<img fetchpriority=\"high\" decoding=\"async\" width=\"1920\" height=\"676\" src=\"https:\/\/easyfairsassets.com\/sites\/345\/2020\/08\/Bild_Blog_Beitrag_1-e1598364112435.jpeg\" class=\"attachment-full size-full wp-image-5124\" alt=\"\" srcset=\"https:\/\/easyfairsassets.com\/sites\/345\/2020\/08\/Bild_Blog_Beitrag_1-e1598364112435.jpeg 1920w, https:\/\/easyfairsassets.com\/sites\/345\/2020\/08\/Bild_Blog_Beitrag_1-e1598364112435-300x106.jpeg 300w, https:\/\/easyfairsassets.com\/sites\/345\/2020\/08\/Bild_Blog_Beitrag_1-e1598364112435-1024x361.jpeg 1024w, https:\/\/easyfairsassets.com\/sites\/345\/2020\/08\/Bild_Blog_Beitrag_1-e1598364112435-768x270.jpeg 768w, https:\/\/easyfairsassets.com\/sites\/345\/2020\/08\/Bild_Blog_Beitrag_1-e1598364112435-1536x541.jpeg 1536w, https:\/\/easyfairsassets.com\/sites\/345\/2020\/08\/Bild_Blog_Beitrag_1-e1598364112435-1220x430.jpeg 1220w\" sizes=\"(max-width: 1920px) 100vw, 1920px\" \/>\t\t\t\t\t\t\t\t\t\t\t\t\t\t\t<\/div>\n\t\t\t\t<\/div>\n\t\t\t\t<div class=\"elementor-element elementor-element-2b87b14c elementor-widget elementor-widget-spacer\" data-id=\"2b87b14c\" data-element_type=\"widget\" data-widget_type=\"spacer.default\">\n\t\t\t\t<div class=\"elementor-widget-container\">\n\t\t\t\t\t\t\t<div class=\"elementor-spacer\">\n\t\t\t<div class=\"elementor-spacer-inner\"><\/div>\n\t\t<\/div>\n\t\t\t\t\t\t<\/div>\n\t\t\t\t<\/div>\n\t\t\t\t<div class=\"elementor-element elementor-element-5fcf2e9 elementor-widget elementor-widget-theme-post-title elementor-page-title elementor-widget-heading\" data-id=\"5fcf2e9\" data-element_type=\"widget\" data-widget_type=\"theme-post-title.default\">\n\t\t\t\t<div class=\"elementor-widget-container\">\n\t\t\t\t\t<h1 class=\"elementor-heading-title elementor-size-large\">F\u00fcnf Monate ohne Industriemessen \u2013 Zwischenbilanz und Blick nach vorn<\/h1>\t\t\t\t<\/div>\n\t\t\t\t<\/div>\n\t\t\t\t<div class=\"elementor-element elementor-element-abc5aa6 elementor-widget elementor-widget-post-info\" data-id=\"abc5aa6\" data-element_type=\"widget\" data-widget_type=\"post-info.default\">\n\t\t\t\t<div class=\"elementor-widget-container\">\n\t\t\t\t\t\t\t<ul class=\"elementor-inline-items elementor-icon-list-items elementor-post-info\">\n\t\t\t\t\t\t\t\t<li class=\"elementor-icon-list-item elementor-repeater-item-7148c75 elementor-inline-item\" itemprop=\"datePublished\">\n\t\t\t\t\t\t<a href=\"https:\/\/www.dortmund.empack-messen.de\/de\/2020\/08\/26\/\">\n\t\t\t\t\t\t\t\t\t\t\t<span class=\"elementor-icon-list-icon\">\n\t\t\t\t\t\t\t\t<i aria-hidden=\"true\" class=\"fas fa-calendar\"><\/i>\t\t\t\t\t\t\t<\/span>\n\t\t\t\t\t\t\t\t\t<span class=\"elementor-icon-list-text elementor-post-info__item elementor-post-info__item--type-date\">\n\t\t\t\t\t\t\t\t\t\t<time>26. August 2020<\/time>\t\t\t\t\t<\/span>\n\t\t\t\t\t\t\t\t\t<\/a>\n\t\t\t\t<\/li>\n\t\t\t\t<li class=\"elementor-icon-list-item elementor-repeater-item-8fc826b elementor-inline-item\" itemprop=\"about\">\n\t\t\t\t\t\t\t\t\t\t<span class=\"elementor-icon-list-icon\">\n\t\t\t\t\t\t\t\t<i aria-hidden=\"true\" class=\"fas fa-tags\"><\/i>\t\t\t\t\t\t\t<\/span>\n\t\t\t\t\t\t\t\t\t<span class=\"elementor-icon-list-text elementor-post-info__item elementor-post-info__item--type-terms\">\n\t\t\t\t\t\t\t\t\t\t<span class=\"elementor-post-info__terms-list\">\n\t\t\t\t<a href=\"https:\/\/www.dortmund.empack-messen.de\/de\/category\/allgemein\/\" class=\"elementor-post-info__terms-list-item\">Allgemein<\/a>\t\t\t\t<\/span>\n\t\t\t\t\t<\/span>\n\t\t\t\t\t\t\t\t<\/li>\n\t\t\t\t<\/ul>\n\t\t\t\t\t\t<\/div>\n\t\t\t\t<\/div>\n\t\t\t\t<div class=\"elementor-element elementor-element-3e2671c9 elementor-widget elementor-widget-spacer\" data-id=\"3e2671c9\" data-element_type=\"widget\" data-widget_type=\"spacer.default\">\n\t\t\t\t<div class=\"elementor-widget-container\">\n\t\t\t\t\t\t\t<div class=\"elementor-spacer\">\n\t\t\t<div class=\"elementor-spacer-inner\"><\/div>\n\t\t<\/div>\n\t\t\t\t\t\t<\/div>\n\t\t\t\t<\/div>\n\t\t\t\t\t<\/div>\n\t\t<\/div>\n\t\t\t\t\t<\/div>\n\t\t<\/section>\n\t\t\t\t<section class=\"elementor-section elementor-top-section elementor-element elementor-element-1597a511 elementor-section-boxed elementor-section-height-default elementor-section-height-default\" data-id=\"1597a511\" data-element_type=\"section\">\n\t\t\t\t\t\t<div class=\"elementor-container elementor-column-gap-default\">\n\t\t\t\t\t<div class=\"elementor-column elementor-col-100 elementor-top-column elementor-element elementor-element-30fbe9cb\" data-id=\"30fbe9cb\" data-element_type=\"column\">\n\t\t\t<div class=\"elementor-widget-wrap elementor-element-populated\">\n\t\t\t\t\t\t<div class=\"elementor-element elementor-element-32961cd0 elementor-widget elementor-widget-text-editor\" data-id=\"32961cd0\" data-element_type=\"widget\" data-widget_type=\"text-editor.default\">\n\t\t\t\t<div class=\"elementor-widget-container\">\n\t\t\t\t\t\t\t\t\t<p>Das war und ist ein \u2013 wenn auch unfreiwilliges \u2013&nbsp;<b>Experiment von gro\u00dfer Tragweite<\/b>: die Industrie ohne Messebetrieb. In den Monaten M\u00e4rz bis Juli 2020 hat keine bedeutende Messe mehr stattgefunden.<\/p>\n<p>Inzwischen ist es wieder erlaubt, Messen zu veranstalten, denn sie sind keine Gro\u00dfveranstaltungen im Sinne der Corona-Schutzverordnung.&nbsp;<b>Es geht also (bald) wieder los.&nbsp;<\/b>Darauf freuen sich Messeveranstalter, Messebauer, Caterer, die Event-Branche\u2026 \u2013 und nat\u00fcrlich die Aussteller und Besucher.<\/p>\n<p>In dieser Situation stellen sich die Fragen:&nbsp;<b>Wie werden die Messe in der \u201ePost-Pandemie-Zeit\u201c aussehen?&nbsp;<\/b>Worauf m\u00fcssen und sollen sich die Akteure einstellen? Und, noch grunds\u00e4tzlicher und ketzerisch gefragt:&nbsp;<b>Wie hat man die Messepause erlebt?<\/b>&nbsp;Braucht man in Zukunft \u00fcberhaupt noch Industriemessen?<\/p>\n<p>Hierzu f\u00fcnf Thesen.<\/p>\t\t\t\t\t\t\t\t<\/div>\n\t\t\t\t<\/div>\n\t\t\t\t<div class=\"elementor-element elementor-element-37d3bba2 elementor-widget elementor-widget-heading\" data-id=\"37d3bba2\" data-element_type=\"widget\" data-widget_type=\"heading.default\">\n\t\t\t\t<div class=\"elementor-widget-container\">\n\t\t\t\t\t<h2 class=\"elementor-heading-title elementor-size-large\">1. Messen geh\u00f6ren in den Marketing-Mix \u2013 auch in Zukunft.<\/h2>\t\t\t\t<\/div>\n\t\t\t\t<\/div>\n\t\t\t\t<div class=\"elementor-element elementor-element-50840ed elementor-widget elementor-widget-text-editor\" data-id=\"50840ed\" data-element_type=\"widget\" data-widget_type=\"text-editor.default\">\n\t\t\t\t<div class=\"elementor-widget-container\">\n\t\t\t\t\t\t\t\t\t<p>Viele Gespr\u00e4che, die wir als Messeveranstalter f\u00fchren, zeigen ganz eindeutig:\u00a0<b>Aussteller und Besucher vermissen \u201eihre\u201c Messen.\u00a0<\/b>Viele Aussteller kommunizieren zurzeit verst\u00e4rkt direkt mit ihren Kunden. Sie versenden Newsletters und bauen ihre Online-Pr\u00e4senz aus. Damit erreichen sie aber haupts\u00e4chlich das bekannte Kundenpotenzial. Ganz neue Interessenten zu gewinnen und neue M\u00e4rkte zu erschlie\u00dfen, ist auf diese Weise nur eingeschr\u00e4nkt m\u00f6glich. Hier sind\u00a0<b>Messen kaum zu ersetzen.<\/b><\/p>\t\t\t\t\t\t\t\t<\/div>\n\t\t\t\t<\/div>\n\t\t\t\t<div class=\"elementor-element elementor-element-5853430a elementor-widget elementor-widget-heading\" data-id=\"5853430a\" data-element_type=\"widget\" data-widget_type=\"heading.default\">\n\t\t\t\t<div class=\"elementor-widget-container\">\n\t\t\t\t\t<h2 class=\"elementor-heading-title elementor-size-large\">2. Es gibt Vorbehalte\u2026,<\/h2>\t\t\t\t<\/div>\n\t\t\t\t<\/div>\n\t\t\t\t<div class=\"elementor-element elementor-element-2d8db19 elementor-widget elementor-widget-text-editor\" data-id=\"2d8db19\" data-element_type=\"widget\" data-widget_type=\"text-editor.default\">\n\t\t\t\t<div class=\"elementor-widget-container\">\n\t\t\t\t\t\t\t\t\t<p>Die Lage ist komplex. Messen d\u00fcrfen stattfinden, die Veranstalter haben\u00a0<b>Hygienekonzepte<\/b>\u00a0erarbeitet. Manche Aussteller von internationalen Gro\u00dfmessen sind aber skeptisch und k\u00fcndigen in diesen Wochen offen ihre Messeabsagen f\u00fcr den Herbst an. Die Gr\u00fcnde: Sie m\u00f6chten ihre Mitarbeiter nicht gef\u00e4hrden. Und sie bef\u00fcrchten, dass Besucher ausbleiben, weil die Arbeitgeber ihre Mitarbeiter \u2013 ebenfalls\u00a0<b>aus Gr\u00fcnden des Gesundheitsschutzes<\/b>\u00a0\u2013 nicht reisen lassen.<\/p>\t\t\t\t\t\t\t\t<\/div>\n\t\t\t\t<\/div>\n\t\t\t\t<div class=\"elementor-element elementor-element-11709292 elementor-widget elementor-widget-heading\" data-id=\"11709292\" data-element_type=\"widget\" data-widget_type=\"heading.default\">\n\t\t\t\t<div class=\"elementor-widget-container\">\n\t\t\t\t\t<h2 class=\"elementor-heading-title elementor-size-large\">3. \u2026 die auch berechtigt sind.<\/h2>\t\t\t\t<\/div>\n\t\t\t\t<\/div>\n\t\t\t\t<div class=\"elementor-element elementor-element-43840287 elementor-widget elementor-widget-text-editor\" data-id=\"43840287\" data-element_type=\"widget\" data-widget_type=\"text-editor.default\">\n\t\t\t\t<div class=\"elementor-widget-container\">\n\t\t\t\t\t\t\t\t\t<p>Diese Vorbehalte kann man nicht vom Tisch wischen. Werden viele Fachbesucher aus Asien und Amerika zu den internationalen Fachmessen str\u00f6men, die f\u00fcr den Herbst an den deutschen Messepl\u00e4tzen geplant sind? Wie viele Aussteller und Besucher werden kommen? Wie wird die erste internationale \u201ePost-Corona-Industriemesse\u201c aussehen und sich anf\u00fchlen?\u00a0<b>Die Antworten stehen noch aus.<\/b><\/p>\t\t\t\t\t\t\t\t<\/div>\n\t\t\t\t<\/div>\n\t\t\t\t<div class=\"elementor-element elementor-element-bc49a16 elementor-widget elementor-widget-heading\" data-id=\"bc49a16\" data-element_type=\"widget\" data-widget_type=\"heading.default\">\n\t\t\t\t<div class=\"elementor-widget-container\">\n\t\t\t\t\t<h2 class=\"elementor-heading-title elementor-size-large\">4. Die Industrie braucht Messen.<\/h2>\t\t\t\t<\/div>\n\t\t\t\t<\/div>\n\t\t\t\t<div class=\"elementor-element elementor-element-246f3bd elementor-widget elementor-widget-text-editor\" data-id=\"246f3bd\" data-element_type=\"widget\" data-widget_type=\"text-editor.default\">\n\t\t\t\t<div class=\"elementor-widget-container\">\n\t\t\t\t\t\t\t\t\t<p>Alles w\u00e4re einfacher, wenn es eine gleichwertige Alternative zu Messen g\u00e4be: eine M\u00f6glichkeit,&nbsp;<b>konzentriert und kompakt<\/b>&nbsp;ganz neue&nbsp;<b>Unternehmen, Produkte, Zulieferer, Kunden<\/b>\u2026 kennenzulernen und sich ein umfassendes Bild von ihnen zu machen. Oder, noch besser: ganz \u00fcberraschend auf eine echte&nbsp;<b>Innovation<\/b>&nbsp;oder einen leistungsf\u00e4higen potenziellen Zulieferer\/ Kunden zu treffen. Eine solche&nbsp;<b>Alternative ist nicht in Sicht<\/b>. Auch die virtuellen Messen und \u201eShowrooms\u201c k\u00f6nnen die Live-Messen nicht ersetzen. Kurz gesagt: Da fehlt etwas in der Industriekommunikation.<\/p>\t\t\t\t\t\t\t\t<\/div>\n\t\t\t\t<\/div>\n\t\t\t\t<div class=\"elementor-element elementor-element-bb4bbfc elementor-widget elementor-widget-heading\" data-id=\"bb4bbfc\" data-element_type=\"widget\" data-widget_type=\"heading.default\">\n\t\t\t\t<div class=\"elementor-widget-container\">\n\t\t\t\t\t<h2 class=\"elementor-heading-title elementor-size-large\">5. \u201eThink smaller\u201c<\/h2>\t\t\t\t<\/div>\n\t\t\t\t<\/div>\n\t\t\t\t<div class=\"elementor-element elementor-element-e6912b7 elementor-widget elementor-widget-text-editor\" data-id=\"e6912b7\" data-element_type=\"widget\" data-widget_type=\"text-editor.default\">\n\t\t\t\t<div class=\"elementor-widget-container\">\n\t\t\t\t\t\t\t\t\t<p><b>Die Industriemessen werden eindeutig vermisst<\/b>\u00a0\u2013 von Ausstellern und von Besuchern. Bei den gro\u00dfen internationalen Messen gibt es jedoch Vorbehalte und Unsicherheiten. Das ist die Lage.\u00a0<b>Die logische L\u00f6sung<\/b>: In dieser Situation sind\u00a0<b>kleinere, \u00fcberschaubare Messen<\/b>\u00a0eher m\u00f6glich und von Ausstellern wie Besuchern akzeptiert. Das k\u00f6nnen Branchenmessen sein oder Industriemessen mit regionalem Zuschnitt. Bei solchen Messen lassen sich\u00a0<b>Hygienekonzepte einfacher umsetzen\u00a0<\/b>und\u00a0<b>Reisen werden minimiert<\/b>. Das Konzept passt sogar zum aktuellen\u00a0<b>Trend, die Lieferketten neu, d.h. robuster zu strukturieren\u00a0<\/b>und dabei\u00a0<b>verst\u00e4rkt regionale Anbieter\u00a0<\/b>einzubeziehen. Corona hat auch gezeigt, wie instabil \u201eGlobal Sourcing\u201c sein kann. Es ist sehr wahrscheinlich, dass die Industrie mit solchen Konzepten ins \u201epostpandemische\u201c Messebusiness startet.<\/p><p><b>Wie eine solche Messe konkret aussehen kann?<\/b>\u00a0Ideen und Vorschl\u00e4ge hierzu im n\u00e4chsten Blog-Beitrag!<\/p>\t\t\t\t\t\t\t\t<\/div>\n\t\t\t\t<\/div>\n\t\t\t\t\t<\/div>\n\t\t<\/div>\n\t\t\t\t\t<\/div>\n\t\t<\/section>\n\t\t\t\t<section class=\"elementor-section elementor-top-section elementor-element elementor-element-1643fcb5 elementor-section-boxed elementor-section-height-default elementor-section-height-default\" data-id=\"1643fcb5\" data-element_type=\"section\">\n\t\t\t\t\t\t<div class=\"elementor-container elementor-column-gap-default\">\n\t\t\t\t\t<div class=\"elementor-column elementor-col-100 elementor-top-column elementor-element elementor-element-2b0a5918\" data-id=\"2b0a5918\" data-element_type=\"column\">\n\t\t\t<div class=\"elementor-widget-wrap elementor-element-populated\">\n\t\t\t\t\t\t<div class=\"elementor-element elementor-element-7ee470cf elementor-widget elementor-widget-spacer\" data-id=\"7ee470cf\" data-element_type=\"widget\" data-widget_type=\"spacer.default\">\n\t\t\t\t<div class=\"elementor-widget-container\">\n\t\t\t\t\t\t\t<div class=\"elementor-spacer\">\n\t\t\t<div class=\"elementor-spacer-inner\"><\/div>\n\t\t<\/div>\n\t\t\t\t\t\t<\/div>\n\t\t\t\t<\/div>\n\t\t\t\t<div class=\"elementor-element elementor-element-301da407 elementor-widget-divider--view-line elementor-widget elementor-widget-divider\" data-id=\"301da407\" data-element_type=\"widget\" data-widget_type=\"divider.default\">\n\t\t\t\t<div class=\"elementor-widget-container\">\n\t\t\t\t\t\t\t<div class=\"elementor-divider\">\n\t\t\t<span class=\"elementor-divider-separator\">\n\t\t\t\t\t\t<\/span>\n\t\t<\/div>\n\t\t\t\t\t\t<\/div>\n\t\t\t\t<\/div>\n\t\t\t\t<section class=\"elementor-section elementor-inner-section elementor-element elementor-element-11e5a6be elementor-section-content-middle elementor-section-boxed elementor-section-height-default elementor-section-height-default\" data-id=\"11e5a6be\" data-element_type=\"section\">\n\t\t\t\t\t\t<div class=\"elementor-container elementor-column-gap-default\">\n\t\t\t\t\t<div class=\"elementor-column elementor-col-50 elementor-inner-column elementor-element elementor-element-25e20620\" data-id=\"25e20620\" data-element_type=\"column\">\n\t\t\t<div class=\"elementor-widget-wrap elementor-element-populated\">\n\t\t\t\t\t\t<div class=\"elementor-element elementor-element-32e47385 elementor-widget__width-auto elementor-widget elementor-widget-heading\" data-id=\"32e47385\" data-element_type=\"widget\" data-widget_type=\"heading.default\">\n\t\t\t\t<div class=\"elementor-widget-container\">\n\t\t\t\t\t<h3 class=\"elementor-heading-title elementor-size-medium\">Beitrag teilen:<\/h3>\t\t\t\t<\/div>\n\t\t\t\t<\/div>\n\t\t\t\t\t<\/div>\n\t\t<\/div>\n\t\t\t\t<div class=\"elementor-column elementor-col-50 elementor-inner-column elementor-element elementor-element-22f40a1\" data-id=\"22f40a1\" data-element_type=\"column\">\n\t\t\t<div class=\"elementor-widget-wrap elementor-element-populated\">\n\t\t\t\t\t\t<div class=\"elementor-element elementor-element-58efe02a elementor-share-buttons--skin-flat elementor-share-buttons--shape-rounded elementor-share-buttons--view-icon-text elementor-grid-0 elementor-share-buttons--color-official elementor-widget elementor-widget-share-buttons\" data-id=\"58efe02a\" data-element_type=\"widget\" data-widget_type=\"share-buttons.default\">\n\t\t\t\t<div class=\"elementor-widget-container\">\n\t\t\t\t\t\t\t<div class=\"elementor-grid\" role=\"list\">\n\t\t\t\t\t\t\t\t<div class=\"elementor-grid-item\" role=\"listitem\">\n\t\t\t\t\t\t<div class=\"elementor-share-btn elementor-share-btn_linkedin\" role=\"button\" tabindex=\"0\" aria-label=\"Share on linkedin\">\n\t\t\t\t\t\t\t\t\t\t\t\t\t\t\t<span class=\"elementor-share-btn__icon\">\n\t\t\t\t\t\t\t\t<i class=\"fab fa-linkedin\" aria-hidden=\"true\"><\/i>\t\t\t\t\t\t\t<\/span>\n\t\t\t\t\t\t\t\t\t\t\t\t\t\t\t\t\t\t\t\t\t\t<div class=\"elementor-share-btn__text\">\n\t\t\t\t\t\t\t\t\t\t\t\t\t\t\t\t\t\t\t<span class=\"elementor-share-btn__title\">\n\t\t\t\t\t\t\t\t\t\tLinkedIn\t\t\t\t\t\t\t\t\t<\/span>\n\t\t\t\t\t\t\t\t\t\t\t\t\t\t\t\t\t<\/div>\n\t\t\t\t\t\t\t\t\t\t\t\t\t<\/div>\n\t\t\t\t\t<\/div>\n\t\t\t\t\t\t\t\t\t<div class=\"elementor-grid-item\" role=\"listitem\">\n\t\t\t\t\t\t<div class=\"elementor-share-btn elementor-share-btn_facebook\" role=\"button\" tabindex=\"0\" aria-label=\"Share on facebook\">\n\t\t\t\t\t\t\t\t\t\t\t\t\t\t\t<span class=\"elementor-share-btn__icon\">\n\t\t\t\t\t\t\t\t<i class=\"fab fa-facebook\" aria-hidden=\"true\"><\/i>\t\t\t\t\t\t\t<\/span>\n\t\t\t\t\t\t\t\t\t\t\t\t\t\t\t\t\t\t\t\t\t\t<div class=\"elementor-share-btn__text\">\n\t\t\t\t\t\t\t\t\t\t\t\t\t\t\t\t\t\t\t<span class=\"elementor-share-btn__title\">\n\t\t\t\t\t\t\t\t\t\tFacebook\t\t\t\t\t\t\t\t\t<\/span>\n\t\t\t\t\t\t\t\t\t\t\t\t\t\t\t\t\t<\/div>\n\t\t\t\t\t\t\t\t\t\t\t\t\t<\/div>\n\t\t\t\t\t<\/div>\n\t\t\t\t\t\t\t\t\t<div class=\"elementor-grid-item\" role=\"listitem\">\n\t\t\t\t\t\t<div class=\"elementor-share-btn elementor-share-btn_twitter\" role=\"button\" tabindex=\"0\" aria-label=\"Share on twitter\">\n\t\t\t\t\t\t\t\t\t\t\t\t\t\t\t<span class=\"elementor-share-btn__icon\">\n\t\t\t\t\t\t\t\t<i class=\"fab fa-twitter\" aria-hidden=\"true\"><\/i>\t\t\t\t\t\t\t<\/span>\n\t\t\t\t\t\t\t\t\t\t\t\t\t\t\t\t\t\t\t\t\t\t<div class=\"elementor-share-btn__text\">\n\t\t\t\t\t\t\t\t\t\t\t\t\t\t\t\t\t\t\t<span class=\"elementor-share-btn__title\">\n\t\t\t\t\t\t\t\t\t\tTwitter\t\t\t\t\t\t\t\t\t<\/span>\n\t\t\t\t\t\t\t\t\t\t\t\t\t\t\t\t\t<\/div>\n\t\t\t\t\t\t\t\t\t\t\t\t\t<\/div>\n\t\t\t\t\t<\/div>\n\t\t\t\t\t\t\t\t\t<div class=\"elementor-grid-item\" role=\"listitem\">\n\t\t\t\t\t\t<div class=\"elementor-share-btn elementor-share-btn_xing\" role=\"button\" tabindex=\"0\" aria-label=\"Share on xing\">\n\t\t\t\t\t\t\t\t\t\t\t\t\t\t\t<span class=\"elementor-share-btn__icon\">\n\t\t\t\t\t\t\t\t<i class=\"fab fa-xing\" aria-hidden=\"true\"><\/i>\t\t\t\t\t\t\t<\/span>\n\t\t\t\t\t\t\t\t\t\t\t\t\t\t\t\t\t\t\t\t\t\t<div class=\"elementor-share-btn__text\">\n\t\t\t\t\t\t\t\t\t\t\t\t\t\t\t\t\t\t\t<span class=\"elementor-share-btn__title\">\n\t\t\t\t\t\t\t\t\t\tXING\t\t\t\t\t\t\t\t\t<\/span>\n\t\t\t\t\t\t\t\t\t\t\t\t\t\t\t\t\t<\/div>\n\t\t\t\t\t\t\t\t\t\t\t\t\t<\/div>\n\t\t\t\t\t<\/div>\n\t\t\t\t\t\t<\/div>\n\t\t\t\t\t\t<\/div>\n\t\t\t\t<\/div>\n\t\t\t\t\t<\/div>\n\t\t<\/div>\n\t\t\t\t\t<\/div>\n\t\t<\/section>\n\t\t\t\t\t<\/div>\n\t\t<\/div>\n\t\t\t\t\t<\/div>\n\t\t<\/section>\n\t\t\t\t<section class=\"elementor-section elementor-top-section elementor-element elementor-element-699f6391 elementor-hidden-desktop elementor-hidden-tablet elementor-hidden-phone elementor-section-boxed elementor-section-height-default elementor-section-height-default\" data-id=\"699f6391\" data-element_type=\"section\">\n\t\t\t\t\t\t<div class=\"elementor-container elementor-column-gap-default\">\n\t\t\t\t\t<div class=\"elementor-column elementor-col-100 elementor-top-column elementor-element elementor-element-76d45cb7\" data-id=\"76d45cb7\" data-element_type=\"column\">\n\t\t\t<div class=\"elementor-widget-wrap elementor-element-populated\">\n\t\t\t\t\t\t<div class=\"elementor-element elementor-element-26dd79f6 elementor-widget elementor-widget-spacer\" data-id=\"26dd79f6\" data-element_type=\"widget\" data-widget_type=\"spacer.default\">\n\t\t\t\t<div class=\"elementor-widget-container\">\n\t\t\t\t\t\t\t<div class=\"elementor-spacer\">\n\t\t\t<div class=\"elementor-spacer-inner\"><\/div>\n\t\t<\/div>\n\t\t\t\t\t\t<\/div>\n\t\t\t\t<\/div>\n\t\t\t\t\t<\/div>\n\t\t<\/div>\n\t\t\t\t\t<\/div>\n\t\t<\/section>\n\t\t\t\t<section class=\"elementor-section elementor-top-section elementor-element elementor-element-3f3149cd elementor-section-boxed elementor-section-height-default elementor-section-height-default\" data-id=\"3f3149cd\" data-element_type=\"section\">\n\t\t\t\t\t\t<div class=\"elementor-container elementor-column-gap-default\">\n\t\t\t\t\t<div class=\"elementor-column elementor-col-100 elementor-top-column elementor-element elementor-element-75da6089\" data-id=\"75da6089\" data-element_type=\"column\">\n\t\t\t<div class=\"elementor-widget-wrap elementor-element-populated\">\n\t\t\t\t\t\t<div class=\"elementor-element elementor-element-57e64973 elementor-widget elementor-widget-spacer\" data-id=\"57e64973\" data-element_type=\"widget\" data-widget_type=\"spacer.default\">\n\t\t\t\t<div class=\"elementor-widget-container\">\n\t\t\t\t\t\t\t<div class=\"elementor-spacer\">\n\t\t\t<div class=\"elementor-spacer-inner\"><\/div>\n\t\t<\/div>\n\t\t\t\t\t\t<\/div>\n\t\t\t\t<\/div>\n\t\t\t\t\t<\/div>\n\t\t<\/div>\n\t\t\t\t\t<\/div>\n\t\t<\/section>\n\t\t\t\t<\/div>\n\t\t","protected":false},"excerpt":{"rendered":"<p>Das war und ist ein \u2013 wenn auch unfreiwilliges \u2013&nbsp;Experiment von gro\u00dfer Tragweite: die Industrie ohne Messebetrieb. In den Monaten M\u00e4rz bis Juli 2020 hat keine bedeutende Messe mehr stattgefunden. Inzwischen ist es wieder erlaubt, Messen zu veranstalten, denn sie sind keine Gro\u00dfveranstaltungen im Sinne der Corona-Schutzverordnung.&nbsp;Es geht also (bald) wieder los.&nbsp;Darauf freuen sich Messeveranstalter, [&hellip;]<\/p>\n","protected":false},"author":1,"featured_media":5124,"comment_status":"closed","ping_status":"open","sticky":false,"template":"","format":"standard","meta":{"_seopress_robots_primary_cat":"none","_seopress_titles_title":"","_seopress_titles_desc":"","_seopress_robots_index":"","footnotes":""},"categories":[299],"tags":[],"edition":[],"class_list":["post-5117","post","type-post","status-publish","format-standard","has-post-thumbnail","hentry","category-allgemein"],"_links":{"self":[{"href":"https:\/\/www.dortmund.empack-messen.de\/de\/wp-json\/wp\/v2\/posts\/5117","targetHints":{"allow":["GET"]}}],"collection":[{"href":"https:\/\/www.dortmund.empack-messen.de\/de\/wp-json\/wp\/v2\/posts"}],"about":[{"href":"https:\/\/www.dortmund.empack-messen.de\/de\/wp-json\/wp\/v2\/types\/post"}],"author":[{"embeddable":true,"href":"https:\/\/www.dortmund.empack-messen.de\/de\/wp-json\/wp\/v2\/users\/1"}],"replies":[{"embeddable":true,"href":"https:\/\/www.dortmund.empack-messen.de\/de\/wp-json\/wp\/v2\/comments?post=5117"}],"version-history":[{"count":0,"href":"https:\/\/www.dortmund.empack-messen.de\/de\/wp-json\/wp\/v2\/posts\/5117\/revisions"}],"wp:featuredmedia":[{"embeddable":true,"href":"https:\/\/www.dortmund.empack-messen.de\/de\/wp-json\/wp\/v2\/media\/5124"}],"wp:attachment":[{"href":"https:\/\/www.dortmund.empack-messen.de\/de\/wp-json\/wp\/v2\/media?parent=5117"}],"wp:term":[{"taxonomy":"category","embeddable":true,"href":"https:\/\/www.dortmund.empack-messen.de\/de\/wp-json\/wp\/v2\/categories?post=5117"},{"taxonomy":"post_tag","embeddable":true,"href":"https:\/\/www.dortmund.empack-messen.de\/de\/wp-json\/wp\/v2\/tags?post=5117"},{"taxonomy":"edition","embeddable":true,"href":"https:\/\/www.dortmund.empack-messen.de\/de\/wp-json\/wp\/v2\/edition?post=5117"}],"curies":[{"name":"wp","href":"https:\/\/api.w.org\/{rel}","templated":true}]}}