{"id":49840,"date":"2023-11-22T08:45:00","date_gmt":"2023-11-22T07:45:00","guid":{"rendered":"https:\/\/www.dortmund.empack-messen.de\/?p=49840"},"modified":"2023-11-22T09:56:44","modified_gmt":"2023-11-22T08:56:44","slug":"da-ist-noch-luft","status":"publish","type":"post","link":"https:\/\/www.dortmund.empack-messen.de\/de\/2023\/11\/22\/da-ist-noch-luft\/","title":{"rendered":"Da ist noch Luft"},"content":{"rendered":"\t\t<div data-elementor-type=\"wp-post\" data-elementor-id=\"49840\" class=\"elementor elementor-49840\" data-elementor-post-type=\"post\">\n\t\t\t\t\t\t<section class=\"elementor-section elementor-top-section elementor-element elementor-element-47f5359b elementor-section-boxed elementor-section-height-default elementor-section-height-default\" data-id=\"47f5359b\" data-element_type=\"section\">\n\t\t\t\t\t\t<div class=\"elementor-container elementor-column-gap-default\">\n\t\t\t\t\t<div class=\"elementor-column elementor-col-100 elementor-top-column elementor-element elementor-element-68309c97\" data-id=\"68309c97\" data-element_type=\"column\">\n\t\t\t<div class=\"elementor-widget-wrap elementor-element-populated\">\n\t\t\t\t\t\t<div class=\"elementor-element elementor-element-3f661bd elementor-widget elementor-widget-theme-post-featured-image elementor-widget-image\" data-id=\"3f661bd\" data-element_type=\"widget\" data-widget_type=\"theme-post-featured-image.default\">\n\t\t\t\t<div class=\"elementor-widget-container\">\n\t\t\t\t\t\t\t\t\t\t\t\t\t\t\t<img fetchpriority=\"high\" decoding=\"async\" width=\"1200\" height=\"600\" src=\"https:\/\/easyfairsassets.com\/sites\/345\/2023\/11\/pack.png\" class=\"attachment-full size-full wp-image-49855\" alt=\"\" srcset=\"https:\/\/easyfairsassets.com\/sites\/345\/2023\/11\/pack.png 1200w, https:\/\/easyfairsassets.com\/sites\/345\/2023\/11\/pack-300x150.png 300w, https:\/\/easyfairsassets.com\/sites\/345\/2023\/11\/pack-1024x512.png 1024w, https:\/\/easyfairsassets.com\/sites\/345\/2023\/11\/pack-768x384.png 768w\" sizes=\"(max-width: 1200px) 100vw, 1200px\" \/>\t\t\t\t\t\t\t\t\t\t\t\t\t\t\t<\/div>\n\t\t\t\t<\/div>\n\t\t\t\t<div class=\"elementor-element elementor-element-65a17049 elementor-widget elementor-widget-theme-post-title elementor-page-title elementor-widget-heading\" data-id=\"65a17049\" data-element_type=\"widget\" data-widget_type=\"theme-post-title.default\">\n\t\t\t\t<div class=\"elementor-widget-container\">\n\t\t\t\t\t<h1 class=\"elementor-heading-title elementor-size-large\">Da ist noch Luft<\/h1>\t\t\t\t<\/div>\n\t\t\t\t<\/div>\n\t\t\t\t\t<\/div>\n\t\t<\/div>\n\t\t\t\t\t<\/div>\n\t\t<\/section>\n\t\t\t\t<section class=\"elementor-section elementor-top-section elementor-element elementor-element-3d0d4618 elementor-section-boxed elementor-section-height-default elementor-section-height-default\" data-id=\"3d0d4618\" data-element_type=\"section\">\n\t\t\t\t\t\t<div class=\"elementor-container elementor-column-gap-default\">\n\t\t\t\t\t<div class=\"elementor-column elementor-col-100 elementor-top-column elementor-element elementor-element-19fa71ce\" data-id=\"19fa71ce\" data-element_type=\"column\">\n\t\t\t<div class=\"elementor-widget-wrap elementor-element-populated\">\n\t\t\t\t\t\t<div class=\"elementor-element elementor-element-3108685 elementor-widget elementor-widget-post-info\" data-id=\"3108685\" data-element_type=\"widget\" data-widget_type=\"post-info.default\">\n\t\t\t\t<div class=\"elementor-widget-container\">\n\t\t\t\t\t\t\t<ul class=\"elementor-inline-items elementor-icon-list-items elementor-post-info\">\n\t\t\t\t\t\t\t\t<li class=\"elementor-icon-list-item elementor-repeater-item-7148c75 elementor-inline-item\" itemprop=\"datePublished\">\n\t\t\t\t\t\t<a href=\"https:\/\/www.dortmund.empack-messen.de\/de\/2023\/11\/22\/\">\n\t\t\t\t\t\t\t\t\t\t\t<span class=\"elementor-icon-list-icon\">\n\t\t\t\t\t\t\t\t<i aria-hidden=\"true\" class=\"fas fa-calendar\"><\/i>\t\t\t\t\t\t\t<\/span>\n\t\t\t\t\t\t\t\t\t<span class=\"elementor-icon-list-text elementor-post-info__item elementor-post-info__item--type-date\">\n\t\t\t\t\t\t\t\t\t\t<time>22. November 2023<\/time>\t\t\t\t\t<\/span>\n\t\t\t\t\t\t\t\t\t<\/a>\n\t\t\t\t<\/li>\n\t\t\t\t<li class=\"elementor-icon-list-item elementor-repeater-item-8fc826b elementor-inline-item\" itemprop=\"about\">\n\t\t\t\t\t\t\t\t\t\t<span class=\"elementor-icon-list-icon\">\n\t\t\t\t\t\t\t\t<i aria-hidden=\"true\" class=\"fas fa-tags\"><\/i>\t\t\t\t\t\t\t<\/span>\n\t\t\t\t\t\t\t\t\t<span class=\"elementor-icon-list-text elementor-post-info__item elementor-post-info__item--type-terms\">\n\t\t\t\t\t\t\t\t\t\t<span class=\"elementor-post-info__terms-list\">\n\t\t\t\t<a href=\"https:\/\/www.dortmund.empack-messen.de\/de\/category\/allgemein\/\" class=\"elementor-post-info__terms-list-item\">Allgemein<\/a>\t\t\t\t<\/span>\n\t\t\t\t\t<\/span>\n\t\t\t\t\t\t\t\t<\/li>\n\t\t\t\t<\/ul>\n\t\t\t\t\t\t<\/div>\n\t\t\t\t<\/div>\n\t\t\t\t<div class=\"elementor-element elementor-element-74fd5132 elementor-widget elementor-widget-text-editor\" data-id=\"74fd5132\" data-element_type=\"widget\" data-widget_type=\"text-editor.default\">\n\t\t\t\t<div class=\"elementor-widget-container\">\n\t\t\t\t\t\t\t\t\t<p>Manchmal kommt die Rettung unerwartet. Etwa f\u00fcnfzehn Minuten vor dem leeren Bildschirm \u00fcber das Thema des n\u00e4chsten EMPACK-Blogbeitrags gebr\u00fctet. Dann \u2013 erfreuliche Ablenkung \u2013 klingelt ein Paketbote und bringt die gestern bei einer Versand-Apotheke bestellte Sendung. Kurze Verwunderung: warum so ein gro\u00dfes Paket f\u00fcr eine Pillenschachtel?<\/p><p>Die Frage bleibt auch nach dem \u00d6ffnen des Paketes unbeantwortet. In dessen Innenraum von 33 x 24 x 8 cm (6.336 cm<sup>3<\/sup>) verliert sich eine Schachtel mit den Abmessungen 13 x 7,5 x 6,2 cm (604 cm<sup>3<\/sup>) im Raum, siehe Foto.<\/p><p>Das bestellte Arzneimittel nimmt somit noch nicht einmal ein Zehntel des zur Verf\u00fcgung stehenden Platzes ein. Das ist eindeutig zuviel Raum im Lieferfahrzeug, und es ist viel zu viel Material in einer Welt, die sich in Richtung \u201eNet Zero\u201c orientiert. Immerhin war dieser Leerraum nicht mit Kunststoffchips oder Blisterfolie gef\u00fcllt. Das h\u00e4tte den CO<sub>2<\/sub>-Rucksack der (im \u00dcbrigen versandkostenfreien) Sendung noch erh\u00f6ht.<\/p>\t\t\t\t\t\t\t\t<\/div>\n\t\t\t\t<\/div>\n\t\t\t\t\t<\/div>\n\t\t<\/div>\n\t\t\t\t\t<\/div>\n\t\t<\/section>\n\t\t\t\t<section class=\"elementor-section elementor-top-section elementor-element elementor-element-3eae54d5 elementor-section-boxed elementor-section-height-default elementor-section-height-default\" data-id=\"3eae54d5\" data-element_type=\"section\">\n\t\t\t\t\t\t<div class=\"elementor-container elementor-column-gap-default\">\n\t\t\t\t\t<div class=\"elementor-column elementor-col-100 elementor-top-column elementor-element elementor-element-5cea9372\" data-id=\"5cea9372\" data-element_type=\"column\">\n\t\t\t<div class=\"elementor-widget-wrap elementor-element-populated\">\n\t\t\t\t\t\t<div class=\"elementor-element elementor-element-32d8201a elementor-widget elementor-widget-text-editor\" data-id=\"32d8201a\" data-element_type=\"widget\" data-widget_type=\"text-editor.default\">\n\t\t\t\t<div class=\"elementor-widget-container\">\n\t\t\t\t\t\t\t\t\t<p>Da ist also Luft drin \u2013 im Paket. Und da ist, in einem anderen Wortsinn, Luft nach oben, sehr viel Luft \u2013 f\u00fcr Verbesserungen. Verpackungsoptimierung hei\u00dft die Devise, und eben das geh\u00f6rt zum Beratungs- und Dienstleistungsportfolio vieler Aussteller auf der EMPACK. Einige sind reine Berater. Andere stellen Verpackungsmaschinen her, die sich flexibel auf verschiedene Formate einstellen lassen. Wieder andere produzieren (standardisierte oder kundenspezifische) Verpackungen und beraten ihre Kunden bei deren Auswahl oder Gestaltung.<\/p><p>Also, liebe Entscheider der Versandapotheke: Tragen Sie sich \u2013 je nach Ihrem Standort \u2013 den 15.-16. Mai 2024 (Dortmund) oder den 12.-13.Juni 2024 (Hamburg) in den Kalender ein. Das sind die n\u00e4chsten Termine f\u00fcr die EMPACK. Sie werden dort mit Sicherheit Inspirationen mitnehmen, wie Sie Ihre Verpackungen passgenauer, kosteng\u00fcnstiger und umweltfreundlicher gestalten k\u00f6nnen.<\/p><p>Dieser Aufruf gilt nicht nur f\u00fcr die Versandapotheke. Bei vielen Versandpackungen \u2013 ob B2C oder B2B \u2013 gibt es Luft nach oben, f\u00fcr Verbesserungen. Und f\u00fcr weniger Luft im Karton. Auf der EMPACK k\u00f6nnen Besucher die Optimierungspotenziale ihrer Verpackungsl\u00f6sungen identifizieren und, im Nachgang der Messe, erschlie\u00dfen.<\/p>\t\t\t\t\t\t\t\t<\/div>\n\t\t\t\t<\/div>\n\t\t\t\t\t<\/div>\n\t\t<\/div>\n\t\t\t\t\t<\/div>\n\t\t<\/section>\n\t\t\t\t<\/div>\n\t\t","protected":false},"excerpt":{"rendered":"<p>Manchmal kommt die Rettung unerwartet. Etwa f\u00fcnfzehn Minuten vor dem leeren Bildschirm \u00fcber das Thema des n\u00e4chsten EMPACK-Blogbeitrags gebr\u00fctet. Dann \u2013 erfreuliche Ablenkung \u2013 klingelt ein Paketbote und bringt die gestern bei einer Versand-Apotheke bestellte Sendung. Kurze Verwunderung: warum so ein gro\u00dfes Paket f\u00fcr eine Pillenschachtel?<\/p>\n","protected":false},"author":855,"featured_media":49855,"comment_status":"open","ping_status":"open","sticky":false,"template":"","format":"standard","meta":{"_seopress_robots_primary_cat":"none","_seopress_titles_title":"Da ist noch Luft ","_seopress_titles_desc":"Manchmal kommt die Rettung unerwartet. Etwa f\u00fcnfzehn Minuten vor dem lee-ren Bildschirm \u00fcber das Thema des n\u00e4chsten EMPACK-Blogbeitrags gebr\u00fctet. Dann \u2013 erfreuliche Ablenkung \u2013 klingelt ein Paketbote und bringt die gestern bei einer Versand-Apotheke bestellte Sendung. Kurze Verwunderung: warum so ein gro\u00dfes Paket f\u00fcr eine Pillenschachtel? \r\n","_seopress_robots_index":"","footnotes":""},"categories":[299],"tags":[],"edition":[],"class_list":["post-49840","post","type-post","status-publish","format-standard","has-post-thumbnail","hentry","category-allgemein"],"_links":{"self":[{"href":"https:\/\/www.dortmund.empack-messen.de\/de\/wp-json\/wp\/v2\/posts\/49840","targetHints":{"allow":["GET"]}}],"collection":[{"href":"https:\/\/www.dortmund.empack-messen.de\/de\/wp-json\/wp\/v2\/posts"}],"about":[{"href":"https:\/\/www.dortmund.empack-messen.de\/de\/wp-json\/wp\/v2\/types\/post"}],"author":[{"embeddable":true,"href":"https:\/\/www.dortmund.empack-messen.de\/de\/wp-json\/wp\/v2\/users\/855"}],"replies":[{"embeddable":true,"href":"https:\/\/www.dortmund.empack-messen.de\/de\/wp-json\/wp\/v2\/comments?post=49840"}],"version-history":[{"count":0,"href":"https:\/\/www.dortmund.empack-messen.de\/de\/wp-json\/wp\/v2\/posts\/49840\/revisions"}],"wp:featuredmedia":[{"embeddable":true,"href":"https:\/\/www.dortmund.empack-messen.de\/de\/wp-json\/wp\/v2\/media\/49855"}],"wp:attachment":[{"href":"https:\/\/www.dortmund.empack-messen.de\/de\/wp-json\/wp\/v2\/media?parent=49840"}],"wp:term":[{"taxonomy":"category","embeddable":true,"href":"https:\/\/www.dortmund.empack-messen.de\/de\/wp-json\/wp\/v2\/categories?post=49840"},{"taxonomy":"post_tag","embeddable":true,"href":"https:\/\/www.dortmund.empack-messen.de\/de\/wp-json\/wp\/v2\/tags?post=49840"},{"taxonomy":"edition","embeddable":true,"href":"https:\/\/www.dortmund.empack-messen.de\/de\/wp-json\/wp\/v2\/edition?post=49840"}],"curies":[{"name":"wp","href":"https:\/\/api.w.org\/{rel}","templated":true}]}}