{"id":46974,"date":"2023-07-26T10:46:31","date_gmt":"2023-07-26T08:46:31","guid":{"rendered":"https:\/\/www.dortmund.empack-messen.de\/?p=46974"},"modified":"2023-07-26T10:46:34","modified_gmt":"2023-07-26T08:46:34","slug":"verpackung-als-zeichen-fuer-wohlstand","status":"publish","type":"post","link":"https:\/\/www.dortmund.empack-messen.de\/de\/2023\/07\/26\/verpackung-als-zeichen-fuer-wohlstand\/","title":{"rendered":"Verpackung als Zeichen f\u00fcr Wohlstand?"},"content":{"rendered":"\t\t<div data-elementor-type=\"wp-post\" data-elementor-id=\"46974\" class=\"elementor elementor-46974\" data-elementor-post-type=\"post\">\n\t\t\t\t\t\t<section class=\"elementor-section elementor-top-section elementor-element elementor-element-47f5359b elementor-section-boxed elementor-section-height-default elementor-section-height-default\" data-id=\"47f5359b\" data-element_type=\"section\">\n\t\t\t\t\t\t<div class=\"elementor-container elementor-column-gap-default\">\n\t\t\t\t\t<div class=\"elementor-column elementor-col-100 elementor-top-column elementor-element elementor-element-68309c97\" data-id=\"68309c97\" data-element_type=\"column\">\n\t\t\t<div class=\"elementor-widget-wrap elementor-element-populated\">\n\t\t\t\t\t\t<div class=\"elementor-element elementor-element-3f661bd elementor-widget elementor-widget-theme-post-featured-image elementor-widget-image\" data-id=\"3f661bd\" data-element_type=\"widget\" data-widget_type=\"theme-post-featured-image.default\">\n\t\t\t\t<div class=\"elementor-widget-container\">\n\t\t\t\t\t\t\t\t\t\t\t\t\t\t\t<img fetchpriority=\"high\" decoding=\"async\" width=\"1600\" height=\"800\" src=\"https:\/\/easyfairsassets.com\/sites\/345\/2023\/07\/EM_23_Blogpost-Wohlstand.png\" class=\"attachment-full size-full wp-image-46984\" alt=\"\" srcset=\"https:\/\/easyfairsassets.com\/sites\/345\/2023\/07\/EM_23_Blogpost-Wohlstand.png 1600w, https:\/\/easyfairsassets.com\/sites\/345\/2023\/07\/EM_23_Blogpost-Wohlstand-300x150.png 300w, https:\/\/easyfairsassets.com\/sites\/345\/2023\/07\/EM_23_Blogpost-Wohlstand-1024x512.png 1024w, https:\/\/easyfairsassets.com\/sites\/345\/2023\/07\/EM_23_Blogpost-Wohlstand-768x384.png 768w, https:\/\/easyfairsassets.com\/sites\/345\/2023\/07\/EM_23_Blogpost-Wohlstand-1536x768.png 1536w\" sizes=\"(max-width: 1600px) 100vw, 1600px\" \/>\t\t\t\t\t\t\t\t\t\t\t\t\t\t\t<\/div>\n\t\t\t\t<\/div>\n\t\t\t\t<div class=\"elementor-element elementor-element-65a17049 elementor-widget elementor-widget-theme-post-title elementor-page-title elementor-widget-heading\" data-id=\"65a17049\" data-element_type=\"widget\" data-widget_type=\"theme-post-title.default\">\n\t\t\t\t<div class=\"elementor-widget-container\">\n\t\t\t\t\t<h1 class=\"elementor-heading-title elementor-size-large\">Verpackung als Zeichen f\u00fcr Wohlstand?<\/h1>\t\t\t\t<\/div>\n\t\t\t\t<\/div>\n\t\t\t\t\t<\/div>\n\t\t<\/div>\n\t\t\t\t\t<\/div>\n\t\t<\/section>\n\t\t\t\t<section class=\"elementor-section elementor-top-section elementor-element elementor-element-3d0d4618 elementor-section-boxed elementor-section-height-default elementor-section-height-default\" data-id=\"3d0d4618\" data-element_type=\"section\">\n\t\t\t\t\t\t<div class=\"elementor-container elementor-column-gap-default\">\n\t\t\t\t\t<div class=\"elementor-column elementor-col-100 elementor-top-column elementor-element elementor-element-19fa71ce\" data-id=\"19fa71ce\" data-element_type=\"column\">\n\t\t\t<div class=\"elementor-widget-wrap elementor-element-populated\">\n\t\t\t\t\t\t<div class=\"elementor-element elementor-element-3108685 elementor-widget elementor-widget-post-info\" data-id=\"3108685\" data-element_type=\"widget\" data-widget_type=\"post-info.default\">\n\t\t\t\t<div class=\"elementor-widget-container\">\n\t\t\t\t\t\t\t<ul class=\"elementor-inline-items elementor-icon-list-items elementor-post-info\">\n\t\t\t\t\t\t\t\t<li class=\"elementor-icon-list-item elementor-repeater-item-7148c75 elementor-inline-item\" itemprop=\"datePublished\">\n\t\t\t\t\t\t<a href=\"https:\/\/www.dortmund.empack-messen.de\/de\/2023\/07\/26\/\">\n\t\t\t\t\t\t\t\t\t\t\t<span class=\"elementor-icon-list-icon\">\n\t\t\t\t\t\t\t\t<i aria-hidden=\"true\" class=\"fas fa-calendar\"><\/i>\t\t\t\t\t\t\t<\/span>\n\t\t\t\t\t\t\t\t\t<span class=\"elementor-icon-list-text elementor-post-info__item elementor-post-info__item--type-date\">\n\t\t\t\t\t\t\t\t\t\t<time>26. Juli 2023<\/time>\t\t\t\t\t<\/span>\n\t\t\t\t\t\t\t\t\t<\/a>\n\t\t\t\t<\/li>\n\t\t\t\t<li class=\"elementor-icon-list-item elementor-repeater-item-8fc826b elementor-inline-item\" itemprop=\"about\">\n\t\t\t\t\t\t\t\t\t\t<span class=\"elementor-icon-list-icon\">\n\t\t\t\t\t\t\t\t<i aria-hidden=\"true\" class=\"fas fa-tags\"><\/i>\t\t\t\t\t\t\t<\/span>\n\t\t\t\t\t\t\t\t\t<span class=\"elementor-icon-list-text elementor-post-info__item elementor-post-info__item--type-terms\">\n\t\t\t\t\t\t\t\t\t\t<span class=\"elementor-post-info__terms-list\">\n\t\t\t\t<a href=\"https:\/\/www.dortmund.empack-messen.de\/de\/category\/allgemein\/\" class=\"elementor-post-info__terms-list-item\">Allgemein<\/a>\t\t\t\t<\/span>\n\t\t\t\t\t<\/span>\n\t\t\t\t\t\t\t\t<\/li>\n\t\t\t\t<\/ul>\n\t\t\t\t\t\t<\/div>\n\t\t\t\t<\/div>\n\t\t\t\t<div class=\"elementor-element elementor-element-74fd5132 elementor-widget elementor-widget-text-editor\" data-id=\"74fd5132\" data-element_type=\"widget\" data-widget_type=\"text-editor.default\">\n\t\t\t\t<div class=\"elementor-widget-container\">\n\t\t\t\t\t\t\t\t\t<p><strong>Getr\u00e4nkeverpackungen sollen Klima und Umwelt besser sch\u00fctzen<\/strong><\/p>\n<p>Die Anspr\u00fcche der Konsumenten an Qualit\u00e4t und Nachhaltigkeit von Getr\u00e4nken sowie deren Verpackungen mit den zunehmenden Ausw\u00fcchsen des Klimawandels wachsen st\u00e4ndig. Die Getr\u00e4nkeindus\u00adtrie reagiert darauf mit intelligenten Technologien, \u00adressourcensparenden Maschinen und recyclingf\u00e4higen Materialien, die in geschlossenen Kreisl\u00e4ufen genutzt werden k\u00f6nnen. Dabei spielt es keine Rolle, ob in Glasflasche, Aluminiumdose, Getr\u00e4nkekarton oder PET-Flasche verpackt wird \u2013 in jedem Segment gibt es innovative L\u00f6sungen. So ist die Eco2Bottle eine klimaneutrale Leichtglas-\u00adWeinflasche aus 93\u2009% Altglas. Sie wird von der Firma Wiegand-Glas hergestellt, die streng darauf achtet, den CO2-Aussto\u00df von der Produktion bis hin zum Transport so gering wie m\u00f6glich zu halten. Bei der Erzeugung wird klimaneutraler Strom aus 100\u2009% Wasserkraft genutzt, im Schmelzvorgang reduziert der sehr hohe Altglasanteil die CO2-Emissionen, da Altscherben schneller schmelzen.<\/p>\n<p>Tausende von Kilometer kann sie reisen, ganz ohne besondere Transportverpackung, dabei sogar in aller Ruhe noch nachreifen.<\/p>\n\t\t\t\t\t\t\t\t<\/div>\n\t\t\t\t<\/div>\n\t\t\t\t\t<\/div>\n\t\t<\/div>\n\t\t\t\t\t<\/div>\n\t\t<\/section>\n\t\t\t\t<section class=\"elementor-section elementor-top-section elementor-element elementor-element-3eae54d5 elementor-section-boxed elementor-section-height-default elementor-section-height-default\" data-id=\"3eae54d5\" data-element_type=\"section\">\n\t\t\t\t\t\t<div class=\"elementor-container elementor-column-gap-default\">\n\t\t\t\t\t<div class=\"elementor-column elementor-col-100 elementor-top-column elementor-element elementor-element-5cea9372\" data-id=\"5cea9372\" data-element_type=\"column\">\n\t\t\t<div class=\"elementor-widget-wrap elementor-element-populated\">\n\t\t\t\t\t\t<div class=\"elementor-element elementor-element-32d8201a elementor-widget elementor-widget-text-editor\" data-id=\"32d8201a\" data-element_type=\"widget\" data-widget_type=\"text-editor.default\">\n\t\t\t\t<div class=\"elementor-widget-container\">\n\t\t\t\t\t\t\t\t\t<p>Seither informiert display regelm\u00e4\u00dfig \u00fcber die Neuheiten am POS, stellt Hersteller<br \/>von Displays sowie Ladenbauelementen vor, berichtet \u00fcber Markenartikler,<\/p><p>Von 2021 bis 2026 wird der weltweite Absatz verpackter Lebensmittel um 14% auf 932 Millionen Tonnen steigen \u2013 so prognostiziert es das Marktforschungsinstitut Euromonitor.<\/p><p>\u00a0<\/p><p>Ist das nun eine gute oder eine schlechte Nachricht? Die Hersteller von Verpackungsmaschinen und \u2013materialien wird diese Entwicklung jedenfalls freuen. Auch die Erzeuger von flexiblen Kunststoffen (37% Marktanteil bei Konsumg\u00fcterverpackungen), formstabilem Kunststoff (27%) und Papier\/ Karton (16%) werden die Prognose gern h\u00f6ren.<\/p><p>Wer hingegen im \u201eUnverpackt\u201c-Laden kauft und sein Konsumverhalten an der pers\u00f6nlichen CO<sub>2<\/sub>-Bilanz ausrichtet, d\u00fcrfte diese Nachricht mindestens mit gemischten Gef\u00fchlen oder Besorgnis aufnehmen. Mehr Verpackung hei\u00dft auch mehr Ressourcen- und Energieverbrauch, mehr CO<sub>2<\/sub>-Emission, mehr Transporte, mehr Abfall\u2026\u00a0 Und reden nicht alle davon, Abfall reduzieren zu wollen?<\/p><p>\u00a0<\/p><p>Erst wenn man eine Zusatzinformation hinzunimmt, wird das Bild vollst\u00e4ndig. Das Wachstum wird zum gro\u00dfen Teil aus Entwicklungsregionen und L\u00e4ndern mit geringerem Pro-Kopf-Verbrauch kommen. Das hei\u00dft: In diesen L\u00e4ndern steigt das Bruttosozialprodukt, und das hat unmittelbaren Einfluss auf den Verbrauch an Verpackungen. Umgekehrt betrachtet, kann man den Verpackungsverbrauch \u2013 \u00e4hnlich wie den Energieverbrauch \u2013 als Indikator f\u00fcr den (relativen) Wohlstand einer Gesellschaft betrachten. Dann wird aus der prognostizierten Steigerung eine positive Botschaft<\/p><p>Zugegeben: Nicht jede zus\u00e4tzliche Verpackung d\u00fcrfte f\u00fcr Wohlstand stehen. Wenn ein globaler Mineralwasserkonzern in einer Entwicklungsregion \u00f6ffentlich zug\u00e4ngliche Brunnen aufkauft und das Wasser abf\u00fcllt und verkauft, hat das weder f\u00fcr die Menschen der Region noch f\u00fcr die Umwelt positive Aspekte. Aber im Grundsatz und auf sich entwickelnde L\u00e4nder bezogen stimmt die Gleichung: \u201eMehr Wohlstand \u2013 mehr Verpackungen\u201c, weil die Konsumenten sich mehr leisten k\u00f6nnen und die meisten gekauften G\u00fcter nun einmal verpackt sind. Au\u00dferdem verringern Verpackungen Lebensmittelverluste.<\/p><p>\u00a0<\/p><p>Spannend w\u00e4ren nun mit Blick auf die weltweiten und auch erfolgreichen Bem\u00fchungen um nachhaltige, leichte und recycelf\u00e4hige Verpackungen Antworten auf die Fragen: Werden in den 15% mehr Verpackungen vielleicht 20 oder 25% mehr Konsumg\u00fcter verpackt? Und wie hoch ist der Anteil der recycelten oder recycelbaren Materialien an den 932 Millionen Tonnen \u2013 heute und 2026? W\u00e4chst dieser Anteil, sinkt also der Ressourceneinsatz in Proportion zur Menge? Leider fehlt eine solche Statistik (noch). Angesichts der Innovationsf\u00e4higkeit der Verpackungswirtschaft und der Konsumg\u00fcterherseller w\u00fcrde es aber nicht \u00fcberraschen, wenn die Kreislaufwirtschaft bis 2026 weiter vorangeschritten w\u00e4re. Dann k\u00f6nnte die Steigerung um 15% weltweit durchaus CO<sub>2<\/sub>-neutral sein \u2013 eine positive Botschaft f\u00fcr die Nachhaltigkeit und f\u00fcr Konsumenten aus Entwicklungsregionen, deren Kaufkraft steigt.<\/p><p>deren<br \/>erfolgreiche POS-L\u00f6sungen und Trends im Handel, k\u00fcndigt ausf\u00fchrlich die<br \/>wichtigsten Marketing-Messen an und zeigt gelungene Warenpr\u00e4sentationen.<br \/>Dabei deckt display ein weites Themenfeld rund um Displays aus verschiedenen<br \/>Materialien, Digital POS und Ladenbau ab. In der Rubrik POS-Technik dreht sich<br \/>alles rund um Produktion, Druck und Veredelung von POS-L\u00f6sungen. Auch<br \/>Personalwechsel in der Markenartikelindustrie und Displaybranche sind Teil des<br \/>Magazins. Au\u00dferdem erscheint in jeder Ausgabe ein POS Check, der den Fokus auf<br \/>eine bestimmte Produktgruppe oder einen bestimmten POS richtet.<\/p>\t\t\t\t\t\t\t\t<\/div>\n\t\t\t\t<\/div>\n\t\t\t\t\t<\/div>\n\t\t<\/div>\n\t\t\t\t\t<\/div>\n\t\t<\/section>\n\t\t\t\t<\/div>\n\t\t","protected":false},"excerpt":{"rendered":"<p>Von 2021 bis 2026 wird der weltweite Absatz verpackter Lebensmittel um 14% auf 932 Millionen Tonnen steigen \u2013 so prognostiziert es das Marktforschungsinstitut Eu-romonitor.<\/p>\n<p>Ist das nun eine gute oder eine schlechte Nachricht? Die Hersteller von Verpa-ckungsmaschinen und \u2013materialien wird diese Entwicklung jedenfalls freuen. Auch die Erzeuger von flexiblen Kunststoffen (37% Marktanteil bei Konsumg\u00fcterverpa-ckungen), formstabilem Kunststoff (27%) und Papier\/ Karton (16%) werden die Prognose gern h\u00f6ren.<\/p>\n","protected":false},"author":341,"featured_media":46984,"comment_status":"open","ping_status":"open","sticky":false,"template":"","format":"standard","meta":{"_seopress_robots_primary_cat":"none","_seopress_titles_title":"Verpackung als Zeichen f\u00fcr Wohlstand?","_seopress_titles_desc":"Von 2021 bis 2026 wird der weltweite Absatz verpackter Lebensmittel um 14% auf 932 Millionen Tonnen steigen \u2013 so prognostiziert es das Marktforschungsinstitut Eu-romonitor. \r\n\r\nIst das nun eine gute oder eine schlechte Nachricht? Die Hersteller von Verpa-ckungsmaschinen und \u2013materialien wird diese Entwicklung jedenfalls freuen. Auch die Erzeuger von flexiblen Kunststoffen (37% Marktanteil bei Konsumg\u00fcterverpa-ckungen), formstabilem Kunststoff (27%) und Papier\/ Karton (16%) werden die Prognose gern h\u00f6ren. ","_seopress_robots_index":"","footnotes":""},"categories":[299],"tags":[],"edition":[],"class_list":["post-46974","post","type-post","status-publish","format-standard","has-post-thumbnail","hentry","category-allgemein"],"_links":{"self":[{"href":"https:\/\/www.dortmund.empack-messen.de\/de\/wp-json\/wp\/v2\/posts\/46974","targetHints":{"allow":["GET"]}}],"collection":[{"href":"https:\/\/www.dortmund.empack-messen.de\/de\/wp-json\/wp\/v2\/posts"}],"about":[{"href":"https:\/\/www.dortmund.empack-messen.de\/de\/wp-json\/wp\/v2\/types\/post"}],"author":[{"embeddable":true,"href":"https:\/\/www.dortmund.empack-messen.de\/de\/wp-json\/wp\/v2\/users\/341"}],"replies":[{"embeddable":true,"href":"https:\/\/www.dortmund.empack-messen.de\/de\/wp-json\/wp\/v2\/comments?post=46974"}],"version-history":[{"count":0,"href":"https:\/\/www.dortmund.empack-messen.de\/de\/wp-json\/wp\/v2\/posts\/46974\/revisions"}],"wp:featuredmedia":[{"embeddable":true,"href":"https:\/\/www.dortmund.empack-messen.de\/de\/wp-json\/wp\/v2\/media\/46984"}],"wp:attachment":[{"href":"https:\/\/www.dortmund.empack-messen.de\/de\/wp-json\/wp\/v2\/media?parent=46974"}],"wp:term":[{"taxonomy":"category","embeddable":true,"href":"https:\/\/www.dortmund.empack-messen.de\/de\/wp-json\/wp\/v2\/categories?post=46974"},{"taxonomy":"post_tag","embeddable":true,"href":"https:\/\/www.dortmund.empack-messen.de\/de\/wp-json\/wp\/v2\/tags?post=46974"},{"taxonomy":"edition","embeddable":true,"href":"https:\/\/www.dortmund.empack-messen.de\/de\/wp-json\/wp\/v2\/edition?post=46974"}],"curies":[{"name":"wp","href":"https:\/\/api.w.org\/{rel}","templated":true}]}}