{"id":44841,"date":"2023-04-25T16:10:54","date_gmt":"2023-04-25T14:10:54","guid":{"rendered":"https:\/\/www.dortmund.empack-messen.de\/?p=44841"},"modified":"2023-06-30T11:07:29","modified_gmt":"2023-06-30T09:07:29","slug":"innovative-konzepte-fuer-die-packmittelindustrie","status":"publish","type":"post","link":"https:\/\/www.dortmund.empack-messen.de\/de\/2023\/04\/25\/innovative-konzepte-fuer-die-packmittelindustrie\/","title":{"rendered":"Innovative Konzepte f\u00fcr die Packmittelindustrie"},"content":{"rendered":"\t\t<div data-elementor-type=\"wp-post\" data-elementor-id=\"44841\" class=\"elementor elementor-44841\" data-elementor-post-type=\"post\">\n\t\t\t\t\t\t<section class=\"elementor-section elementor-top-section elementor-element elementor-element-47f5359b elementor-section-boxed elementor-section-height-default elementor-section-height-default\" data-id=\"47f5359b\" data-element_type=\"section\">\n\t\t\t\t\t\t<div class=\"elementor-container elementor-column-gap-default\">\n\t\t\t\t\t<div class=\"elementor-column elementor-col-100 elementor-top-column elementor-element elementor-element-68309c97\" data-id=\"68309c97\" data-element_type=\"column\">\n\t\t\t<div class=\"elementor-widget-wrap elementor-element-populated\">\n\t\t\t\t\t\t<div class=\"elementor-element elementor-element-7cadc2b4 elementor-widget elementor-widget-spacer\" data-id=\"7cadc2b4\" data-element_type=\"widget\" data-widget_type=\"spacer.default\">\n\t\t\t\t<div class=\"elementor-widget-container\">\n\t\t\t\t\t\t\t<div class=\"elementor-spacer\">\n\t\t\t<div class=\"elementor-spacer-inner\"><\/div>\n\t\t<\/div>\n\t\t\t\t\t\t<\/div>\n\t\t\t\t<\/div>\n\t\t\t\t<div class=\"elementor-element elementor-element-65a17049 elementor-widget elementor-widget-theme-post-title elementor-page-title elementor-widget-heading\" data-id=\"65a17049\" data-element_type=\"widget\" data-widget_type=\"theme-post-title.default\">\n\t\t\t\t<div class=\"elementor-widget-container\">\n\t\t\t\t\t<h1 class=\"elementor-heading-title elementor-size-large\">Innovative Konzepte f\u00fcr die Packmittelindustrie<\/h1>\t\t\t\t<\/div>\n\t\t\t\t<\/div>\n\t\t\t\t<div class=\"elementor-element elementor-element-3108685 elementor-widget elementor-widget-post-info\" data-id=\"3108685\" data-element_type=\"widget\" data-widget_type=\"post-info.default\">\n\t\t\t\t<div class=\"elementor-widget-container\">\n\t\t\t\t\t\t\t<ul class=\"elementor-inline-items elementor-icon-list-items elementor-post-info\">\n\t\t\t\t\t\t\t\t<li class=\"elementor-icon-list-item elementor-repeater-item-7148c75 elementor-inline-item\" itemprop=\"datePublished\">\n\t\t\t\t\t\t<a href=\"https:\/\/www.dortmund.empack-messen.de\/de\/2023\/04\/25\/\">\n\t\t\t\t\t\t\t\t\t\t\t<span class=\"elementor-icon-list-icon\">\n\t\t\t\t\t\t\t\t<i aria-hidden=\"true\" class=\"fas fa-calendar\"><\/i>\t\t\t\t\t\t\t<\/span>\n\t\t\t\t\t\t\t\t\t<span class=\"elementor-icon-list-text elementor-post-info__item elementor-post-info__item--type-date\">\n\t\t\t\t\t\t\t\t\t\t<time>25. April 2023<\/time>\t\t\t\t\t<\/span>\n\t\t\t\t\t\t\t\t\t<\/a>\n\t\t\t\t<\/li>\n\t\t\t\t<li class=\"elementor-icon-list-item elementor-repeater-item-8fc826b elementor-inline-item\" itemprop=\"about\">\n\t\t\t\t\t\t\t\t\t\t<span class=\"elementor-icon-list-icon\">\n\t\t\t\t\t\t\t\t<i aria-hidden=\"true\" class=\"fas fa-tags\"><\/i>\t\t\t\t\t\t\t<\/span>\n\t\t\t\t\t\t\t\t\t<span class=\"elementor-icon-list-text elementor-post-info__item elementor-post-info__item--type-terms\">\n\t\t\t\t\t\t\t\t\t\t<span class=\"elementor-post-info__terms-list\">\n\t\t\t\t<a href=\"https:\/\/www.dortmund.empack-messen.de\/de\/category\/allgemein\/\" class=\"elementor-post-info__terms-list-item\">Allgemein<\/a>\t\t\t\t<\/span>\n\t\t\t\t\t<\/span>\n\t\t\t\t\t\t\t\t<\/li>\n\t\t\t\t<\/ul>\n\t\t\t\t\t\t<\/div>\n\t\t\t\t<\/div>\n\t\t\t\t<div class=\"elementor-element elementor-element-3f661bd elementor-widget elementor-widget-theme-post-featured-image elementor-widget-image\" data-id=\"3f661bd\" data-element_type=\"widget\" data-widget_type=\"theme-post-featured-image.default\">\n\t\t\t\t<div class=\"elementor-widget-container\">\n\t\t\t\t\t\t\t\t\t\t\t\t\t\t\t<img fetchpriority=\"high\" decoding=\"async\" width=\"1890\" height=\"709\" src=\"https:\/\/easyfairsassets.com\/sites\/345\/2023\/04\/Bild-Blogbeitrag-Getraenke-Technolgie-Marketing.jpg\" class=\"attachment-full size-full wp-image-44847\" alt=\"\" srcset=\"https:\/\/easyfairsassets.com\/sites\/345\/2023\/04\/Bild-Blogbeitrag-Getraenke-Technolgie-Marketing.jpg 1890w, https:\/\/easyfairsassets.com\/sites\/345\/2023\/04\/Bild-Blogbeitrag-Getraenke-Technolgie-Marketing-300x113.jpg 300w, https:\/\/easyfairsassets.com\/sites\/345\/2023\/04\/Bild-Blogbeitrag-Getraenke-Technolgie-Marketing-1024x384.jpg 1024w, https:\/\/easyfairsassets.com\/sites\/345\/2023\/04\/Bild-Blogbeitrag-Getraenke-Technolgie-Marketing-768x288.jpg 768w, https:\/\/easyfairsassets.com\/sites\/345\/2023\/04\/Bild-Blogbeitrag-Getraenke-Technolgie-Marketing-1536x576.jpg 1536w\" sizes=\"(max-width: 1890px) 100vw, 1890px\" \/>\t\t\t\t\t\t\t\t\t\t\t\t\t\t\t<\/div>\n\t\t\t\t<\/div>\n\t\t\t\t<div class=\"elementor-element elementor-element-176ebe38 elementor-widget elementor-widget-spacer\" data-id=\"176ebe38\" data-element_type=\"widget\" data-widget_type=\"spacer.default\">\n\t\t\t\t<div class=\"elementor-widget-container\">\n\t\t\t\t\t\t\t<div class=\"elementor-spacer\">\n\t\t\t<div class=\"elementor-spacer-inner\"><\/div>\n\t\t<\/div>\n\t\t\t\t\t\t<\/div>\n\t\t\t\t<\/div>\n\t\t\t\t\t<\/div>\n\t\t<\/div>\n\t\t\t\t\t<\/div>\n\t\t<\/section>\n\t\t\t\t<section class=\"elementor-section elementor-top-section elementor-element elementor-element-a78bf7e elementor-section-boxed elementor-section-height-default elementor-section-height-default\" data-id=\"a78bf7e\" data-element_type=\"section\">\n\t\t\t\t\t\t<div class=\"elementor-container elementor-column-gap-default\">\n\t\t\t\t\t<div class=\"elementor-column elementor-col-100 elementor-top-column elementor-element elementor-element-58e5f674\" data-id=\"58e5f674\" data-element_type=\"column\">\n\t\t\t<div class=\"elementor-widget-wrap elementor-element-populated\">\n\t\t\t\t\t\t<div class=\"elementor-element elementor-element-68d03f1 elementor-widget elementor-widget-text-editor\" data-id=\"68d03f1\" data-element_type=\"widget\" data-widget_type=\"text-editor.default\">\n\t\t\t\t<div class=\"elementor-widget-container\">\n\t\t\t\t\t\t\t\t\t<p><strong>Getr\u00e4nkeverpackungen sollen Klima und Umwelt besser sch\u00fctzen<\/strong><\/p><p>Die Anspr\u00fcche der Konsumenten an Qualit\u00e4t und Nachhaltigkeit von Getr\u00e4nken sowie deren Verpackungen mit den zunehmenden Ausw\u00fcchsen des Klimawandels wachsen st\u00e4ndig. Die Getr\u00e4nkeindus\u00adtrie reagiert darauf mit intelligenten Technologien, \u00adressourcensparenden Maschinen und recyclingf\u00e4higen Materialien, die in geschlossenen Kreisl\u00e4ufen genutzt werden k\u00f6nnen. Dabei spielt es keine Rolle, ob in Glasflasche, Aluminiumdose, Getr\u00e4nkekarton oder PET-Flasche verpackt wird \u2013 in jedem Segment gibt es innovative L\u00f6sungen. So ist die Eco2Bottle eine klimaneutrale Leichtglas-\u00adWeinflasche aus 93\u2009% Altglas. Sie wird von der Firma Wiegand-Glas hergestellt, die streng darauf achtet, den CO2-Aussto\u00df von der Produktion bis hin zum Transport so gering wie m\u00f6glich zu halten. Bei der Erzeugung wird klimaneutraler Strom aus 100\u2009% Wasserkraft genutzt, im Schmelzvorgang reduziert der sehr hohe Altglasanteil die CO2-Emissionen, da Altscherben schneller schmelzen.<\/p>\t\t\t\t\t\t\t\t<\/div>\n\t\t\t\t<\/div>\n\t\t\t\t\t<\/div>\n\t\t<\/div>\n\t\t\t\t\t<\/div>\n\t\t<\/section>\n\t\t\t\t<section class=\"elementor-section elementor-top-section elementor-element elementor-element-3d0d4618 elementor-section-boxed elementor-section-height-default elementor-section-height-default\" data-id=\"3d0d4618\" data-element_type=\"section\">\n\t\t\t\t\t\t<div class=\"elementor-container elementor-column-gap-default\">\n\t\t\t\t\t<div class=\"elementor-column elementor-col-100 elementor-top-column elementor-element elementor-element-19fa71ce\" data-id=\"19fa71ce\" data-element_type=\"column\">\n\t\t\t<div class=\"elementor-widget-wrap elementor-element-populated\">\n\t\t\t\t\t\t<div class=\"elementor-element elementor-element-74fd5132 elementor-widget elementor-widget-text-editor\" data-id=\"74fd5132\" data-element_type=\"widget\" data-widget_type=\"text-editor.default\">\n\t\t\t\t<div class=\"elementor-widget-container\">\n\t\t\t\t\t\t\t\t\t<p><strong>Die Getr\u00e4nkedose \u2013 einst fast vom Markt verschwunden, nun wieder erfolgreich in den Regalen<\/strong><\/p><p>Die Getr\u00e4nkedose erlebt gegenw\u00e4rtig eine Renaissance. Mehr als vier Milliarden St\u00fcck werden \u00admittlerweile pro Jahr wieder produziert, der h\u00f6chste Stand seit Einf\u00fchrung des Pflichtpfands. Heute stehen neben Bier auch Energy-Drinks, weinhaltige Getr\u00e4nke und Longdrinks wie Whisky-\u00adCola oder Gin-Tonic in Aluminiumbeh\u00e4ltern in den Regalen des Handels. Der ressourcenschonende Umgang mit Aluminiumprodukten entlang der gesamten Wertsch\u00f6pfungskette ist inzwischen sogar zertifizierbar. Dies geschieht \u00fcber die Aluminium Stewardship Initiative ASI. Mit diesem Siegel kann ein Hersteller nachweisen, dass er alle ASI-Grunds\u00e4tze in den Bereichen Umwelt, Soziales und Unternehmensf\u00fchrung erf\u00fcllt.<\/p>\t\t\t\t\t\t\t\t<\/div>\n\t\t\t\t<\/div>\n\t\t\t\t\t<\/div>\n\t\t<\/div>\n\t\t\t\t\t<\/div>\n\t\t<\/section>\n\t\t\t\t<section class=\"elementor-section elementor-top-section elementor-element elementor-element-3eae54d5 elementor-section-boxed elementor-section-height-default elementor-section-height-default\" data-id=\"3eae54d5\" data-element_type=\"section\">\n\t\t\t\t\t\t<div class=\"elementor-container elementor-column-gap-default\">\n\t\t\t\t\t<div class=\"elementor-column elementor-col-100 elementor-top-column elementor-element elementor-element-5cea9372\" data-id=\"5cea9372\" data-element_type=\"column\">\n\t\t\t<div class=\"elementor-widget-wrap elementor-element-populated\">\n\t\t\t\t\t\t<div class=\"elementor-element elementor-element-32d8201a elementor-widget elementor-widget-text-editor\" data-id=\"32d8201a\" data-element_type=\"widget\" data-widget_type=\"text-editor.default\">\n\t\t\t\t<div class=\"elementor-widget-container\">\n\t\t\t\t\t\t\t\t\t<p>F\u00fcr immer mehr Menschen in Deutschland ist der Weg zum Altglascontainer fester Bestandteil ihres Alltags. Beinahe 90\u2009% der Verbraucher recyceln laut den Ergebnissen einer Umfrage ihre leeren Glasflaschen und Glaskonserven regelm\u00e4\u00dfig. Damit leisten die B\u00fcrgerinnen und B\u00fcrger einen wichtigen Beitrag zum Schutz der Umwelt. Denn Altglas wird \u2013 wie schon erw\u00e4hnt &#8211; in der Produktion eingesetzt, um neue Glasverpackungen herzustellen. Das schont nicht nur die Ressourcen, sondern spart auch Energie, deren Preisexplosion gegenw\u00e4rtig jeder Haushalt am eigenen \u00adBudget schmerzhaft sp\u00fcrt. Je zehn Prozent eingesetzten Altglases kann die ben\u00f6tigte Energie in der Neuproduktion um drei Prozent senken. Und dies immer wieder, denn Glas ist ohne Qualit\u00e4tsverlust zu 100\u2009% recycelbar. Ein Kilo\u00adgramm Altglas ersetzt 1,2\u2009kg der sonst ben\u00f6tigten Rohstoffe und verringert CO2-Emissionen um 67\u2009%.<\/p>\t\t\t\t\t\t\t\t<\/div>\n\t\t\t\t<\/div>\n\t\t\t\t\t<\/div>\n\t\t<\/div>\n\t\t\t\t\t<\/div>\n\t\t<\/section>\n\t\t\t\t<section class=\"elementor-section elementor-top-section elementor-element elementor-element-138687bb elementor-section-boxed elementor-section-height-default elementor-section-height-default\" data-id=\"138687bb\" data-element_type=\"section\">\n\t\t\t\t\t\t<div class=\"elementor-container elementor-column-gap-default\">\n\t\t\t\t\t<div class=\"elementor-column elementor-col-100 elementor-top-column elementor-element elementor-element-649812d6\" data-id=\"649812d6\" data-element_type=\"column\">\n\t\t\t<div class=\"elementor-widget-wrap elementor-element-populated\">\n\t\t\t\t\t\t<div class=\"elementor-element elementor-element-ecb1f98 elementor-widget elementor-widget-text-editor\" data-id=\"ecb1f98\" data-element_type=\"widget\" data-widget_type=\"text-editor.default\">\n\t\t\t\t<div class=\"elementor-widget-container\">\n\t\t\t\t\t\t\t\t\t<p><strong>Mehrwegsystem f\u00fcr Weinflaschen<\/strong><\/p><p>Besonders beliebt bei Getr\u00e4nkeverpackungen ist nach wie vor das Glas. Allein der Absatz von Getr\u00e4nkeflaschen stieg in der ersten H\u00e4lfte 2022 im Vergleich zum Vorjahrszeitraum um 6,3\u2009%. Einen noch h\u00f6heren Absatz in Glasgebinden verzeichneten mit 11,6\u2009% nichtalkoholische Getr\u00e4nke wie Wasser, Milch und S\u00e4fte. Dass Glasverpackungen so stark gefragt sind, ist verst\u00e4ndlich. Denn Glas bewahrt den Geschmack von Getr\u00e4nken, erh\u00e4lt die N\u00e4hrstoffe von Lebensmitteln und bildet die hochwertige H\u00fclle edler Wein, -Champagner-, Sekt- und Spirituosen-Kreationen sowie f\u00fcr Parf\u00fcm und Kosmetika. Kaum ein Verpackungswerkstoff also l\u00e4sst sich branchen\u00fcbergreifend und vielseitig besser einsetzen als Glas.<\/p>\t\t\t\t\t\t\t\t<\/div>\n\t\t\t\t<\/div>\n\t\t\t\t\t<\/div>\n\t\t<\/div>\n\t\t\t\t\t<\/div>\n\t\t<\/section>\n\t\t\t\t<section class=\"elementor-section elementor-top-section elementor-element elementor-element-54dea12 elementor-section-boxed elementor-section-height-default elementor-section-height-default\" data-id=\"54dea12\" data-element_type=\"section\">\n\t\t\t\t\t\t<div class=\"elementor-container elementor-column-gap-default\">\n\t\t\t\t\t<div class=\"elementor-column elementor-col-100 elementor-top-column elementor-element elementor-element-bb31895\" data-id=\"bb31895\" data-element_type=\"column\">\n\t\t\t<div class=\"elementor-widget-wrap elementor-element-populated\">\n\t\t\t\t\t\t<div class=\"elementor-element elementor-element-9534b8f elementor-widget elementor-widget-text-editor\" data-id=\"9534b8f\" data-element_type=\"widget\" data-widget_type=\"text-editor.default\">\n\t\t\t\t<div class=\"elementor-widget-container\">\n\t\t\t\t\t\t\t\t\t<p>Allerdings ist die Herstellung von Glas wegen der explodierenden Kosten f\u00fcr Rohstoffe und den ausbleibenden Importen aus den fr\u00fcheren Lieferl\u00e4ndern Russland und Ukraine ziemlich teuer geworden. Deshalb tragen sich mehr und mehr Winzer mit dem Gedanken, ihre Weine in Mehrwegflaschen anzubieten. So will die Winzergenossenschaft Weinheimat \u00adW\u00fcrttemberg schon in diesem Jahr die ersten 0,75-l-Flaschen einem Pfandsystem unterwerfen. Wie hoch das Flaschenpfand ausfallen soll, dar\u00fcber wird noch nachgedacht. Eine neue Gesellschaft mit dem Namen Wein-Mehrweg eG wurde bereits gegr\u00fcndet. Sie soll die Weinflaschen in Umlauf bringen und das Pfandsystem regeln. Sinn macht das schon, denn Mehrwegflaschen k\u00f6nnen bis zu 50mal bef\u00fcllt werden. Das spart Ressourcen und Energie und vermeidet Abfall. Ein Pfandsystem f\u00fcr 1-l-Flaschen haben W\u00fcrttemberger Winzergenossenschaften \u00fcbrigens schon vor etlichen Jahren eingef\u00fchrt.<\/p>\t\t\t\t\t\t\t\t<\/div>\n\t\t\t\t<\/div>\n\t\t\t\t\t<\/div>\n\t\t<\/div>\n\t\t\t\t\t<\/div>\n\t\t<\/section>\n\t\t\t\t<section class=\"elementor-section elementor-top-section elementor-element elementor-element-4c8081a elementor-section-boxed elementor-section-height-default elementor-section-height-default\" data-id=\"4c8081a\" data-element_type=\"section\">\n\t\t\t\t\t\t<div class=\"elementor-container elementor-column-gap-default\">\n\t\t\t\t\t<div class=\"elementor-column elementor-col-100 elementor-top-column elementor-element elementor-element-15f9c0a\" data-id=\"15f9c0a\" data-element_type=\"column\">\n\t\t\t<div class=\"elementor-widget-wrap elementor-element-populated\">\n\t\t\t\t\t\t<div class=\"elementor-element elementor-element-cba32f2 elementor-widget elementor-widget-text-editor\" data-id=\"cba32f2\" data-element_type=\"widget\" data-widget_type=\"text-editor.default\">\n\t\t\t\t<div class=\"elementor-widget-container\">\n\t\t\t\t\t\t\t\t\t<p><strong>Wein in Bierflaschen<\/strong><\/p><p>Geradezu revolution\u00e4r ist der Schritt eines badischen Winzers, seinen Wein in braune 0,5-l-Mehrweg-Bierflaschen zu f\u00fcllen. Das Weingut bringt sogenannte Piwi-Weine auf den Markt. Das sind Weine aus neu gez\u00fcchteten Rebsorten, die besonders widerstandsf\u00e4hig gegen \u00adPilzkrankheiten sind. Ein breites Umdenken bei der Weinverpackung in der Branche \u2013 so ist der Gedanke \u2013 k\u00f6nnte sich positiv auf die Strukturen im Handel und auf das Konsumverhalten auswirken.<\/p><p>B.\u2009P.\u2009\u2009\u00a0<\/p>\t\t\t\t\t\t\t\t<\/div>\n\t\t\t\t<\/div>\n\t\t\t\t\t<\/div>\n\t\t<\/div>\n\t\t\t\t\t<\/div>\n\t\t<\/section>\n\t\t\t\t<section class=\"elementor-section elementor-top-section elementor-element elementor-element-227c4aff elementor-section-boxed elementor-section-height-default elementor-section-height-default\" data-id=\"227c4aff\" data-element_type=\"section\">\n\t\t\t\t\t\t<div class=\"elementor-container elementor-column-gap-default\">\n\t\t\t\t\t<div class=\"elementor-column elementor-col-100 elementor-top-column elementor-element elementor-element-1ec56569\" data-id=\"1ec56569\" data-element_type=\"column\">\n\t\t\t<div class=\"elementor-widget-wrap elementor-element-populated\">\n\t\t\t\t\t\t<div class=\"elementor-element elementor-element-564f376 elementor-widget elementor-widget-image\" data-id=\"564f376\" data-element_type=\"widget\" data-widget_type=\"image.default\">\n\t\t\t\t<div class=\"elementor-widget-container\">\n\t\t\t\t\t\t\t\t\t\t\t\t\t\t\t\t<a href=\"https:\/\/harnisch.com\/getraenke\/das-magazin\/\">\n\t\t\t\t\t\t\t<img decoding=\"async\" width=\"300\" height=\"105\" src=\"https:\/\/easyfairsassets.com\/sites\/345\/2023\/04\/Logo-Getraenke-Technologie-Marketing-2-300x105.jpg\" class=\"attachment-medium size-medium wp-image-44863\" alt=\"\" srcset=\"https:\/\/easyfairsassets.com\/sites\/345\/2023\/04\/Logo-Getraenke-Technologie-Marketing-2-300x105.jpg 300w, https:\/\/easyfairsassets.com\/sites\/345\/2023\/04\/Logo-Getraenke-Technologie-Marketing-2-1024x359.jpg 1024w, https:\/\/easyfairsassets.com\/sites\/345\/2023\/04\/Logo-Getraenke-Technologie-Marketing-2-768x269.jpg 768w, https:\/\/easyfairsassets.com\/sites\/345\/2023\/04\/Logo-Getraenke-Technologie-Marketing-2.jpg 1200w\" sizes=\"(max-width: 300px) 100vw, 300px\" \/>\t\t\t\t\t\t\t\t<\/a>\n\t\t\t\t\t\t\t\t\t\t\t\t\t\t\t<\/div>\n\t\t\t\t<\/div>\n\t\t\t\t\t<\/div>\n\t\t<\/div>\n\t\t\t\t\t<\/div>\n\t\t<\/section>\n\t\t\t\t<\/div>\n\t\t","protected":false},"excerpt":{"rendered":"<p>Getr\u00e4nkeverpackungen sollen Klima und Umwelt besser sch\u00fctzen<\/p>\n<p>Die Anspr\u00fcche der Konsumenten an Qualit\u00e4t und Nachhaltigkeit von Getr\u00e4nken sowie deren Verpackungen mit den zunehmenden Ausw\u00fcchsen des Klimawandels wachsen st\u00e4ndig. Die Getr\u00e4nkeindus\u00adtrie reagiert darauf mit intelligenten Technologien, \u00adressourcensparenden Maschinen und recyclingf\u00e4higen Materialien, die in geschlossenen Kreisl\u00e4ufen genutzt werden k\u00f6nnen.<\/p>\n","protected":false},"author":973,"featured_media":44847,"comment_status":"open","ping_status":"open","sticky":false,"template":"","format":"standard","meta":{"_seopress_robots_primary_cat":"none","_seopress_titles_title":"Innovative Konzepte f\u00fcr die Packmittelindustrie","_seopress_titles_desc":"Getr\u00e4nkeverpackungen sollen Klima und Umwelt besser sch\u00fctzen\r\n\r\nDie Anspr\u00fcche der Konsumenten an Qualit\u00e4t und Nachhaltigkeit von Getr\u00e4nken sowie deren Verpackungen mit den zunehmenden Ausw\u00fcchsen des Klimawandels wachsen st\u00e4ndig. Die Getr\u00e4nkeindus\u00adtrie reagiert darauf mit intelligenten Technologien, \u00adressourcensparenden Maschinen und recyclingf\u00e4higen Materialien, die in geschlossenen Kreisl\u00e4ufen genutzt werden k\u00f6nnen.","_seopress_robots_index":"","footnotes":""},"categories":[299],"tags":[],"edition":[],"class_list":["post-44841","post","type-post","status-publish","format-standard","has-post-thumbnail","hentry","category-allgemein"],"_links":{"self":[{"href":"https:\/\/www.dortmund.empack-messen.de\/de\/wp-json\/wp\/v2\/posts\/44841","targetHints":{"allow":["GET"]}}],"collection":[{"href":"https:\/\/www.dortmund.empack-messen.de\/de\/wp-json\/wp\/v2\/posts"}],"about":[{"href":"https:\/\/www.dortmund.empack-messen.de\/de\/wp-json\/wp\/v2\/types\/post"}],"author":[{"embeddable":true,"href":"https:\/\/www.dortmund.empack-messen.de\/de\/wp-json\/wp\/v2\/users\/973"}],"replies":[{"embeddable":true,"href":"https:\/\/www.dortmund.empack-messen.de\/de\/wp-json\/wp\/v2\/comments?post=44841"}],"version-history":[{"count":0,"href":"https:\/\/www.dortmund.empack-messen.de\/de\/wp-json\/wp\/v2\/posts\/44841\/revisions"}],"wp:featuredmedia":[{"embeddable":true,"href":"https:\/\/www.dortmund.empack-messen.de\/de\/wp-json\/wp\/v2\/media\/44847"}],"wp:attachment":[{"href":"https:\/\/www.dortmund.empack-messen.de\/de\/wp-json\/wp\/v2\/media?parent=44841"}],"wp:term":[{"taxonomy":"category","embeddable":true,"href":"https:\/\/www.dortmund.empack-messen.de\/de\/wp-json\/wp\/v2\/categories?post=44841"},{"taxonomy":"post_tag","embeddable":true,"href":"https:\/\/www.dortmund.empack-messen.de\/de\/wp-json\/wp\/v2\/tags?post=44841"},{"taxonomy":"edition","embeddable":true,"href":"https:\/\/www.dortmund.empack-messen.de\/de\/wp-json\/wp\/v2\/edition?post=44841"}],"curies":[{"name":"wp","href":"https:\/\/api.w.org\/{rel}","templated":true}]}}