{"id":42004,"date":"2023-01-18T10:37:01","date_gmt":"2023-01-18T09:37:01","guid":{"rendered":"https:\/\/www.dortmund.empack-messen.de\/?p=42004"},"modified":"2023-05-08T10:56:29","modified_gmt":"2023-05-08T08:56:29","slug":"ausgerechnet-bananen","status":"publish","type":"post","link":"https:\/\/www.dortmund.empack-messen.de\/de\/2023\/01\/18\/ausgerechnet-bananen\/","title":{"rendered":"Ausgerechnet Bananen!"},"content":{"rendered":"\t\t<div data-elementor-type=\"wp-post\" data-elementor-id=\"42004\" class=\"elementor elementor-42004\" data-elementor-post-type=\"post\">\n\t\t\t\t\t\t<section class=\"elementor-section elementor-top-section elementor-element elementor-element-47f5359b elementor-section-boxed elementor-section-height-default elementor-section-height-default\" data-id=\"47f5359b\" data-element_type=\"section\">\n\t\t\t\t\t\t<div class=\"elementor-container elementor-column-gap-default\">\n\t\t\t\t\t<div class=\"elementor-column elementor-col-100 elementor-top-column elementor-element elementor-element-68309c97\" data-id=\"68309c97\" data-element_type=\"column\">\n\t\t\t<div class=\"elementor-widget-wrap elementor-element-populated\">\n\t\t\t\t\t\t<div class=\"elementor-element elementor-element-7cadc2b4 elementor-widget elementor-widget-spacer\" data-id=\"7cadc2b4\" data-element_type=\"widget\" data-widget_type=\"spacer.default\">\n\t\t\t\t<div class=\"elementor-widget-container\">\n\t\t\t\t\t\t\t<div class=\"elementor-spacer\">\n\t\t\t<div class=\"elementor-spacer-inner\"><\/div>\n\t\t<\/div>\n\t\t\t\t\t\t<\/div>\n\t\t\t\t<\/div>\n\t\t\t\t<div class=\"elementor-element elementor-element-3f661bd elementor-widget elementor-widget-theme-post-featured-image elementor-widget-image\" data-id=\"3f661bd\" data-element_type=\"widget\" data-widget_type=\"theme-post-featured-image.default\">\n\t\t\t\t<div class=\"elementor-widget-container\">\n\t\t\t\t\t\t\t\t\t\t\t\t\t\t\t<img fetchpriority=\"high\" decoding=\"async\" width=\"1920\" height=\"1080\" src=\"https:\/\/easyfairsassets.com\/sites\/345\/2023\/01\/EMP_Blogbeitrag_Ausgerechnet-Bananen.png\" class=\"attachment-full size-full wp-image-42014\" alt=\"\" srcset=\"https:\/\/easyfairsassets.com\/sites\/345\/2023\/01\/EMP_Blogbeitrag_Ausgerechnet-Bananen.png 1920w, https:\/\/easyfairsassets.com\/sites\/345\/2023\/01\/EMP_Blogbeitrag_Ausgerechnet-Bananen-300x169.png 300w, https:\/\/easyfairsassets.com\/sites\/345\/2023\/01\/EMP_Blogbeitrag_Ausgerechnet-Bananen-1024x576.png 1024w, https:\/\/easyfairsassets.com\/sites\/345\/2023\/01\/EMP_Blogbeitrag_Ausgerechnet-Bananen-768x432.png 768w, https:\/\/easyfairsassets.com\/sites\/345\/2023\/01\/EMP_Blogbeitrag_Ausgerechnet-Bananen-1536x864.png 1536w\" sizes=\"(max-width: 1920px) 100vw, 1920px\" \/>\t\t\t\t\t\t\t\t\t\t\t\t\t\t\t<\/div>\n\t\t\t\t<\/div>\n\t\t\t\t<div class=\"elementor-element elementor-element-65a17049 elementor-widget elementor-widget-theme-post-title elementor-page-title elementor-widget-heading\" data-id=\"65a17049\" data-element_type=\"widget\" data-widget_type=\"theme-post-title.default\">\n\t\t\t\t<div class=\"elementor-widget-container\">\n\t\t\t\t\t<h1 class=\"elementor-heading-title elementor-size-large\">Ausgerechnet Bananen!<\/h1>\t\t\t\t<\/div>\n\t\t\t\t<\/div>\n\t\t\t\t<div class=\"elementor-element elementor-element-3108685 elementor-widget elementor-widget-post-info\" data-id=\"3108685\" data-element_type=\"widget\" data-widget_type=\"post-info.default\">\n\t\t\t\t<div class=\"elementor-widget-container\">\n\t\t\t\t\t\t\t<ul class=\"elementor-inline-items elementor-icon-list-items elementor-post-info\">\n\t\t\t\t\t\t\t\t<li class=\"elementor-icon-list-item elementor-repeater-item-7148c75 elementor-inline-item\" itemprop=\"datePublished\">\n\t\t\t\t\t\t<a href=\"https:\/\/www.dortmund.empack-messen.de\/de\/2023\/01\/18\/\">\n\t\t\t\t\t\t\t\t\t\t\t<span class=\"elementor-icon-list-icon\">\n\t\t\t\t\t\t\t\t<i aria-hidden=\"true\" class=\"fas fa-calendar\"><\/i>\t\t\t\t\t\t\t<\/span>\n\t\t\t\t\t\t\t\t\t<span class=\"elementor-icon-list-text elementor-post-info__item elementor-post-info__item--type-date\">\n\t\t\t\t\t\t\t\t\t\t<time>18. Januar 2023<\/time>\t\t\t\t\t<\/span>\n\t\t\t\t\t\t\t\t\t<\/a>\n\t\t\t\t<\/li>\n\t\t\t\t<li class=\"elementor-icon-list-item elementor-repeater-item-8fc826b elementor-inline-item\" itemprop=\"about\">\n\t\t\t\t\t\t\t\t\t\t<span class=\"elementor-icon-list-icon\">\n\t\t\t\t\t\t\t\t<i aria-hidden=\"true\" class=\"fas fa-tags\"><\/i>\t\t\t\t\t\t\t<\/span>\n\t\t\t\t\t\t\t\t\t<span class=\"elementor-icon-list-text elementor-post-info__item elementor-post-info__item--type-terms\">\n\t\t\t\t\t\t\t\t\t\t<span class=\"elementor-post-info__terms-list\">\n\t\t\t\t<a href=\"https:\/\/www.dortmund.empack-messen.de\/de\/category\/allgemein\/\" class=\"elementor-post-info__terms-list-item\">Allgemein<\/a>\t\t\t\t<\/span>\n\t\t\t\t\t<\/span>\n\t\t\t\t\t\t\t\t<\/li>\n\t\t\t\t<\/ul>\n\t\t\t\t\t\t<\/div>\n\t\t\t\t<\/div>\n\t\t\t\t<div class=\"elementor-element elementor-element-176ebe38 elementor-widget elementor-widget-spacer\" data-id=\"176ebe38\" data-element_type=\"widget\" data-widget_type=\"spacer.default\">\n\t\t\t\t<div class=\"elementor-widget-container\">\n\t\t\t\t\t\t\t<div class=\"elementor-spacer\">\n\t\t\t<div class=\"elementor-spacer-inner\"><\/div>\n\t\t<\/div>\n\t\t\t\t\t\t<\/div>\n\t\t\t\t<\/div>\n\t\t\t\t\t<\/div>\n\t\t<\/div>\n\t\t\t\t\t<\/div>\n\t\t<\/section>\n\t\t\t\t<section class=\"elementor-section elementor-top-section elementor-element elementor-element-a78bf7e elementor-section-boxed elementor-section-height-default elementor-section-height-default\" data-id=\"a78bf7e\" data-element_type=\"section\">\n\t\t\t\t\t\t<div class=\"elementor-container elementor-column-gap-default\">\n\t\t\t\t\t<div class=\"elementor-column elementor-col-100 elementor-top-column elementor-element elementor-element-58e5f674\" data-id=\"58e5f674\" data-element_type=\"column\">\n\t\t\t<div class=\"elementor-widget-wrap elementor-element-populated\">\n\t\t\t\t\t\t<div class=\"elementor-element elementor-element-68d03f1 elementor-widget elementor-widget-text-editor\" data-id=\"68d03f1\" data-element_type=\"widget\" data-widget_type=\"text-editor.default\">\n\t\t\t\t<div class=\"elementor-widget-container\">\n\t\t\t\t\t\t\t\t\t<p>Warum ist eine Banane smarter und zugleich nachhaltiger als zum Beispiel eine Birne? Ganz einfach: Wenn sie nicht sofort von der Staude oder vom Baum weg gepfl\u00fcckt und verzehrt wird, ist sie viel besser darauf eingerichtet, als Nahrungsmittel und Vitaminspender zu dienen. Tausende von Kilometer kann sie reisen, ganz ohne besondere Transportverpackung, dabei sogar in aller Ruhe noch nachreifen.<\/p>\t\t\t\t\t\t\t\t<\/div>\n\t\t\t\t<\/div>\n\t\t\t\t\t<\/div>\n\t\t<\/div>\n\t\t\t\t\t<\/div>\n\t\t<\/section>\n\t\t\t\t<section class=\"elementor-section elementor-top-section elementor-element elementor-element-3d0d4618 elementor-section-boxed elementor-section-height-default elementor-section-height-default\" data-id=\"3d0d4618\" data-element_type=\"section\">\n\t\t\t\t\t\t<div class=\"elementor-container elementor-column-gap-default\">\n\t\t\t\t\t<div class=\"elementor-column elementor-col-100 elementor-top-column elementor-element elementor-element-19fa71ce\" data-id=\"19fa71ce\" data-element_type=\"column\">\n\t\t\t<div class=\"elementor-widget-wrap elementor-element-populated\">\n\t\t\t\t\t\t<div class=\"elementor-element elementor-element-3eceefe2 elementor-widget elementor-widget-spacer\" data-id=\"3eceefe2\" data-element_type=\"widget\" data-widget_type=\"spacer.default\">\n\t\t\t\t<div class=\"elementor-widget-container\">\n\t\t\t\t\t\t\t<div class=\"elementor-spacer\">\n\t\t\t<div class=\"elementor-spacer-inner\"><\/div>\n\t\t<\/div>\n\t\t\t\t\t\t<\/div>\n\t\t\t\t<\/div>\n\t\t\t\t<div class=\"elementor-element elementor-element-74fd5132 elementor-widget elementor-widget-text-editor\" data-id=\"74fd5132\" data-element_type=\"widget\" data-widget_type=\"text-editor.default\">\n\t\t\t\t<div class=\"elementor-widget-container\">\n\t\t\t\t\t\t\t\t\t<p>Wobei man zugeben muss: Das geht nicht ohne K\u00fchlung und der Seetransport verbraucht auch CO<sub>2<\/sub>. Die Nachhaltigkeit gilt also nur auf gleich kurzen Wegen. Dann aber ist es wirklich beeindruckend, dass die Banane seit tausenden von Jahren genau das leistet, was heute als \u201esmarte\u201c Verpackung gilt. Sie ben\u00f6tigt keinen besonderen Schutz, d.h. keine Extraverpackung, wenn man sie vom Obsth\u00e4ndler oder Supermarkt nach Hause tr\u00e4gt. Sie ist von Natur aus \u201eunverpackt\u201c und dennoch sch\u00fctzt die mehrlagige Schale den weichen Inhalt aufs Beste. Au\u00dferdem ist die Verpackung passgenau auf die Gr\u00f6\u00dfe der Banane abgestimmt. Leicht \u00f6ffnen l\u00e4sst sie sich auch.<\/p><p>Und w\u00e4hrend bei industriell hergestellten mehrlagigen Verpackungen sofort das kritische Thema Recycling aufpoppt, ist das bei der Banane gar kein Problem: einfach auf den Komposthaufen damit! Oder man gewinnt aus den Schalen Biogas und damit Energie.<\/p>\t\t\t\t\t\t\t\t<\/div>\n\t\t\t\t<\/div>\n\t\t\t\t\t<\/div>\n\t\t<\/div>\n\t\t\t\t\t<\/div>\n\t\t<\/section>\n\t\t\t\t<section class=\"elementor-section elementor-top-section elementor-element elementor-element-3eae54d5 elementor-section-boxed elementor-section-height-default elementor-section-height-default\" data-id=\"3eae54d5\" data-element_type=\"section\">\n\t\t\t\t\t\t<div class=\"elementor-container elementor-column-gap-default\">\n\t\t\t\t\t<div class=\"elementor-column elementor-col-100 elementor-top-column elementor-element elementor-element-5cea9372\" data-id=\"5cea9372\" data-element_type=\"column\">\n\t\t\t<div class=\"elementor-widget-wrap elementor-element-populated\">\n\t\t\t\t\t\t<div class=\"elementor-element elementor-element-32d8201a elementor-widget elementor-widget-text-editor\" data-id=\"32d8201a\" data-element_type=\"widget\" data-widget_type=\"text-editor.default\">\n\t\t\t\t<div class=\"elementor-widget-container\">\n\t\t\t\t\t\t\t\t\t<p>Im Grunde genommen handelt es sich bei der Bananenschale um eine \u201egewachsene\u201c Verpackung, die mit dem Produkt selbst entsteht. L\u00e4sst sich diese Idee auf andere, vielleicht sogar auf industriell hergestellte Produkte \u00fcbertragen? Dann steht am Ende eines Produktionsprozesses direkt das Produkt, das gar nicht mehr extra verpackt oder abgef\u00fcllt werden muss. Ist das technisch m\u00f6glich? Oder kann es zumindest als Anregung f\u00fcr das Design von neuen, smarten Verpackungen dienen?<\/p>\t\t\t\t\t\t\t\t<\/div>\n\t\t\t\t<\/div>\n\t\t\t\t\t<\/div>\n\t\t<\/div>\n\t\t\t\t\t<\/div>\n\t\t<\/section>\n\t\t\t\t<section class=\"elementor-section elementor-top-section elementor-element elementor-element-138687bb elementor-section-boxed elementor-section-height-default elementor-section-height-default\" data-id=\"138687bb\" data-element_type=\"section\">\n\t\t\t\t\t\t<div class=\"elementor-container elementor-column-gap-default\">\n\t\t\t\t\t<div class=\"elementor-column elementor-col-100 elementor-top-column elementor-element elementor-element-649812d6\" data-id=\"649812d6\" data-element_type=\"column\">\n\t\t\t<div class=\"elementor-widget-wrap elementor-element-populated\">\n\t\t\t\t\t\t<div class=\"elementor-element elementor-element-ecb1f98 elementor-widget elementor-widget-text-editor\" data-id=\"ecb1f98\" data-element_type=\"widget\" data-widget_type=\"text-editor.default\">\n\t\t\t\t<div class=\"elementor-widget-container\">\n\t\t\t\t\t\t\t\t\t<p>Die Frage ist erlaubt, und sie kann diskutiert werden \u2013 am besten mit Experten. Eine Gelegenheit dazu wird die Fachmesse EMPACK bieten, die am 14. und 15. Juni 2023 in Hamburg (Messehalle Schnelsen) stattfindet. Viele kluge K\u00f6pfe der Verpackungstechnik werden vor Ort sein: Hersteller, Entwickler und Designer von innovativen Verpackungen. Sie haben bestimmt auch Ideen, wie sich die Grundidee der smarten Bananenschale an andere Verpackungsaufgaben anpassen l\u00e4sst.<\/p>\t\t\t\t\t\t\t\t<\/div>\n\t\t\t\t<\/div>\n\t\t\t\t\t<\/div>\n\t\t<\/div>\n\t\t\t\t\t<\/div>\n\t\t<\/section>\n\t\t\t\t<section class=\"elementor-section elementor-top-section elementor-element elementor-element-227c4aff elementor-section-boxed elementor-section-height-default elementor-section-height-default\" data-id=\"227c4aff\" data-element_type=\"section\">\n\t\t\t\t\t\t<div class=\"elementor-container elementor-column-gap-default\">\n\t\t\t\t\t<div class=\"elementor-column elementor-col-100 elementor-top-column elementor-element elementor-element-1ec56569\" data-id=\"1ec56569\" data-element_type=\"column\">\n\t\t\t<div class=\"elementor-widget-wrap\">\n\t\t\t\t\t\t\t<\/div>\n\t\t<\/div>\n\t\t\t\t\t<\/div>\n\t\t<\/section>\n\t\t\t\t<\/div>\n\t\t","protected":false},"excerpt":{"rendered":"<p>Warum ist eine Banane smarter und zugleich nachhaltiger als zum Beispiel eine Birne? Ganz einfach: Wenn sie nicht sofort von der Staude oder vom Baum weg gepfl\u00fcckt und verzehrt wird, ist sie viel besser darauf eingerichtet, als Nahrungs-mittel und Vitaminspender zu dienen. Tausende von Kilometer kann sie reisen, ganz ohne besondere Transportverpackung, dabei sogar in aller Ruhe noch nachreifen. <\/p>\n","protected":false},"author":341,"featured_media":42014,"comment_status":"open","ping_status":"open","sticky":false,"template":"","format":"standard","meta":{"_seopress_robots_primary_cat":"none","_seopress_titles_title":"Ausgerechnet Bananen!","_seopress_titles_desc":"Warum ist eine Banane smarter und zugleich nachhaltiger als zum Beispiel eine Bir-ne? Ganz einfach: Wenn sie nicht sofort von der Staude oder vom Baum weg ge-pfl\u00fcckt und verzehrt wird, ist sie viel besser darauf eingerichtet, als Nahrungsmittel und Vitaminspender zu dienen. Tausende von Kilometer kann sie reisen, ganz ohne besondere Transportverpackung, dabei sogar in aller Ruhe noch nachreifen. ","_seopress_robots_index":"","footnotes":""},"categories":[299],"tags":[],"edition":[],"class_list":["post-42004","post","type-post","status-publish","format-standard","has-post-thumbnail","hentry","category-allgemein"],"_links":{"self":[{"href":"https:\/\/www.dortmund.empack-messen.de\/de\/wp-json\/wp\/v2\/posts\/42004","targetHints":{"allow":["GET"]}}],"collection":[{"href":"https:\/\/www.dortmund.empack-messen.de\/de\/wp-json\/wp\/v2\/posts"}],"about":[{"href":"https:\/\/www.dortmund.empack-messen.de\/de\/wp-json\/wp\/v2\/types\/post"}],"author":[{"embeddable":true,"href":"https:\/\/www.dortmund.empack-messen.de\/de\/wp-json\/wp\/v2\/users\/341"}],"replies":[{"embeddable":true,"href":"https:\/\/www.dortmund.empack-messen.de\/de\/wp-json\/wp\/v2\/comments?post=42004"}],"version-history":[{"count":0,"href":"https:\/\/www.dortmund.empack-messen.de\/de\/wp-json\/wp\/v2\/posts\/42004\/revisions"}],"wp:featuredmedia":[{"embeddable":true,"href":"https:\/\/www.dortmund.empack-messen.de\/de\/wp-json\/wp\/v2\/media\/42014"}],"wp:attachment":[{"href":"https:\/\/www.dortmund.empack-messen.de\/de\/wp-json\/wp\/v2\/media?parent=42004"}],"wp:term":[{"taxonomy":"category","embeddable":true,"href":"https:\/\/www.dortmund.empack-messen.de\/de\/wp-json\/wp\/v2\/categories?post=42004"},{"taxonomy":"post_tag","embeddable":true,"href":"https:\/\/www.dortmund.empack-messen.de\/de\/wp-json\/wp\/v2\/tags?post=42004"},{"taxonomy":"edition","embeddable":true,"href":"https:\/\/www.dortmund.empack-messen.de\/de\/wp-json\/wp\/v2\/edition?post=42004"}],"curies":[{"name":"wp","href":"https:\/\/api.w.org\/{rel}","templated":true}]}}