{"id":40581,"date":"2022-10-14T13:59:13","date_gmt":"2022-10-14T11:59:13","guid":{"rendered":"https:\/\/www.dortmund.empack-messen.de\/?p=40581"},"modified":"2022-10-14T14:02:46","modified_gmt":"2022-10-14T12:02:46","slug":"was-ist-wirklich-nachhaltig","status":"publish","type":"post","link":"https:\/\/www.dortmund.empack-messen.de\/de\/2022\/10\/14\/was-ist-wirklich-nachhaltig\/","title":{"rendered":"Was ist wirklich nachhaltig?"},"content":{"rendered":"\t\t<div data-elementor-type=\"wp-post\" data-elementor-id=\"40581\" class=\"elementor elementor-40581\" data-elementor-post-type=\"post\">\n\t\t\t\t\t\t<section class=\"elementor-section elementor-top-section elementor-element elementor-element-47f5359b elementor-section-boxed elementor-section-height-default elementor-section-height-default\" data-id=\"47f5359b\" data-element_type=\"section\">\n\t\t\t\t\t\t<div class=\"elementor-container elementor-column-gap-default\">\n\t\t\t\t\t<div class=\"elementor-column elementor-col-100 elementor-top-column elementor-element elementor-element-68309c97\" data-id=\"68309c97\" data-element_type=\"column\">\n\t\t\t<div class=\"elementor-widget-wrap elementor-element-populated\">\n\t\t\t\t\t\t<div class=\"elementor-element elementor-element-7cadc2b4 elementor-widget elementor-widget-spacer\" data-id=\"7cadc2b4\" data-element_type=\"widget\" data-widget_type=\"spacer.default\">\n\t\t\t\t<div class=\"elementor-widget-container\">\n\t\t\t\t\t\t\t<div class=\"elementor-spacer\">\n\t\t\t<div class=\"elementor-spacer-inner\"><\/div>\n\t\t<\/div>\n\t\t\t\t\t\t<\/div>\n\t\t\t\t<\/div>\n\t\t\t\t<div class=\"elementor-element elementor-element-3f661bd elementor-widget elementor-widget-theme-post-featured-image elementor-widget-image\" data-id=\"3f661bd\" data-element_type=\"widget\" data-widget_type=\"theme-post-featured-image.default\">\n\t\t\t\t<div class=\"elementor-widget-container\">\n\t\t\t\t\t\t\t\t\t\t\t\t\t\t\t<img fetchpriority=\"high\" decoding=\"async\" width=\"1500\" height=\"562\" src=\"https:\/\/easyfairsassets.com\/sites\/345\/2022\/10\/EM_DO_HH_23_Blogbeitrag-Nachhaltigkeit_SEP.png\" class=\"attachment-full size-full wp-image-40591\" alt=\"\" srcset=\"https:\/\/easyfairsassets.com\/sites\/345\/2022\/10\/EM_DO_HH_23_Blogbeitrag-Nachhaltigkeit_SEP.png 1500w, https:\/\/easyfairsassets.com\/sites\/345\/2022\/10\/EM_DO_HH_23_Blogbeitrag-Nachhaltigkeit_SEP-300x112.png 300w, https:\/\/easyfairsassets.com\/sites\/345\/2022\/10\/EM_DO_HH_23_Blogbeitrag-Nachhaltigkeit_SEP-1024x384.png 1024w, https:\/\/easyfairsassets.com\/sites\/345\/2022\/10\/EM_DO_HH_23_Blogbeitrag-Nachhaltigkeit_SEP-768x288.png 768w\" sizes=\"(max-width: 1500px) 100vw, 1500px\" \/>\t\t\t\t\t\t\t\t\t\t\t\t\t\t\t<\/div>\n\t\t\t\t<\/div>\n\t\t\t\t<div class=\"elementor-element elementor-element-65a17049 elementor-widget elementor-widget-theme-post-title elementor-page-title elementor-widget-heading\" data-id=\"65a17049\" data-element_type=\"widget\" data-widget_type=\"theme-post-title.default\">\n\t\t\t\t<div class=\"elementor-widget-container\">\n\t\t\t\t\t<h1 class=\"elementor-heading-title elementor-size-large\">Was ist wirklich nachhaltig?<\/h1>\t\t\t\t<\/div>\n\t\t\t\t<\/div>\n\t\t\t\t<div class=\"elementor-element elementor-element-3108685 elementor-widget elementor-widget-post-info\" data-id=\"3108685\" data-element_type=\"widget\" data-widget_type=\"post-info.default\">\n\t\t\t\t<div class=\"elementor-widget-container\">\n\t\t\t\t\t\t\t<ul class=\"elementor-inline-items elementor-icon-list-items elementor-post-info\">\n\t\t\t\t\t\t\t\t<li class=\"elementor-icon-list-item elementor-repeater-item-7148c75 elementor-inline-item\" itemprop=\"datePublished\">\n\t\t\t\t\t\t<a href=\"https:\/\/www.dortmund.empack-messen.de\/de\/2022\/10\/14\/\">\n\t\t\t\t\t\t\t\t\t\t\t<span class=\"elementor-icon-list-icon\">\n\t\t\t\t\t\t\t\t<i aria-hidden=\"true\" class=\"fas fa-calendar\"><\/i>\t\t\t\t\t\t\t<\/span>\n\t\t\t\t\t\t\t\t\t<span class=\"elementor-icon-list-text elementor-post-info__item elementor-post-info__item--type-date\">\n\t\t\t\t\t\t\t\t\t\t<time>14. Oktober 2022<\/time>\t\t\t\t\t<\/span>\n\t\t\t\t\t\t\t\t\t<\/a>\n\t\t\t\t<\/li>\n\t\t\t\t<li class=\"elementor-icon-list-item elementor-repeater-item-8fc826b elementor-inline-item\" itemprop=\"about\">\n\t\t\t\t\t\t\t\t\t\t<span class=\"elementor-icon-list-icon\">\n\t\t\t\t\t\t\t\t<i aria-hidden=\"true\" class=\"fas fa-tags\"><\/i>\t\t\t\t\t\t\t<\/span>\n\t\t\t\t\t\t\t\t\t<span class=\"elementor-icon-list-text elementor-post-info__item elementor-post-info__item--type-terms\">\n\t\t\t\t\t\t\t\t\t\t<span class=\"elementor-post-info__terms-list\">\n\t\t\t\t<a href=\"https:\/\/www.dortmund.empack-messen.de\/de\/category\/allgemein\/\" class=\"elementor-post-info__terms-list-item\">Allgemein<\/a>\t\t\t\t<\/span>\n\t\t\t\t\t<\/span>\n\t\t\t\t\t\t\t\t<\/li>\n\t\t\t\t<\/ul>\n\t\t\t\t\t\t<\/div>\n\t\t\t\t<\/div>\n\t\t\t\t<div class=\"elementor-element elementor-element-176ebe38 elementor-widget elementor-widget-spacer\" data-id=\"176ebe38\" data-element_type=\"widget\" data-widget_type=\"spacer.default\">\n\t\t\t\t<div class=\"elementor-widget-container\">\n\t\t\t\t\t\t\t<div class=\"elementor-spacer\">\n\t\t\t<div class=\"elementor-spacer-inner\"><\/div>\n\t\t<\/div>\n\t\t\t\t\t\t<\/div>\n\t\t\t\t<\/div>\n\t\t\t\t\t<\/div>\n\t\t<\/div>\n\t\t\t\t\t<\/div>\n\t\t<\/section>\n\t\t\t\t<section class=\"elementor-section elementor-top-section elementor-element elementor-element-a78bf7e elementor-section-boxed elementor-section-height-default elementor-section-height-default\" data-id=\"a78bf7e\" data-element_type=\"section\">\n\t\t\t\t\t\t<div class=\"elementor-container elementor-column-gap-default\">\n\t\t\t\t\t<div class=\"elementor-column elementor-col-100 elementor-top-column elementor-element elementor-element-58e5f674\" data-id=\"58e5f674\" data-element_type=\"column\">\n\t\t\t<div class=\"elementor-widget-wrap elementor-element-populated\">\n\t\t\t\t\t\t<div class=\"elementor-element elementor-element-68d03f1 elementor-widget elementor-widget-text-editor\" data-id=\"68d03f1\" data-element_type=\"widget\" data-widget_type=\"text-editor.default\">\n\t\t\t\t<div class=\"elementor-widget-container\">\n\t\t\t\t\t\t\t\t\t<p>Kennen Sie Hans Carl von Carlowitz? Vermutlich eher nicht. Er lebte von 1645 bis 1714 und war Oberbergrat im Erzgebirge. Aber Sie kennen garantiert den von ihm in die Welt gebrachten Begriff. 1713 ver\u00f6ffentlichte er das erste deutsche Fachbuch, das sich mit Forstwirtschaft besch\u00e4ftigt: \u201eAnweisung zur wilden Baum-Zucht\u201c. Darin pr\u00e4gte er den Begriff der Nachhaltigkeit (der \u00fcbrigens nur einmal in dem ganzen Buch vorkommt).<\/p>\t\t\t\t\t\t\t\t<\/div>\n\t\t\t\t<\/div>\n\t\t\t\t\t<\/div>\n\t\t<\/div>\n\t\t\t\t\t<\/div>\n\t\t<\/section>\n\t\t\t\t<section class=\"elementor-section elementor-top-section elementor-element elementor-element-3d0d4618 elementor-section-boxed elementor-section-height-default elementor-section-height-default\" data-id=\"3d0d4618\" data-element_type=\"section\">\n\t\t\t\t\t\t<div class=\"elementor-container elementor-column-gap-default\">\n\t\t\t\t\t<div class=\"elementor-column elementor-col-100 elementor-top-column elementor-element elementor-element-19fa71ce\" data-id=\"19fa71ce\" data-element_type=\"column\">\n\t\t\t<div class=\"elementor-widget-wrap elementor-element-populated\">\n\t\t\t\t\t\t<div class=\"elementor-element elementor-element-1a63c127 elementor-widget elementor-widget-heading\" data-id=\"1a63c127\" data-element_type=\"widget\" data-widget_type=\"heading.default\">\n\t\t\t\t<div class=\"elementor-widget-container\">\n\t\t\t\t\t<h3 class=\"elementor-heading-title elementor-size-default\">Ziel: Kontinuit\u00e4t sicherstellen<\/h3>\t\t\t\t<\/div>\n\t\t\t\t<\/div>\n\t\t\t\t<div class=\"elementor-element elementor-element-3eceefe2 elementor-widget elementor-widget-spacer\" data-id=\"3eceefe2\" data-element_type=\"widget\" data-widget_type=\"spacer.default\">\n\t\t\t\t<div class=\"elementor-widget-container\">\n\t\t\t\t\t\t\t<div class=\"elementor-spacer\">\n\t\t\t<div class=\"elementor-spacer-inner\"><\/div>\n\t\t<\/div>\n\t\t\t\t\t\t<\/div>\n\t\t\t\t<\/div>\n\t\t\t\t<div class=\"elementor-element elementor-element-74fd5132 elementor-widget elementor-widget-text-editor\" data-id=\"74fd5132\" data-element_type=\"widget\" data-widget_type=\"text-editor.default\">\n\t\t\t\t<div class=\"elementor-widget-container\">\n\t\t\t\t\t\t\t\t\t<p>Damit beschrieb er den Grundsatz, der heute nicht nur f\u00fcr die Bewirtschaftung des Waldes gilt: Es darf nicht mehr geerntet bzw. gef\u00e4llt werden als nachwachsen kann. Anders ausgedr\u00fcckt: <strong>Wer abholzt, sollte auch wieder aufforsten<\/strong> \u2013 mit dem Ziel, die <strong>dauerhafte Kontinuit\u00e4t<\/strong> der Holzversorgung sicherzustellen.<\/p><p>Das war im 18. Jahrhundert ein hoch <strong>aktuelles Thema<\/strong>, denn Holz war europaweit knapp. Es herrschte, um es modern auszudr\u00fccken, eine <strong>Energiekrise<\/strong>, verursacht durch <strong>Bev\u00f6lkerungswachstum<\/strong> und den gro\u00dfen Holzbedarf im Bergbau.<\/p>\t\t\t\t\t\t\t\t<\/div>\n\t\t\t\t<\/div>\n\t\t\t\t\t<\/div>\n\t\t<\/div>\n\t\t\t\t\t<\/div>\n\t\t<\/section>\n\t\t\t\t<section class=\"elementor-section elementor-top-section elementor-element elementor-element-3eae54d5 elementor-section-boxed elementor-section-height-default elementor-section-height-default\" data-id=\"3eae54d5\" data-element_type=\"section\">\n\t\t\t\t\t\t<div class=\"elementor-container elementor-column-gap-default\">\n\t\t\t\t\t<div class=\"elementor-column elementor-col-100 elementor-top-column elementor-element elementor-element-5cea9372\" data-id=\"5cea9372\" data-element_type=\"column\">\n\t\t\t<div class=\"elementor-widget-wrap elementor-element-populated\">\n\t\t\t\t\t\t<div class=\"elementor-element elementor-element-419c7fb8 elementor-widget elementor-widget-heading\" data-id=\"419c7fb8\" data-element_type=\"widget\" data-widget_type=\"heading.default\">\n\t\t\t\t<div class=\"elementor-widget-container\">\n\t\t\t\t\t<h3 class=\"elementor-heading-title elementor-size-default\">Der Begriff der Stunde<\/h3>\t\t\t\t<\/div>\n\t\t\t\t<\/div>\n\t\t\t\t<div class=\"elementor-element elementor-element-32d8201a elementor-widget elementor-widget-text-editor\" data-id=\"32d8201a\" data-element_type=\"widget\" data-widget_type=\"text-editor.default\">\n\t\t\t\t<div class=\"elementor-widget-container\">\n\t\t\t\t\t\t\t\t\t<p>Wenn Carl von Carlowitz heute durch eine Fachzeitschrift der Verpackungstechnik bl\u00e4ttern oder eine Verpackungs-Messe wie die <strong>EMPACK<\/strong> besuchen w\u00fcrde, w\u00e4re er sicherlich h\u00f6chst erstaunt. Nachhaltigkeit ist <strong>das Thema<\/strong> <strong>und das Unterscheidungskriterium im Wettstreit der Verpackungsmaterialien und Technologien<\/strong>, und in anderen Bereichen ebenso. Es gibt immer mehr Gesetze und Regelwerke, die sich auf die <strong>Nachhaltigkeit<\/strong> berufen. Selbst die B\u00f6rse bewertet Unternehmen nicht nur nach ihrer Finanz-Performance, sondern auch nach den <strong>ESG-Kriterien f\u00fcr Nachhaltigkeit<\/strong> (Environmental, Social, Governance).<\/p>\t\t\t\t\t\t\t\t<\/div>\n\t\t\t\t<\/div>\n\t\t\t\t\t<\/div>\n\t\t<\/div>\n\t\t\t\t\t<\/div>\n\t\t<\/section>\n\t\t\t\t<section class=\"elementor-section elementor-top-section elementor-element elementor-element-138687bb elementor-section-boxed elementor-section-height-default elementor-section-height-default\" data-id=\"138687bb\" data-element_type=\"section\">\n\t\t\t\t\t\t<div class=\"elementor-container elementor-column-gap-default\">\n\t\t\t\t\t<div class=\"elementor-column elementor-col-100 elementor-top-column elementor-element elementor-element-649812d6\" data-id=\"649812d6\" data-element_type=\"column\">\n\t\t\t<div class=\"elementor-widget-wrap elementor-element-populated\">\n\t\t\t\t\t\t<div class=\"elementor-element elementor-element-6694433b elementor-widget elementor-widget-heading\" data-id=\"6694433b\" data-element_type=\"widget\" data-widget_type=\"heading.default\">\n\t\t\t\t<div class=\"elementor-widget-container\">\n\t\t\t\t\t<h3 class=\"elementor-heading-title elementor-size-default\">Alles nachhaltig??<\/h3>\t\t\t\t<\/div>\n\t\t\t\t<\/div>\n\t\t\t\t<div class=\"elementor-element elementor-element-ecb1f98 elementor-widget elementor-widget-text-editor\" data-id=\"ecb1f98\" data-element_type=\"widget\" data-widget_type=\"text-editor.default\">\n\t\t\t\t<div class=\"elementor-widget-container\">\n\t\t\t\t\t\t\t\t\t<p>Auf den ersten Blick ist es vielleicht irritierend, wenn \u2013 am <strong>Beispiel der Verpackung<\/strong> \u2013 nahezu alle Technologien f\u00fcr sich die <strong>Nachhaltigkeit<\/strong> <strong>reklamieren<\/strong>. Einweg oder Mehrweg, Kunststoff oder Pappe, Holz oder Pressspan, Flasche oder Karton: alles pl\u00f6tzlich <strong>nachhaltig<\/strong>? Oder nur <strong>\u201eGreenwashing\u201c<\/strong>? Hat die eine Fraktion recht, die andere unrecht?<\/p>\t\t\t\t\t\t\t\t<\/div>\n\t\t\t\t<\/div>\n\t\t\t\t<div class=\"elementor-element elementor-element-7e946a88 elementor-widget elementor-widget-heading\" data-id=\"7e946a88\" data-element_type=\"widget\" data-widget_type=\"heading.default\">\n\t\t\t\t<div class=\"elementor-widget-container\">\n\t\t\t\t\t<h3 class=\"elementor-heading-title elementor-size-default\">Nicht nur vergleichen \u2013 auch Gemeinsamkeiten finden<\/h3>\t\t\t\t<\/div>\n\t\t\t\t<\/div>\n\t\t\t\t\t<\/div>\n\t\t<\/div>\n\t\t\t\t\t<\/div>\n\t\t<\/section>\n\t\t\t\t<section class=\"elementor-section elementor-top-section elementor-element elementor-element-5dc9b0b9 elementor-section-boxed elementor-section-height-default elementor-section-height-default\" data-id=\"5dc9b0b9\" data-element_type=\"section\">\n\t\t\t\t\t\t<div class=\"elementor-container elementor-column-gap-default\">\n\t\t\t\t\t<div class=\"elementor-column elementor-col-100 elementor-top-column elementor-element elementor-element-4a5219f8\" data-id=\"4a5219f8\" data-element_type=\"column\">\n\t\t\t<div class=\"elementor-widget-wrap elementor-element-populated\">\n\t\t\t\t\t\t<div class=\"elementor-element elementor-element-55fd10f9 elementor-widget elementor-widget-text-editor\" data-id=\"55fd10f9\" data-element_type=\"widget\" data-widget_type=\"text-editor.default\">\n\t\t\t\t<div class=\"elementor-widget-container\">\n\t\t\t\t\t\t\t\t\t<p>Wie soll man sich als <strong>Hersteller von G\u00fctern<\/strong>, die verpackt werden sollen, dazu stellen?<\/p><p>Hilfreich kann es sein, im ersten Schritt nicht die <strong>Nachhaltigkeit der einzelnen Werkstoffe und Technologien zu vergleichen<\/strong>, sondern erst einmal <strong>das Gemeinsame in den Blick zu nehmen<\/strong>. Und das ist: Die <strong>Kriterien<\/strong> f\u00fcr die <strong>Auswahl von Verpackungen<\/strong> haben sich verschoben. Faktoren wie Umweltvertr\u00e4glichkeit, Recyclingf\u00e4higkeit, Energieaufwand bei der Produktion, CO<sub>2<\/sub>-Footprint, spielen eine deutlich gr\u00f6\u00dfere Rolle, und das ist gut so. Auch die <strong>Verbraucher<\/strong> sch\u00e4tzen das, wie Umfragen zeigen (<em>Link zum Blog \u201eDarf es etwas teurer sein?\u201c\/ 13.4.2021).<\/em><\/p>\t\t\t\t\t\t\t\t<\/div>\n\t\t\t\t<\/div>\n\t\t\t\t\t<\/div>\n\t\t<\/div>\n\t\t\t\t\t<\/div>\n\t\t<\/section>\n\t\t\t\t<section class=\"elementor-section elementor-top-section elementor-element elementor-element-61e221dc elementor-section-boxed elementor-section-height-default elementor-section-height-default\" data-id=\"61e221dc\" data-element_type=\"section\">\n\t\t\t\t\t\t<div class=\"elementor-container elementor-column-gap-default\">\n\t\t\t\t\t<div class=\"elementor-column elementor-col-100 elementor-top-column elementor-element elementor-element-3dc46e29\" data-id=\"3dc46e29\" data-element_type=\"column\">\n\t\t\t<div class=\"elementor-widget-wrap elementor-element-populated\">\n\t\t\t\t\t\t<div class=\"elementor-element elementor-element-2cb8cc9 elementor-widget elementor-widget-heading\" data-id=\"2cb8cc9\" data-element_type=\"widget\" data-widget_type=\"heading.default\">\n\t\t\t\t<div class=\"elementor-widget-container\">\n\t\t\t\t\t<h3 class=\"elementor-heading-title elementor-size-default\">N\u00fctzlicher Wettstreit der Technologien<\/h3>\t\t\t\t<\/div>\n\t\t\t\t<\/div>\n\t\t\t\t\t<\/div>\n\t\t<\/div>\n\t\t\t\t\t<\/div>\n\t\t<\/section>\n\t\t\t\t<section class=\"elementor-section elementor-top-section elementor-element elementor-element-bb9730b elementor-section-boxed elementor-section-height-default elementor-section-height-default\" data-id=\"bb9730b\" data-element_type=\"section\">\n\t\t\t\t\t\t<div class=\"elementor-container elementor-column-gap-default\">\n\t\t\t\t\t<div class=\"elementor-column elementor-col-100 elementor-top-column elementor-element elementor-element-61bddb3e\" data-id=\"61bddb3e\" data-element_type=\"column\">\n\t\t\t<div class=\"elementor-widget-wrap elementor-element-populated\">\n\t\t\t\t\t\t<div class=\"elementor-element elementor-element-1abd420a elementor-widget elementor-widget-text-editor\" data-id=\"1abd420a\" data-element_type=\"widget\" data-widget_type=\"text-editor.default\">\n\t\t\t\t<div class=\"elementor-widget-container\">\n\t\t\t\t\t\t\t\t\t<p>Da<strong> alle Verpackungsmaterialien und \u2013technologien nachhaltiger<\/strong> werden, kann der Anwender nicht so ganz viel verkehrt machen, wenn er auf dem bekannten Pfad bleibt und die von ihm verwendete <strong>L\u00f6sung in Richtung Nachhaltigkeit weiterentwickelt<\/strong> \u2013 oder aber neue Wege geht, die <strong>weniger negativen Einfluss auf die Umwelt<\/strong> haben, weil sie z.B. weniger Ressourcen verbrauchen oder besser zu recyceln sind. <strong>Messen wie die EMPACK<\/strong> zeigen solche <strong>L\u00f6sungen<\/strong> und <strong>M\u00f6glichkeiten<\/strong> in jedem Verpackungssegment. Und sie zeigen, wie <strong>kreativ und innovativ<\/strong> die Hersteller von Verpackungen und Packmitteln sind, wenn es um die <strong>Schonung von Ressourcen<\/strong> geht.<\/p>\t\t\t\t\t\t\t\t<\/div>\n\t\t\t\t<\/div>\n\t\t\t\t\t<\/div>\n\t\t<\/div>\n\t\t\t\t\t<\/div>\n\t\t<\/section>\n\t\t\t\t<section class=\"elementor-section elementor-top-section elementor-element elementor-element-227c4aff elementor-section-boxed elementor-section-height-default elementor-section-height-default\" data-id=\"227c4aff\" data-element_type=\"section\">\n\t\t\t\t\t\t<div class=\"elementor-container elementor-column-gap-default\">\n\t\t\t\t\t<div class=\"elementor-column elementor-col-100 elementor-top-column elementor-element elementor-element-1ec56569\" data-id=\"1ec56569\" data-element_type=\"column\">\n\t\t\t<div class=\"elementor-widget-wrap elementor-element-populated\">\n\t\t\t\t\t\t<section class=\"elementor-section elementor-inner-section elementor-element elementor-element-d39163d elementor-section-boxed elementor-section-height-default elementor-section-height-default\" data-id=\"d39163d\" data-element_type=\"section\">\n\t\t\t\t\t\t<div class=\"elementor-container elementor-column-gap-default\">\n\t\t\t\t\t<div class=\"elementor-column elementor-col-100 elementor-inner-column elementor-element elementor-element-135259ba\" data-id=\"135259ba\" data-element_type=\"column\">\n\t\t\t<div class=\"elementor-widget-wrap elementor-element-populated\">\n\t\t\t\t\t\t<div class=\"elementor-element elementor-element-155c5f45 elementor-widget elementor-widget-text-editor\" data-id=\"155c5f45\" data-element_type=\"widget\" data-widget_type=\"text-editor.default\">\n\t\t\t\t<div class=\"elementor-widget-container\">\n\t\t\t\t\t\t\t\t\t<p>Von:<\/p><p>Nicola Pavlovic, Marketing Project Manager, Easyfairs Deutschland GmbH, M\u00fcnchen<\/p>\t\t\t\t\t\t\t\t<\/div>\n\t\t\t\t<\/div>\n\t\t\t\t\t<\/div>\n\t\t<\/div>\n\t\t\t\t\t<\/div>\n\t\t<\/section>\n\t\t\t\t\t<\/div>\n\t\t<\/div>\n\t\t\t\t\t<\/div>\n\t\t<\/section>\n\t\t\t\t<\/div>\n\t\t","protected":false},"excerpt":{"rendered":"<p>Kennen Sie Hans Carl von Carlowitz? Vermutlich eher nicht. Er lebte von 1645 bis 1714 und war Oberbergrat im Erzgebirge. Aber Sie kennen garantiert den von ihm in die Welt gebrachten Begriff. 1713 ver\u00f6ffentlichte er das erste deutsche Fachbuch, das sich mit Forstwirtschaft besch\u00e4ftigt: \u201eAnweisung zur wilden Baum-Zucht\u201c. Darin pr\u00e4gte er den Begriff der Nachhaltigkeit [&hellip;]<\/p>\n","protected":false},"author":25,"featured_media":40591,"comment_status":"open","ping_status":"open","sticky":false,"template":"","format":"standard","meta":{"_seopress_robots_primary_cat":"none","_seopress_titles_title":"","_seopress_titles_desc":"","_seopress_robots_index":"","footnotes":""},"categories":[299],"tags":[],"edition":[],"class_list":["post-40581","post","type-post","status-publish","format-standard","has-post-thumbnail","hentry","category-allgemein"],"_links":{"self":[{"href":"https:\/\/www.dortmund.empack-messen.de\/de\/wp-json\/wp\/v2\/posts\/40581","targetHints":{"allow":["GET"]}}],"collection":[{"href":"https:\/\/www.dortmund.empack-messen.de\/de\/wp-json\/wp\/v2\/posts"}],"about":[{"href":"https:\/\/www.dortmund.empack-messen.de\/de\/wp-json\/wp\/v2\/types\/post"}],"author":[{"embeddable":true,"href":"https:\/\/www.dortmund.empack-messen.de\/de\/wp-json\/wp\/v2\/users\/25"}],"replies":[{"embeddable":true,"href":"https:\/\/www.dortmund.empack-messen.de\/de\/wp-json\/wp\/v2\/comments?post=40581"}],"version-history":[{"count":0,"href":"https:\/\/www.dortmund.empack-messen.de\/de\/wp-json\/wp\/v2\/posts\/40581\/revisions"}],"wp:featuredmedia":[{"embeddable":true,"href":"https:\/\/www.dortmund.empack-messen.de\/de\/wp-json\/wp\/v2\/media\/40591"}],"wp:attachment":[{"href":"https:\/\/www.dortmund.empack-messen.de\/de\/wp-json\/wp\/v2\/media?parent=40581"}],"wp:term":[{"taxonomy":"category","embeddable":true,"href":"https:\/\/www.dortmund.empack-messen.de\/de\/wp-json\/wp\/v2\/categories?post=40581"},{"taxonomy":"post_tag","embeddable":true,"href":"https:\/\/www.dortmund.empack-messen.de\/de\/wp-json\/wp\/v2\/tags?post=40581"},{"taxonomy":"edition","embeddable":true,"href":"https:\/\/www.dortmund.empack-messen.de\/de\/wp-json\/wp\/v2\/edition?post=40581"}],"curies":[{"name":"wp","href":"https:\/\/api.w.org\/{rel}","templated":true}]}}