{"id":36269,"date":"2022-06-09T15:02:35","date_gmt":"2022-06-09T13:02:35","guid":{"rendered":"https:\/\/www.dortmund.empack-messen.de\/?p=36269"},"modified":"2022-06-09T15:03:22","modified_gmt":"2022-06-09T13:03:22","slug":"vom-ersten-heft-zum-multichannel-magazin","status":"publish","type":"post","link":"https:\/\/www.dortmund.empack-messen.de\/de\/2022\/06\/09\/vom-ersten-heft-zum-multichannel-magazin\/","title":{"rendered":"Vom ersten Heft zum Multichannel-Magazin"},"content":{"rendered":"\t\t<div data-elementor-type=\"wp-post\" data-elementor-id=\"36269\" class=\"elementor elementor-36269\" data-elementor-post-type=\"post\">\n\t\t\t\t\t\t<section class=\"elementor-section elementor-top-section elementor-element elementor-element-45b358f5 elementor-section-boxed elementor-section-height-default elementor-section-height-default\" data-id=\"45b358f5\" data-element_type=\"section\">\n\t\t\t\t\t\t<div class=\"elementor-container elementor-column-gap-default\">\n\t\t\t\t\t<div class=\"elementor-column elementor-col-100 elementor-top-column elementor-element elementor-element-25a5ff66\" data-id=\"25a5ff66\" data-element_type=\"column\">\n\t\t\t<div class=\"elementor-widget-wrap elementor-element-populated\">\n\t\t\t\t\t\t<div class=\"elementor-element elementor-element-145821a3 elementor-widget elementor-widget-spacer\" data-id=\"145821a3\" data-element_type=\"widget\" data-widget_type=\"spacer.default\">\n\t\t\t\t<div class=\"elementor-widget-container\">\n\t\t\t\t\t\t\t<div class=\"elementor-spacer\">\n\t\t\t<div class=\"elementor-spacer-inner\"><\/div>\n\t\t<\/div>\n\t\t\t\t\t\t<\/div>\n\t\t\t\t<\/div>\n\t\t\t\t<div class=\"elementor-element elementor-element-52f7e58a elementor-widget elementor-widget-theme-post-featured-image elementor-widget-image\" data-id=\"52f7e58a\" data-element_type=\"widget\" data-widget_type=\"theme-post-featured-image.default\">\n\t\t\t\t<div class=\"elementor-widget-container\">\n\t\t\t\t\t\t\t\t\t\t\t\t\t\t\t<img fetchpriority=\"high\" decoding=\"async\" width=\"1500\" height=\"562\" src=\"https:\/\/easyfairsassets.com\/sites\/345\/2022\/06\/Empack-Bild-Blog.png\" class=\"attachment-full size-full wp-image-36270\" alt=\"\" srcset=\"https:\/\/easyfairsassets.com\/sites\/345\/2022\/06\/Empack-Bild-Blog.png 1500w, https:\/\/easyfairsassets.com\/sites\/345\/2022\/06\/Empack-Bild-Blog-300x112.png 300w, https:\/\/easyfairsassets.com\/sites\/345\/2022\/06\/Empack-Bild-Blog-1024x384.png 1024w, https:\/\/easyfairsassets.com\/sites\/345\/2022\/06\/Empack-Bild-Blog-768x288.png 768w\" sizes=\"(max-width: 1500px) 100vw, 1500px\" \/>\t\t\t\t\t\t\t\t\t\t\t\t\t\t\t<\/div>\n\t\t\t\t<\/div>\n\t\t\t\t<div class=\"elementor-element elementor-element-435298fd elementor-widget elementor-widget-theme-post-title elementor-page-title elementor-widget-heading\" data-id=\"435298fd\" data-element_type=\"widget\" data-widget_type=\"theme-post-title.default\">\n\t\t\t\t<div class=\"elementor-widget-container\">\n\t\t\t\t\t<h1 class=\"elementor-heading-title elementor-size-large\">Vom ersten Heft zum Multichannel-Magazin<\/h1>\t\t\t\t<\/div>\n\t\t\t\t<\/div>\n\t\t\t\t<div class=\"elementor-element elementor-element-6f248d01 elementor-widget elementor-widget-post-info\" data-id=\"6f248d01\" data-element_type=\"widget\" data-widget_type=\"post-info.default\">\n\t\t\t\t<div class=\"elementor-widget-container\">\n\t\t\t\t\t\t\t<ul class=\"elementor-inline-items elementor-icon-list-items elementor-post-info\">\n\t\t\t\t\t\t\t\t<li class=\"elementor-icon-list-item elementor-repeater-item-7148c75 elementor-inline-item\" itemprop=\"datePublished\">\n\t\t\t\t\t\t<a href=\"https:\/\/www.dortmund.empack-messen.de\/de\/2022\/06\/09\/\">\n\t\t\t\t\t\t\t\t\t\t\t<span class=\"elementor-icon-list-icon\">\n\t\t\t\t\t\t\t\t<i aria-hidden=\"true\" class=\"fas fa-calendar\"><\/i>\t\t\t\t\t\t\t<\/span>\n\t\t\t\t\t\t\t\t\t<span class=\"elementor-icon-list-text elementor-post-info__item elementor-post-info__item--type-date\">\n\t\t\t\t\t\t\t\t\t\t<time>9. Juni 2022<\/time>\t\t\t\t\t<\/span>\n\t\t\t\t\t\t\t\t\t<\/a>\n\t\t\t\t<\/li>\n\t\t\t\t<li class=\"elementor-icon-list-item elementor-repeater-item-8fc826b elementor-inline-item\" itemprop=\"about\">\n\t\t\t\t\t\t\t\t\t\t<span class=\"elementor-icon-list-icon\">\n\t\t\t\t\t\t\t\t<i aria-hidden=\"true\" class=\"fas fa-tags\"><\/i>\t\t\t\t\t\t\t<\/span>\n\t\t\t\t\t\t\t\t\t<span class=\"elementor-icon-list-text elementor-post-info__item elementor-post-info__item--type-terms\">\n\t\t\t\t\t\t\t\t\t\t<span class=\"elementor-post-info__terms-list\">\n\t\t\t\t<a href=\"https:\/\/www.dortmund.empack-messen.de\/de\/category\/allgemein\/\" class=\"elementor-post-info__terms-list-item\">Allgemein<\/a>\t\t\t\t<\/span>\n\t\t\t\t\t<\/span>\n\t\t\t\t\t\t\t\t<\/li>\n\t\t\t\t<\/ul>\n\t\t\t\t\t\t<\/div>\n\t\t\t\t<\/div>\n\t\t\t\t<div class=\"elementor-element elementor-element-249584e elementor-widget elementor-widget-spacer\" data-id=\"249584e\" data-element_type=\"widget\" data-widget_type=\"spacer.default\">\n\t\t\t\t<div class=\"elementor-widget-container\">\n\t\t\t\t\t\t\t<div class=\"elementor-spacer\">\n\t\t\t<div class=\"elementor-spacer-inner\"><\/div>\n\t\t<\/div>\n\t\t\t\t\t\t<\/div>\n\t\t\t\t<\/div>\n\t\t\t\t\t<\/div>\n\t\t<\/div>\n\t\t\t\t\t<\/div>\n\t\t<\/section>\n\t\t\t\t<section class=\"elementor-section elementor-top-section elementor-element elementor-element-e66e917 elementor-section-boxed elementor-section-height-default elementor-section-height-default\" data-id=\"e66e917\" data-element_type=\"section\">\n\t\t\t\t\t\t<div class=\"elementor-container elementor-column-gap-default\">\n\t\t\t\t\t<div class=\"elementor-column elementor-col-100 elementor-top-column elementor-element elementor-element-5617e95\" data-id=\"5617e95\" data-element_type=\"column\">\n\t\t\t<div class=\"elementor-widget-wrap elementor-element-populated\">\n\t\t\t\t\t\t<div class=\"elementor-element elementor-element-f092253 elementor-widget elementor-widget-text-editor\" data-id=\"f092253\" data-element_type=\"widget\" data-widget_type=\"text-editor.default\">\n\t\t\t\t<div class=\"elementor-widget-container\">\n\t\t\t\t\t\t\t\t\t<p>Auffallen am POS: Eine ansprechende Verpackung steigert die Sichtbarkeit von<br \/>Produkten und damit auch die Kaufwahrscheinlichkeit. Foto: Robert Kneschke \u2013<br \/>stock.adobe.com<\/p>\t\t\t\t\t\t\t\t<\/div>\n\t\t\t\t<\/div>\n\t\t\t\t\t<\/div>\n\t\t<\/div>\n\t\t\t\t\t<\/div>\n\t\t<\/section>\n\t\t\t\t<section class=\"elementor-section elementor-top-section elementor-element elementor-element-2a5b355a elementor-section-boxed elementor-section-height-default elementor-section-height-default\" data-id=\"2a5b355a\" data-element_type=\"section\">\n\t\t\t\t\t\t<div class=\"elementor-container elementor-column-gap-default\">\n\t\t\t\t\t<div class=\"elementor-column elementor-col-100 elementor-top-column elementor-element elementor-element-4b3679c0\" data-id=\"4b3679c0\" data-element_type=\"column\">\n\t\t\t<div class=\"elementor-widget-wrap elementor-element-populated\">\n\t\t\t\t\t\t<div class=\"elementor-element elementor-element-5cf1c4dd elementor-widget elementor-widget-spacer\" data-id=\"5cf1c4dd\" data-element_type=\"widget\" data-widget_type=\"spacer.default\">\n\t\t\t\t<div class=\"elementor-widget-container\">\n\t\t\t\t\t\t\t<div class=\"elementor-spacer\">\n\t\t\t<div class=\"elementor-spacer-inner\"><\/div>\n\t\t<\/div>\n\t\t\t\t\t\t<\/div>\n\t\t\t\t<\/div>\n\t\t\t\t<div class=\"elementor-element elementor-element-1a300b08 elementor-widget elementor-widget-text-editor\" data-id=\"1a300b08\" data-element_type=\"widget\" data-widget_type=\"text-editor.default\">\n\t\t\t\t<div class=\"elementor-widget-container\">\n\t\t\t\t\t\t\t\t\t<p>Bis 2002 war der K\u00f6lner ella Verlag auf Reisetitel spezialisiert. Eine Verpackungszeitschrift war also ein echter Ausrei\u00dfer im Unternehmensportfolio. \u201c<\/p><p>Es sei ein mutiger Schritt gewesen in einer Zeit, \u201cin der mehr Magazine aufgrund sinkender Anzeigenums\u00e4tze eingestellt werden m\u00fcssen, als neue Titel auf den Markt kommen\u201d, schreibt der damalige Chefredakteur in seinem ersten Editorial.<\/p><p>Als erstes deutsches Fachmagazin ver\u00f6ffentlichte das packaging journal jeden Beitrag mit einem englischsprachigen Summary. <strong>Seit Anfang 2022 werden die Summarys durch komplette englischsprachige Beitr\u00e4ge ersetzt, abrufbar \u00fcber einen QR-Code im Heft, der in einen eigenen englischsprachigen Bereich der Website f\u00fchrt.<\/strong><\/p>\t\t\t\t\t\t\t\t<\/div>\n\t\t\t\t<\/div>\n\t\t\t\t\t<\/div>\n\t\t<\/div>\n\t\t\t\t\t<\/div>\n\t\t<\/section>\n\t\t\t\t<section class=\"elementor-section elementor-top-section elementor-element elementor-element-5c4dada1 elementor-section-boxed elementor-section-height-default elementor-section-height-default\" data-id=\"5c4dada1\" data-element_type=\"section\">\n\t\t\t\t\t\t<div class=\"elementor-container elementor-column-gap-default\">\n\t\t\t\t\t<div class=\"elementor-column elementor-col-100 elementor-top-column elementor-element elementor-element-4d9405e\" data-id=\"4d9405e\" data-element_type=\"column\">\n\t\t\t<div class=\"elementor-widget-wrap elementor-element-populated\">\n\t\t\t\t\t\t<div class=\"elementor-element elementor-element-2d243fa8 elementor-widget elementor-widget-heading\" data-id=\"2d243fa8\" data-element_type=\"widget\" data-widget_type=\"heading.default\">\n\t\t\t\t<div class=\"elementor-widget-container\">\n\t\t\t\t\t<h3 class=\"elementor-heading-title elementor-size-default\">Ein Blick ins erste Heft<\/h3>\t\t\t\t<\/div>\n\t\t\t\t<\/div>\n\t\t\t\t<div class=\"elementor-element elementor-element-37b3f1e2 elementor-widget elementor-widget-text-editor\" data-id=\"37b3f1e2\" data-element_type=\"widget\" data-widget_type=\"text-editor.default\">\n\t\t\t\t<div class=\"elementor-widget-container\">\n\t\t\t\t\t\t\t\t\t<p>Bereits in Ausgabe eins ging es um innovative Etikettenl\u00f6sungen, Barrierematerialien, um die Er\u00f6ffnung einer Recyclinganlage f\u00fcr PET-Flaschen, um Verpackungsdesign und Marktdaten, etwa aus dem Fachverband Faltschachtelindustrie.<\/p><p><strong>Ein Topthema, das die heutige Berichterstattung dominiert, fehlte jedoch komplett: die Nachhaltigkeit.<\/strong> Einzig Zukunftsforscher Matthias Horx nutzte den Begriff in einem Beitrag mit dem Titel \u201cAufbruch ins Human-Touch-Zeitalter\u201d. <strong>Darin betrachtet der Trendforscher die Vermenschlichung der Technik als Haupttrend der technologischen Entwicklung des 21. Jahrhunderts.<\/strong> Die modernen Technologien zu z\u00e4hmen und an die menschlichen Bed\u00fcrfnisse und M\u00f6glichkeiten anzupassen, sei die Kernherausforderung und eine gro\u00dfe Chance f\u00fcr intelligente, smarte Unternehmen. <strong>Smarte Technologien m\u00fcssten aber das Prinzip Nachhaltigkeit beachten, indem sie keine unerw\u00fcnschten Folgewirkungen an Umwelt, Psyche oder K<\/strong><strong>\u00f6rper hinterlassen.<\/strong> Ein durchaus immer noch aktuelles Statement.<\/p>\t\t\t\t\t\t\t\t<\/div>\n\t\t\t\t<\/div>\n\t\t\t\t\t<\/div>\n\t\t<\/div>\n\t\t\t\t\t<\/div>\n\t\t<\/section>\n\t\t\t\t<section class=\"elementor-section elementor-top-section elementor-element elementor-element-0e06340 elementor-section-boxed elementor-section-height-default elementor-section-height-default\" data-id=\"0e06340\" data-element_type=\"section\">\n\t\t\t\t\t\t<div class=\"elementor-container elementor-column-gap-default\">\n\t\t\t\t\t<div class=\"elementor-column elementor-col-100 elementor-top-column elementor-element elementor-element-8cd446d\" data-id=\"8cd446d\" data-element_type=\"column\">\n\t\t\t<div class=\"elementor-widget-wrap elementor-element-populated\">\n\t\t\t\t\t\t<div class=\"elementor-element elementor-element-9841dbc elementor-widget elementor-widget-heading\" data-id=\"9841dbc\" data-element_type=\"widget\" data-widget_type=\"heading.default\">\n\t\t\t\t<div class=\"elementor-widget-container\">\n\t\t\t\t\t<h3 class=\"elementor-heading-title elementor-size-default\">In allen Kan\u00e4len unterwegs<\/h3>\t\t\t\t<\/div>\n\t\t\t\t<\/div>\n\t\t\t\t<div class=\"elementor-element elementor-element-7a9019e elementor-widget elementor-widget-text-editor\" data-id=\"7a9019e\" data-element_type=\"widget\" data-widget_type=\"text-editor.default\">\n\t\t\t\t<div class=\"elementor-widget-container\">\n\t\t\t\t\t\t\t\t\t<p>Die Printausgabe ist heute l\u00e4ngst nur noch ein Teil des Portfolios. <strong>Das digitale Angebot wurde weiter ausgebaut und um neue Formate erweitert.<\/strong><\/p><p>Als erstes Verpackungsmagazin berichtete das packaging journal regelm\u00e4\u00dfig mit bewegten Bildern, angefangen vom TV-Magazin \u00fcber Gespr\u00e4che mit Branchenexperten bis hin zu Talkrunden mit Vertretern aus Wirtschaft und Verb\u00e4nden zu Themen wie Nachhaltigkeit, Kreislaufwirtschaft, Kunststoffe \u2013 live \u00fcbertragen und sp\u00e4ter jederzeit abrufbar auf der Website und bei <a href=\"https:\/\/www.linkedin.com\/company\/packaging-journal\/\">LinkedIn<\/a>.<\/p><p>F\u00fcr die Branche gibt es das Magazin im Frei-Abo als E-Paper unter pack.link\/lesen<\/p>\t\t\t\t\t\t\t\t<\/div>\n\t\t\t\t<\/div>\n\t\t\t\t\t<\/div>\n\t\t<\/div>\n\t\t\t\t\t<\/div>\n\t\t<\/section>\n\t\t\t\t<\/div>\n\t\t","protected":false},"excerpt":{"rendered":"<p>Vor 20 Jahren erschien die erste Ausgabe des packaging journal mit vielen, teils auch heute noch aktuellen Themen. <\/p>\n","protected":false},"author":33,"featured_media":36270,"comment_status":"open","ping_status":"open","sticky":false,"template":"","format":"standard","meta":{"_seopress_robots_primary_cat":"none","_seopress_titles_title":"Vom ersten Heft zum Multichannel-Magazin","_seopress_titles_desc":"Vor 20 Jahren erschien die erste Ausgabe des packaging journal mit vielen, teils auch heute noch aktuellen Themen.","_seopress_robots_index":"","footnotes":""},"categories":[299],"tags":[],"edition":[],"class_list":["post-36269","post","type-post","status-publish","format-standard","has-post-thumbnail","hentry","category-allgemein"],"_links":{"self":[{"href":"https:\/\/www.dortmund.empack-messen.de\/de\/wp-json\/wp\/v2\/posts\/36269","targetHints":{"allow":["GET"]}}],"collection":[{"href":"https:\/\/www.dortmund.empack-messen.de\/de\/wp-json\/wp\/v2\/posts"}],"about":[{"href":"https:\/\/www.dortmund.empack-messen.de\/de\/wp-json\/wp\/v2\/types\/post"}],"author":[{"embeddable":true,"href":"https:\/\/www.dortmund.empack-messen.de\/de\/wp-json\/wp\/v2\/users\/33"}],"replies":[{"embeddable":true,"href":"https:\/\/www.dortmund.empack-messen.de\/de\/wp-json\/wp\/v2\/comments?post=36269"}],"version-history":[{"count":0,"href":"https:\/\/www.dortmund.empack-messen.de\/de\/wp-json\/wp\/v2\/posts\/36269\/revisions"}],"wp:featuredmedia":[{"embeddable":true,"href":"https:\/\/www.dortmund.empack-messen.de\/de\/wp-json\/wp\/v2\/media\/36270"}],"wp:attachment":[{"href":"https:\/\/www.dortmund.empack-messen.de\/de\/wp-json\/wp\/v2\/media?parent=36269"}],"wp:term":[{"taxonomy":"category","embeddable":true,"href":"https:\/\/www.dortmund.empack-messen.de\/de\/wp-json\/wp\/v2\/categories?post=36269"},{"taxonomy":"post_tag","embeddable":true,"href":"https:\/\/www.dortmund.empack-messen.de\/de\/wp-json\/wp\/v2\/tags?post=36269"},{"taxonomy":"edition","embeddable":true,"href":"https:\/\/www.dortmund.empack-messen.de\/de\/wp-json\/wp\/v2\/edition?post=36269"}],"curies":[{"name":"wp","href":"https:\/\/api.w.org\/{rel}","templated":true}]}}