{"id":35232,"date":"2022-05-11T15:42:29","date_gmt":"2022-05-11T13:42:29","guid":{"rendered":"https:\/\/www.dortmund.empack-messen.de\/?p=35232"},"modified":"2022-05-11T16:09:17","modified_gmt":"2022-05-11T14:09:17","slug":"packend-praesentiert","status":"publish","type":"post","link":"https:\/\/www.dortmund.empack-messen.de\/de\/2022\/05\/11\/packend-praesentiert\/","title":{"rendered":"Packend pr\u00e4sentiert"},"content":{"rendered":"\t\t<div data-elementor-type=\"wp-post\" data-elementor-id=\"35232\" class=\"elementor elementor-35232\" data-elementor-post-type=\"post\">\n\t\t\t\t\t\t<section class=\"elementor-section elementor-top-section elementor-element elementor-element-45b358f5 elementor-section-boxed elementor-section-height-default elementor-section-height-default\" data-id=\"45b358f5\" data-element_type=\"section\">\n\t\t\t\t\t\t<div class=\"elementor-container elementor-column-gap-default\">\n\t\t\t\t\t<div class=\"elementor-column elementor-col-100 elementor-top-column elementor-element elementor-element-25a5ff66\" data-id=\"25a5ff66\" data-element_type=\"column\">\n\t\t\t<div class=\"elementor-widget-wrap elementor-element-populated\">\n\t\t\t\t\t\t<div class=\"elementor-element elementor-element-145821a3 elementor-widget elementor-widget-spacer\" data-id=\"145821a3\" data-element_type=\"widget\" data-widget_type=\"spacer.default\">\n\t\t\t\t<div class=\"elementor-widget-container\">\n\t\t\t\t\t\t\t<div class=\"elementor-spacer\">\n\t\t\t<div class=\"elementor-spacer-inner\"><\/div>\n\t\t<\/div>\n\t\t\t\t\t\t<\/div>\n\t\t\t\t<\/div>\n\t\t\t\t<div class=\"elementor-element elementor-element-52f7e58a elementor-widget elementor-widget-theme-post-featured-image elementor-widget-image\" data-id=\"52f7e58a\" data-element_type=\"widget\" data-widget_type=\"theme-post-featured-image.default\">\n\t\t\t\t<div class=\"elementor-widget-container\">\n\t\t\t\t\t\t\t\t\t\t\t\t\t\t\t<img fetchpriority=\"high\" decoding=\"async\" width=\"1500\" height=\"562\" src=\"https:\/\/easyfairsassets.com\/sites\/345\/2022\/05\/Bild-Blogbeitrag.jpg\" class=\"attachment-full size-full wp-image-35233\" alt=\"\" srcset=\"https:\/\/easyfairsassets.com\/sites\/345\/2022\/05\/Bild-Blogbeitrag.jpg 1500w, https:\/\/easyfairsassets.com\/sites\/345\/2022\/05\/Bild-Blogbeitrag-300x112.jpg 300w, https:\/\/easyfairsassets.com\/sites\/345\/2022\/05\/Bild-Blogbeitrag-1024x384.jpg 1024w, https:\/\/easyfairsassets.com\/sites\/345\/2022\/05\/Bild-Blogbeitrag-768x288.jpg 768w\" sizes=\"(max-width: 1500px) 100vw, 1500px\" \/>\t\t\t\t\t\t\t\t\t\t\t\t\t\t\t<\/div>\n\t\t\t\t<\/div>\n\t\t\t\t<div class=\"elementor-element elementor-element-435298fd elementor-widget elementor-widget-theme-post-title elementor-page-title elementor-widget-heading\" data-id=\"435298fd\" data-element_type=\"widget\" data-widget_type=\"theme-post-title.default\">\n\t\t\t\t<div class=\"elementor-widget-container\">\n\t\t\t\t\t<h1 class=\"elementor-heading-title elementor-size-large\">Packend pr\u00e4sentiert<\/h1>\t\t\t\t<\/div>\n\t\t\t\t<\/div>\n\t\t\t\t<div class=\"elementor-element elementor-element-6f248d01 elementor-widget elementor-widget-post-info\" data-id=\"6f248d01\" data-element_type=\"widget\" data-widget_type=\"post-info.default\">\n\t\t\t\t<div class=\"elementor-widget-container\">\n\t\t\t\t\t\t\t<ul class=\"elementor-inline-items elementor-icon-list-items elementor-post-info\">\n\t\t\t\t\t\t\t\t<li class=\"elementor-icon-list-item elementor-repeater-item-7148c75 elementor-inline-item\" itemprop=\"datePublished\">\n\t\t\t\t\t\t<a href=\"https:\/\/www.dortmund.empack-messen.de\/de\/2022\/05\/11\/\">\n\t\t\t\t\t\t\t\t\t\t\t<span class=\"elementor-icon-list-icon\">\n\t\t\t\t\t\t\t\t<i aria-hidden=\"true\" class=\"fas fa-calendar\"><\/i>\t\t\t\t\t\t\t<\/span>\n\t\t\t\t\t\t\t\t\t<span class=\"elementor-icon-list-text elementor-post-info__item elementor-post-info__item--type-date\">\n\t\t\t\t\t\t\t\t\t\t<time>11. Mai 2022<\/time>\t\t\t\t\t<\/span>\n\t\t\t\t\t\t\t\t\t<\/a>\n\t\t\t\t<\/li>\n\t\t\t\t<li class=\"elementor-icon-list-item elementor-repeater-item-8fc826b elementor-inline-item\" itemprop=\"about\">\n\t\t\t\t\t\t\t\t\t\t<span class=\"elementor-icon-list-icon\">\n\t\t\t\t\t\t\t\t<i aria-hidden=\"true\" class=\"fas fa-tags\"><\/i>\t\t\t\t\t\t\t<\/span>\n\t\t\t\t\t\t\t\t\t<span class=\"elementor-icon-list-text elementor-post-info__item elementor-post-info__item--type-terms\">\n\t\t\t\t\t\t\t\t\t\t<span class=\"elementor-post-info__terms-list\">\n\t\t\t\t<a href=\"https:\/\/www.dortmund.empack-messen.de\/de\/category\/allgemein\/\" class=\"elementor-post-info__terms-list-item\">Allgemein<\/a>\t\t\t\t<\/span>\n\t\t\t\t\t<\/span>\n\t\t\t\t\t\t\t\t<\/li>\n\t\t\t\t<\/ul>\n\t\t\t\t\t\t<\/div>\n\t\t\t\t<\/div>\n\t\t\t\t<div class=\"elementor-element elementor-element-249584e elementor-widget elementor-widget-spacer\" data-id=\"249584e\" data-element_type=\"widget\" data-widget_type=\"spacer.default\">\n\t\t\t\t<div class=\"elementor-widget-container\">\n\t\t\t\t\t\t\t<div class=\"elementor-spacer\">\n\t\t\t<div class=\"elementor-spacer-inner\"><\/div>\n\t\t<\/div>\n\t\t\t\t\t\t<\/div>\n\t\t\t\t<\/div>\n\t\t\t\t\t<\/div>\n\t\t<\/div>\n\t\t\t\t\t<\/div>\n\t\t<\/section>\n\t\t\t\t<section class=\"elementor-section elementor-top-section elementor-element elementor-element-e66e917 elementor-section-boxed elementor-section-height-default elementor-section-height-default\" data-id=\"e66e917\" data-element_type=\"section\">\n\t\t\t\t\t\t<div class=\"elementor-container elementor-column-gap-default\">\n\t\t\t\t\t<div class=\"elementor-column elementor-col-100 elementor-top-column elementor-element elementor-element-5617e95\" data-id=\"5617e95\" data-element_type=\"column\">\n\t\t\t<div class=\"elementor-widget-wrap elementor-element-populated\">\n\t\t\t\t\t\t<div class=\"elementor-element elementor-element-f092253 elementor-widget elementor-widget-text-editor\" data-id=\"f092253\" data-element_type=\"widget\" data-widget_type=\"text-editor.default\">\n\t\t\t\t<div class=\"elementor-widget-container\">\n\t\t\t\t\t\t\t\t\t<p>Auffallen am POS: Eine ansprechende Verpackung steigert die Sichtbarkeit von<br \/>Produkten und damit auch die Kaufwahrscheinlichkeit. Foto: Robert Kneschke \u2013<br \/>stock.adobe.com<\/p>\t\t\t\t\t\t\t\t<\/div>\n\t\t\t\t<\/div>\n\t\t\t\t\t<\/div>\n\t\t<\/div>\n\t\t\t\t\t<\/div>\n\t\t<\/section>\n\t\t\t\t<section class=\"elementor-section elementor-top-section elementor-element elementor-element-2a5b355a elementor-section-boxed elementor-section-height-default elementor-section-height-default\" data-id=\"2a5b355a\" data-element_type=\"section\">\n\t\t\t\t\t\t<div class=\"elementor-container elementor-column-gap-default\">\n\t\t\t\t\t<div class=\"elementor-column elementor-col-100 elementor-top-column elementor-element elementor-element-4b3679c0\" data-id=\"4b3679c0\" data-element_type=\"column\">\n\t\t\t<div class=\"elementor-widget-wrap elementor-element-populated\">\n\t\t\t\t\t\t<div class=\"elementor-element elementor-element-5cf1c4dd elementor-widget elementor-widget-spacer\" data-id=\"5cf1c4dd\" data-element_type=\"widget\" data-widget_type=\"spacer.default\">\n\t\t\t\t<div class=\"elementor-widget-container\">\n\t\t\t\t\t\t\t<div class=\"elementor-spacer\">\n\t\t\t<div class=\"elementor-spacer-inner\"><\/div>\n\t\t<\/div>\n\t\t\t\t\t\t<\/div>\n\t\t\t\t<\/div>\n\t\t\t\t<div class=\"elementor-element elementor-element-5094992f elementor-widget elementor-widget-heading\" data-id=\"5094992f\" data-element_type=\"widget\" data-widget_type=\"heading.default\">\n\t\t\t\t<div class=\"elementor-widget-container\">\n\t\t\t\t\t<h3 class=\"elementor-heading-title elementor-size-default\">Packend pr\u00e4sentiert<\/h3>\t\t\t\t<\/div>\n\t\t\t\t<\/div>\n\t\t\t\t<div class=\"elementor-element elementor-element-1a300b08 elementor-widget elementor-widget-text-editor\" data-id=\"1a300b08\" data-element_type=\"widget\" data-widget_type=\"text-editor.default\">\n\t\t\t\t<div class=\"elementor-widget-container\">\n\t\t\t\t\t\t\t\t\t<p>Die Verpackung wirkt als Werbemedium am POS. Sowohl die Gestaltung als auch<br \/>die Haptik transportieren den Markenspirit und beeinflussen die Kaufentscheidung.<br \/>Welche Anforderungen m\u00fcssen Packaging-Konzepte erf\u00fcllen?<\/p><p>Nachhaltige Materialien, Individualisierung dank Digitaldruck und Markenerlebnis<br \/>durch Unboxing Experience \u2013 so lauten einige Trends, mit denen sich die<br \/>Verpackungsbranche derzeit besch\u00e4ftigt. Im Kern geht es um die Frage: Welche<br \/>Packaging Konzepte \u00fcberzeugen auf der Verkaufsfl\u00e4che und werden den<br \/>Erwartungen der Shopper gerecht? Dabei spielt in erster Linie das Thema<br \/>Nachhaltigkeit eine gro\u00dfe Rolle. Denn in Zeiten der Klimakrise treibt der<br \/>Umweltschutz die Shopper an wie kein anderes. Verbraucher \u00fcberdenken ihren<br \/>Konsum und damit ihren \u00f6kologischen Fu\u00dfabdruck. Folglich sind L\u00f6sungen gefragt,<br \/>die Ressourcen schonen und gleichzeitig die Aufmerksamkeit der Shopper<br \/>gewinnen. Zudem ist aktuell die Lage an den Rohstoffm\u00e4rkten schwierig. Gro\u00dfe<br \/>Preissteigerungen und Engp\u00e4sse bei der Versorgung stellen derzeit eine gro\u00dfe<br \/>Herausforderung dar. Welche weiteren Themen und Trends bewegen die Branche<br \/>aktuell?<\/p>\t\t\t\t\t\t\t\t<\/div>\n\t\t\t\t<\/div>\n\t\t\t\t\t<\/div>\n\t\t<\/div>\n\t\t\t\t\t<\/div>\n\t\t<\/section>\n\t\t\t\t<section class=\"elementor-section elementor-top-section elementor-element elementor-element-5c4dada1 elementor-section-boxed elementor-section-height-default elementor-section-height-default\" data-id=\"5c4dada1\" data-element_type=\"section\">\n\t\t\t\t\t\t<div class=\"elementor-container elementor-column-gap-default\">\n\t\t\t\t\t<div class=\"elementor-column elementor-col-100 elementor-top-column elementor-element elementor-element-4d9405e\" data-id=\"4d9405e\" data-element_type=\"column\">\n\t\t\t<div class=\"elementor-widget-wrap elementor-element-populated\">\n\t\t\t\t\t\t<div class=\"elementor-element elementor-element-2d243fa8 elementor-widget elementor-widget-heading\" data-id=\"2d243fa8\" data-element_type=\"widget\" data-widget_type=\"heading.default\">\n\t\t\t\t<div class=\"elementor-widget-container\">\n\t\t\t\t\t<h3 class=\"elementor-heading-title elementor-size-default\">Verkauf f\u00f6rdern<\/h3>\t\t\t\t<\/div>\n\t\t\t\t<\/div>\n\t\t\t\t<div class=\"elementor-element elementor-element-37b3f1e2 elementor-widget elementor-widget-text-editor\" data-id=\"37b3f1e2\" data-element_type=\"widget\" data-widget_type=\"text-editor.default\">\n\t\t\t\t<div class=\"elementor-widget-container\">\n\t\t\t\t\t\t\t\t\t<p>Die Verpackung sch\u00fctzt den Inhalt l\u00e4ngst nicht mehr ausschlie\u00dflich vor<br \/>Transportsch\u00e4den und Verderben. Vielmehr nimmt sie als Werbemedium eine<br \/>wichtige Funktion in der Verkaufsf\u00f6rderung ein, denn sie kommuniziert<br \/>Markenwert und Markenleistung, Wiedererkennbarkeit und Aktualit\u00e4t. Durch<br \/>einzigartige Farbgebung und starke Markenpr\u00e4senz am POS schafft Verpackung<br \/>eine klare Differenzierung vom Wettbewerb.<\/p>\t\t\t\t\t\t\t\t<\/div>\n\t\t\t\t<\/div>\n\t\t\t\t\t<\/div>\n\t\t<\/div>\n\t\t\t\t\t<\/div>\n\t\t<\/section>\n\t\t\t\t<section class=\"elementor-section elementor-top-section elementor-element elementor-element-0e06340 elementor-section-boxed elementor-section-height-default elementor-section-height-default\" data-id=\"0e06340\" data-element_type=\"section\">\n\t\t\t\t\t\t<div class=\"elementor-container elementor-column-gap-default\">\n\t\t\t\t\t<div class=\"elementor-column elementor-col-100 elementor-top-column elementor-element elementor-element-8cd446d\" data-id=\"8cd446d\" data-element_type=\"column\">\n\t\t\t<div class=\"elementor-widget-wrap elementor-element-populated\">\n\t\t\t\t\t\t<div class=\"elementor-element elementor-element-9841dbc elementor-widget elementor-widget-heading\" data-id=\"9841dbc\" data-element_type=\"widget\" data-widget_type=\"heading.default\">\n\t\t\t\t<div class=\"elementor-widget-container\">\n\t\t\t\t\t<h3 class=\"elementor-heading-title elementor-size-default\">Nachhaltig produzieren<\/h3>\t\t\t\t<\/div>\n\t\t\t\t<\/div>\n\t\t\t\t<div class=\"elementor-element elementor-element-7a9019e elementor-widget elementor-widget-text-editor\" data-id=\"7a9019e\" data-element_type=\"widget\" data-widget_type=\"text-editor.default\">\n\t\t\t\t<div class=\"elementor-widget-container\">\n\t\t\t\t\t\t\t\t\t<p>Um Verpackungen m\u00f6glichst umweltschonend herzustellen, m\u00fcssen Hersteller<br \/>einige Faktoren beachten. Da stellt sich zun\u00e4chst die Frage: Was zeichnet eine<br \/>nachhaltige Verpackung aus? Die gro\u00dfe Bandbreite an Produkten,<br \/>Anwendungsszenarien, M\u00e4rkten etcetera f\u00fchren dazu, dass sich dies kaum pauschal<br \/>beantworten l\u00e4sst. \u00dcbergreifend l\u00e4sst sich festhalten, dass eine Verpackung vor<br \/>allem kreislaufgerecht sein sollte: Sie muss nach Gebrauch eingesammelt und<br \/>stofflich wiederverwertet werden k\u00f6nnen. Einen gro\u00dfen Vorteil haben hier<br \/>Verpackungen aus Monomaterial. Damit wird eine bessere Trennbarkeit<br \/>gew\u00e4hrleistet, die wiederum den Recyclingvorgang vereinfacht. Eine weitere<br \/>Stellschraube f\u00fcr mehr Nachhaltigkeit sind ressourcenschonende Verpackungen:<br \/>Hersteller sparen bereits bei der Produktion \u00fcbersch\u00fcssiges Material ein, um<br \/>Prim\u00e4rressourcen zu schonen und Abfall zu vermeiden.<\/p>\t\t\t\t\t\t\t\t<\/div>\n\t\t\t\t<\/div>\n\t\t\t\t\t<\/div>\n\t\t<\/div>\n\t\t\t\t\t<\/div>\n\t\t<\/section>\n\t\t\t\t<section class=\"elementor-section elementor-top-section elementor-element elementor-element-79f54df elementor-section-boxed elementor-section-height-default elementor-section-height-default\" data-id=\"79f54df\" data-element_type=\"section\">\n\t\t\t\t\t\t<div class=\"elementor-container elementor-column-gap-default\">\n\t\t\t\t\t<div class=\"elementor-column elementor-col-100 elementor-top-column elementor-element elementor-element-e695c0a\" data-id=\"e695c0a\" data-element_type=\"column\">\n\t\t\t<div class=\"elementor-widget-wrap elementor-element-populated\">\n\t\t\t\t\t\t<div class=\"elementor-element elementor-element-44a18b7 elementor-widget elementor-widget-heading\" data-id=\"44a18b7\" data-element_type=\"widget\" data-widget_type=\"heading.default\">\n\t\t\t\t<div class=\"elementor-widget-container\">\n\t\t\t\t\t<h3 class=\"elementor-heading-title elementor-size-default\">Rezyklate statt Neuplastik<\/h3>\t\t\t\t<\/div>\n\t\t\t\t<\/div>\n\t\t\t\t<div class=\"elementor-element elementor-element-8ee2301 elementor-widget elementor-widget-text-editor\" data-id=\"8ee2301\" data-element_type=\"widget\" data-widget_type=\"text-editor.default\">\n\t\t\t\t<div class=\"elementor-widget-container\">\n\t\t\t\t\t\t\t\t\t<p>Ein weiteres Thema, das in Bezug auf mehr Nachhaltigkeit diskutiert wird, ist die<br \/>Erh\u00f6hung des Rezyklateneinsatzes. Motiviert werden Markenartikelhersteller nicht<br \/>nur vom zunehmenden Verbraucherbewusstsein, sondern auch von regulatorischen<br \/>Richtlinien seitens der Politik. Denn die Wiederverwertung von Kunststoffabf\u00e4llen<br \/>und der Einsatz von Rezyklaten in Neuprodukten soll Prim\u00e4rrohstoffe schonen. Im<br \/>Gegensatz zu Verpackungen aus Roh\u00f6l sollen damit CO2-Emmissionen gesenkt<br \/>werden.<\/p>\t\t\t\t\t\t\t\t<\/div>\n\t\t\t\t<\/div>\n\t\t\t\t\t<\/div>\n\t\t<\/div>\n\t\t\t\t\t<\/div>\n\t\t<\/section>\n\t\t\t\t<section class=\"elementor-section elementor-top-section elementor-element elementor-element-816684d elementor-section-boxed elementor-section-height-default elementor-section-height-default\" data-id=\"816684d\" data-element_type=\"section\">\n\t\t\t\t\t\t<div class=\"elementor-container elementor-column-gap-default\">\n\t\t\t\t\t<div class=\"elementor-column elementor-col-100 elementor-top-column elementor-element elementor-element-1165e6a\" data-id=\"1165e6a\" data-element_type=\"column\">\n\t\t\t<div class=\"elementor-widget-wrap elementor-element-populated\">\n\t\t\t\t\t\t<div class=\"elementor-element elementor-element-5f45e36 elementor-widget elementor-widget-heading\" data-id=\"5f45e36\" data-element_type=\"widget\" data-widget_type=\"heading.default\">\n\t\t\t\t<div class=\"elementor-widget-container\">\n\t\t\t\t\t<h3 class=\"elementor-heading-title elementor-size-default\">Individualisierung dank Digitaldruck<\/h3>\t\t\t\t<\/div>\n\t\t\t\t<\/div>\n\t\t\t\t<div class=\"elementor-element elementor-element-763232c elementor-widget elementor-widget-text-editor\" data-id=\"763232c\" data-element_type=\"widget\" data-widget_type=\"text-editor.default\">\n\t\t\t\t<div class=\"elementor-widget-container\">\n\t\t\t\t\t\t\t\t\t<p>Seit einigen Jahren spielt der Digitaldruck eine gro\u00dfe Rolle, da er aktuelle<br \/>Anforderungen des Marktes bedient. Das Verfahren eignet sich insbesondere f\u00fcr<br \/>kleine Losgr\u00f6\u00dfen und Sonderserien f\u00fcr personalisierte und versionisierte<br \/>Verpackungen. So lassen sich beispielsweise filigrane Muster und Schriften<br \/>ausstanzen, um der Verpackung Hingucker-Effekte zu verleihen.<\/p>\t\t\t\t\t\t\t\t<\/div>\n\t\t\t\t<\/div>\n\t\t\t\t\t<\/div>\n\t\t<\/div>\n\t\t\t\t\t<\/div>\n\t\t<\/section>\n\t\t\t\t<\/div>\n\t\t","protected":false},"excerpt":{"rendered":"<p>Die Verpackung wirkt als Werbemedium am POS. Sowohl die Gestaltung als auch<br \/>\ndie Haptik transportieren den Markenspirit und beeinflussen die Kaufentscheidung.<br \/>\nWelche Anforderungen m\u00fcssen Packaging-Konzepte erf\u00fcllen?<\/p>\n","protected":false},"author":33,"featured_media":35233,"comment_status":"open","ping_status":"open","sticky":false,"template":"","format":"standard","meta":{"_seopress_robots_primary_cat":"none","_seopress_titles_title":"Packend pr\u00e4sentiert","_seopress_titles_desc":"Die Verpackung wirkt als Werbemedium am POS. Sowohl die Gestaltung als auch die Haptik transportieren den Markenspirit und beeinflussen die Kaufentscheidung. Welche Anforderungen m\u00fcssen Packaging-Konzepte erf\u00fcllen?","_seopress_robots_index":"","footnotes":""},"categories":[299],"tags":[],"edition":[],"class_list":["post-35232","post","type-post","status-publish","format-standard","has-post-thumbnail","hentry","category-allgemein"],"_links":{"self":[{"href":"https:\/\/www.dortmund.empack-messen.de\/de\/wp-json\/wp\/v2\/posts\/35232","targetHints":{"allow":["GET"]}}],"collection":[{"href":"https:\/\/www.dortmund.empack-messen.de\/de\/wp-json\/wp\/v2\/posts"}],"about":[{"href":"https:\/\/www.dortmund.empack-messen.de\/de\/wp-json\/wp\/v2\/types\/post"}],"author":[{"embeddable":true,"href":"https:\/\/www.dortmund.empack-messen.de\/de\/wp-json\/wp\/v2\/users\/33"}],"replies":[{"embeddable":true,"href":"https:\/\/www.dortmund.empack-messen.de\/de\/wp-json\/wp\/v2\/comments?post=35232"}],"version-history":[{"count":0,"href":"https:\/\/www.dortmund.empack-messen.de\/de\/wp-json\/wp\/v2\/posts\/35232\/revisions"}],"wp:featuredmedia":[{"embeddable":true,"href":"https:\/\/www.dortmund.empack-messen.de\/de\/wp-json\/wp\/v2\/media\/35233"}],"wp:attachment":[{"href":"https:\/\/www.dortmund.empack-messen.de\/de\/wp-json\/wp\/v2\/media?parent=35232"}],"wp:term":[{"taxonomy":"category","embeddable":true,"href":"https:\/\/www.dortmund.empack-messen.de\/de\/wp-json\/wp\/v2\/categories?post=35232"},{"taxonomy":"post_tag","embeddable":true,"href":"https:\/\/www.dortmund.empack-messen.de\/de\/wp-json\/wp\/v2\/tags?post=35232"},{"taxonomy":"edition","embeddable":true,"href":"https:\/\/www.dortmund.empack-messen.de\/de\/wp-json\/wp\/v2\/edition?post=35232"}],"curies":[{"name":"wp","href":"https:\/\/api.w.org\/{rel}","templated":true}]}}