{"id":17064,"date":"2021-11-16T17:12:53","date_gmt":"2021-11-16T16:12:53","guid":{"rendered":"https:\/\/www.dortmund.empack-messen.de\/?p=17064"},"modified":"2021-11-17T08:46:30","modified_gmt":"2021-11-17T07:46:30","slug":"unruhige-zeiten","status":"publish","type":"post","link":"https:\/\/www.dortmund.empack-messen.de\/de\/2021\/11\/16\/unruhige-zeiten\/","title":{"rendered":"Unruhige Zeiten"},"content":{"rendered":"\t\t<div data-elementor-type=\"wp-post\" data-elementor-id=\"17064\" class=\"elementor elementor-17064\" data-elementor-post-type=\"post\">\n\t\t\t\t\t\t<section class=\"elementor-section elementor-top-section elementor-element elementor-element-45b358f5 elementor-section-boxed elementor-section-height-default elementor-section-height-default\" data-id=\"45b358f5\" data-element_type=\"section\">\n\t\t\t\t\t\t<div class=\"elementor-container elementor-column-gap-default\">\n\t\t\t\t\t<div class=\"elementor-column elementor-col-100 elementor-top-column elementor-element elementor-element-25a5ff66\" data-id=\"25a5ff66\" data-element_type=\"column\">\n\t\t\t<div class=\"elementor-widget-wrap elementor-element-populated\">\n\t\t\t\t\t\t<div class=\"elementor-element elementor-element-145821a3 elementor-widget elementor-widget-spacer\" data-id=\"145821a3\" data-element_type=\"widget\" data-widget_type=\"spacer.default\">\n\t\t\t\t<div class=\"elementor-widget-container\">\n\t\t\t\t\t\t\t<div class=\"elementor-spacer\">\n\t\t\t<div class=\"elementor-spacer-inner\"><\/div>\n\t\t<\/div>\n\t\t\t\t\t\t<\/div>\n\t\t\t\t<\/div>\n\t\t\t\t<div class=\"elementor-element elementor-element-52f7e58a elementor-widget elementor-widget-theme-post-featured-image elementor-widget-image\" data-id=\"52f7e58a\" data-element_type=\"widget\" data-widget_type=\"theme-post-featured-image.default\">\n\t\t\t\t<div class=\"elementor-widget-container\">\n\t\t\t\t\t\t\t\t\t\t\t\t\t\t\t<img fetchpriority=\"high\" decoding=\"async\" width=\"1500\" height=\"562\" src=\"https:\/\/easyfairsassets.com\/sites\/345\/2021\/11\/Zero-Waste2-e1637057009430.png\" class=\"attachment-full size-full wp-image-17099\" alt=\"\" srcset=\"https:\/\/easyfairsassets.com\/sites\/345\/2021\/11\/Zero-Waste2-e1637057009430.png 1500w, https:\/\/easyfairsassets.com\/sites\/345\/2021\/11\/Zero-Waste2-e1637057009430-300x112.png 300w, https:\/\/easyfairsassets.com\/sites\/345\/2021\/11\/Zero-Waste2-e1637057009430-1024x384.png 1024w, https:\/\/easyfairsassets.com\/sites\/345\/2021\/11\/Zero-Waste2-e1637057009430-768x288.png 768w\" sizes=\"(max-width: 1500px) 100vw, 1500px\" \/>\t\t\t\t\t\t\t\t\t\t\t\t\t\t\t<\/div>\n\t\t\t\t<\/div>\n\t\t\t\t<div class=\"elementor-element elementor-element-435298fd elementor-widget elementor-widget-theme-post-title elementor-page-title elementor-widget-heading\" data-id=\"435298fd\" data-element_type=\"widget\" data-widget_type=\"theme-post-title.default\">\n\t\t\t\t<div class=\"elementor-widget-container\">\n\t\t\t\t\t<h1 class=\"elementor-heading-title elementor-size-large\">Unruhige Zeiten<\/h1>\t\t\t\t<\/div>\n\t\t\t\t<\/div>\n\t\t\t\t<div class=\"elementor-element elementor-element-6f248d01 elementor-widget elementor-widget-post-info\" data-id=\"6f248d01\" data-element_type=\"widget\" data-widget_type=\"post-info.default\">\n\t\t\t\t<div class=\"elementor-widget-container\">\n\t\t\t\t\t\t\t<ul class=\"elementor-inline-items elementor-icon-list-items elementor-post-info\">\n\t\t\t\t\t\t\t\t<li class=\"elementor-icon-list-item elementor-repeater-item-7148c75 elementor-inline-item\" itemprop=\"datePublished\">\n\t\t\t\t\t\t<a href=\"https:\/\/www.dortmund.empack-messen.de\/de\/2021\/11\/16\/\">\n\t\t\t\t\t\t\t\t\t\t\t<span class=\"elementor-icon-list-icon\">\n\t\t\t\t\t\t\t\t<i aria-hidden=\"true\" class=\"fas fa-calendar\"><\/i>\t\t\t\t\t\t\t<\/span>\n\t\t\t\t\t\t\t\t\t<span class=\"elementor-icon-list-text elementor-post-info__item elementor-post-info__item--type-date\">\n\t\t\t\t\t\t\t\t\t\t<time>16. November 2021<\/time>\t\t\t\t\t<\/span>\n\t\t\t\t\t\t\t\t\t<\/a>\n\t\t\t\t<\/li>\n\t\t\t\t<li class=\"elementor-icon-list-item elementor-repeater-item-8fc826b elementor-inline-item\" itemprop=\"about\">\n\t\t\t\t\t\t\t\t\t\t<span class=\"elementor-icon-list-icon\">\n\t\t\t\t\t\t\t\t<i aria-hidden=\"true\" class=\"fas fa-tags\"><\/i>\t\t\t\t\t\t\t<\/span>\n\t\t\t\t\t\t\t\t\t<span class=\"elementor-icon-list-text elementor-post-info__item elementor-post-info__item--type-terms\">\n\t\t\t\t\t\t\t\t\t\t<span class=\"elementor-post-info__terms-list\">\n\t\t\t\t<a href=\"https:\/\/www.dortmund.empack-messen.de\/de\/category\/allgemein\/\" class=\"elementor-post-info__terms-list-item\">Allgemein<\/a>\t\t\t\t<\/span>\n\t\t\t\t\t<\/span>\n\t\t\t\t\t\t\t\t<\/li>\n\t\t\t\t<\/ul>\n\t\t\t\t\t\t<\/div>\n\t\t\t\t<\/div>\n\t\t\t\t<div class=\"elementor-element elementor-element-249584e elementor-widget elementor-widget-spacer\" data-id=\"249584e\" data-element_type=\"widget\" data-widget_type=\"spacer.default\">\n\t\t\t\t<div class=\"elementor-widget-container\">\n\t\t\t\t\t\t\t<div class=\"elementor-spacer\">\n\t\t\t<div class=\"elementor-spacer-inner\"><\/div>\n\t\t<\/div>\n\t\t\t\t\t\t<\/div>\n\t\t\t\t<\/div>\n\t\t\t\t\t<\/div>\n\t\t<\/div>\n\t\t\t\t\t<\/div>\n\t\t<\/section>\n\t\t\t\t<section class=\"elementor-section elementor-top-section elementor-element elementor-element-2a5b355a elementor-section-boxed elementor-section-height-default elementor-section-height-default\" data-id=\"2a5b355a\" data-element_type=\"section\">\n\t\t\t\t\t\t<div class=\"elementor-container elementor-column-gap-default\">\n\t\t\t\t\t<div class=\"elementor-column elementor-col-100 elementor-top-column elementor-element elementor-element-4b3679c0\" data-id=\"4b3679c0\" data-element_type=\"column\">\n\t\t\t<div class=\"elementor-widget-wrap elementor-element-populated\">\n\t\t\t\t\t\t<div class=\"elementor-element elementor-element-2791add9 elementor-widget elementor-widget-text-editor\" data-id=\"2791add9\" data-element_type=\"widget\" data-widget_type=\"text-editor.default\">\n\t\t\t\t<div class=\"elementor-widget-container\">\n\t\t\t\t\t\t\t\t\t<p>F\u00fcr jedes Unternehmen, das Waren verpackt und versendet, sind die Zeiten unruhig. Das beginnt schon bei der Frage der Materialauswahl. Kunststoffverpackungen stehen aus mehreren Gr\u00fcnden \u2013 dazu geh\u00f6ren ihre fossile Herkunft ebenso wie M\u00fcllexporte nach Asien und Mikroplastik in Lebewesen \u2013 in der Diskussion. Papier und Pappe sind aktuell knapp und teuer. Und biologisch abbaubare Materialien gelten auch nicht der Weisheit letzter Schluss, weil es ihnen an Recycling-F\u00e4higkeit fehlt. Da ist es schwer, den richtigen Zukunftspfad f\u00fcr die Verpackung zu finden.<\/p>\t\t\t\t\t\t\t\t<\/div>\n\t\t\t\t<\/div>\n\t\t\t\t<div class=\"elementor-element elementor-element-5cf1c4dd elementor-widget elementor-widget-spacer\" data-id=\"5cf1c4dd\" data-element_type=\"widget\" data-widget_type=\"spacer.default\">\n\t\t\t\t<div class=\"elementor-widget-container\">\n\t\t\t\t\t\t\t<div class=\"elementor-spacer\">\n\t\t\t<div class=\"elementor-spacer-inner\"><\/div>\n\t\t<\/div>\n\t\t\t\t\t\t<\/div>\n\t\t\t\t<\/div>\n\t\t\t\t<div class=\"elementor-element elementor-element-5094992f elementor-widget elementor-widget-heading\" data-id=\"5094992f\" data-element_type=\"widget\" data-widget_type=\"heading.default\">\n\t\t\t\t<div class=\"elementor-widget-container\">\n\t\t\t\t\t<h3 class=\"elementor-heading-title elementor-size-default\">Gesetzgeber machen Druck<\/h3>\t\t\t\t<\/div>\n\t\t\t\t<\/div>\n\t\t\t\t<div class=\"elementor-element elementor-element-1a300b08 elementor-widget elementor-widget-text-editor\" data-id=\"1a300b08\" data-element_type=\"widget\" data-widget_type=\"text-editor.default\">\n\t\t\t\t<div class=\"elementor-widget-container\">\n\t\t\t\t\t\t\t\t\t<p>Zus\u00e4tzlicher Druck entsteht durch die gesetzlichen Anforderungen, die sich rasch ver\u00e4ndern. Das gilt in Deutschland z.B. f\u00fcr das Thema \u201eEinweg oder Mehrweg\u201c. Andere L\u00e4nder gehen andere Wege \u2013 zum Beispiel Frankreich. Dort werden nach und nach Kunststoffverpackungen f\u00fcr Obst und Gem\u00fcse verboten. Den Anfang machen drei\u00dfig Obst- und Gem\u00fcsesorten (von \u00c4pfeln und Birnen bis zu Karotten und Zucchini) schon im Jahr 2022. Mittelfristig sollen so Jahr f\u00fcr Jahr eine Milliarde Kunststoffverpackungen eingespart werden.<\/p>\t\t\t\t\t\t\t\t<\/div>\n\t\t\t\t<\/div>\n\t\t\t\t\t<\/div>\n\t\t<\/div>\n\t\t\t\t\t<\/div>\n\t\t<\/section>\n\t\t\t\t<section class=\"elementor-section elementor-top-section elementor-element elementor-element-5c4dada1 elementor-section-boxed elementor-section-height-default elementor-section-height-default\" data-id=\"5c4dada1\" data-element_type=\"section\">\n\t\t\t\t\t\t<div class=\"elementor-container elementor-column-gap-default\">\n\t\t\t\t\t<div class=\"elementor-column elementor-col-100 elementor-top-column elementor-element elementor-element-4d9405e\" data-id=\"4d9405e\" data-element_type=\"column\">\n\t\t\t<div class=\"elementor-widget-wrap elementor-element-populated\">\n\t\t\t\t\t\t<div class=\"elementor-element elementor-element-2d243fa8 elementor-widget elementor-widget-heading\" data-id=\"2d243fa8\" data-element_type=\"widget\" data-widget_type=\"heading.default\">\n\t\t\t\t<div class=\"elementor-widget-container\">\n\t\t\t\t\t<h3 class=\"elementor-heading-title elementor-size-default\">Kunden und Verbraucher wollen es so <\/h3>\t\t\t\t<\/div>\n\t\t\t\t<\/div>\n\t\t\t\t<div class=\"elementor-element elementor-element-37b3f1e2 elementor-widget elementor-widget-text-editor\" data-id=\"37b3f1e2\" data-element_type=\"widget\" data-widget_type=\"text-editor.default\">\n\t\t\t\t<div class=\"elementor-widget-container\">\n\t\t\t\t\t\t\t\t\t<p>Ein weiterer Faktor, der f\u00fcr Ver\u00e4nderung sorgt, sind die Kundenw\u00fcnsche. Bei Konsumg\u00fctern machen Verb\u00e4nde und Verbraucher Druck mit dem Ziel, die Verpackungsmengen zu reduzieren und aus der Einweg- eine Kreislaufwirtschaft zu machen. In der Industrie erwarten immer mehr Unternehmen von ihren Zulieferern kontinuierliche und dokumentierte Verbesserungen in Sachen Nachhaltigkeit. Die Verpackung ist da ein guter Ansatzpunkt. Wie dieses Ziel am besten umgesetzt wird \u2013 das ist die Frage.<\/p>\t\t\t\t\t\t\t\t<\/div>\n\t\t\t\t<\/div>\n\t\t\t\t\t<\/div>\n\t\t<\/div>\n\t\t\t\t\t<\/div>\n\t\t<\/section>\n\t\t\t\t<section class=\"elementor-section elementor-top-section elementor-element elementor-element-6476c71c elementor-section-boxed elementor-section-height-default elementor-section-height-default\" data-id=\"6476c71c\" data-element_type=\"section\">\n\t\t\t\t\t\t<div class=\"elementor-container elementor-column-gap-default\">\n\t\t\t\t\t<div class=\"elementor-column elementor-col-100 elementor-top-column elementor-element elementor-element-58efa864\" data-id=\"58efa864\" data-element_type=\"column\">\n\t\t\t<div class=\"elementor-widget-wrap elementor-element-populated\">\n\t\t\t\t\t\t<div class=\"elementor-element elementor-element-1d975e02 elementor-widget elementor-widget-heading\" data-id=\"1d975e02\" data-element_type=\"widget\" data-widget_type=\"heading.default\">\n\t\t\t\t<div class=\"elementor-widget-container\">\n\t\t\t\t\t<h3 class=\"elementor-heading-title elementor-size-default\">Jetzt z\u00e4hlen Informationen<\/h3>\t\t\t\t<\/div>\n\t\t\t\t<\/div>\n\t\t\t\t<div class=\"elementor-element elementor-element-6f0536dd elementor-widget elementor-widget-text-editor\" data-id=\"6f0536dd\" data-element_type=\"widget\" data-widget_type=\"text-editor.default\">\n\t\t\t\t<div class=\"elementor-widget-container\">\n\t\t\t\t\t\t\t\t\t<p>Ob man Industrieprodukte, Konsumg\u00fcter oder Frischobst verpackt: In diesen unruhigen Zeiten mit hoher Ver\u00e4nderungsgeschwindigkeit kommt es nochmals st\u00e4rker als sonst auf umfassende Informationen an. Die Entscheider sind aufgerufen, sich umzuh\u00f6ren und auszutauschen, nach rechts und links zu schauen und mit Branchenexperten zu diskutieren.<\/p><p>Dazu gibt es in den kommenden Monaten gleich zweimal Gelegenheit:<\/p><p><strong>In Hamburg (26. und 27. Januar 2022) und<\/strong><strong> Dortmund (18. und 19. Mai 2022)<\/strong>. Die Anwender sollten das Thema offensiv angehen und die Ver\u00e4nderung auch als Chance sehen. Neue Konzepte bieten schlie\u00dflich immer die M\u00f6glichkeit, Kosten zu sparen, die Versorgungssicherheit zu verbessern und sich rechtzeitig auf die Zukunft vorzubereiten.<\/p>\t\t\t\t\t\t\t\t<\/div>\n\t\t\t\t<\/div>\n\t\t\t\t<div class=\"elementor-element elementor-element-351a157 elementor-widget elementor-widget-button\" data-id=\"351a157\" data-element_type=\"widget\" data-widget_type=\"button.default\">\n\t\t\t\t<div class=\"elementor-widget-container\">\n\t\t\t\t\t\t\t\t\t<div class=\"elementor-button-wrapper\">\n\t\t\t\t\t<a class=\"elementor-button elementor-button-link elementor-size-sm\" href=\"https:\/\/registration.gesevent.com\/survey\/25gvdxdel3sxm\/start?actioncode=186003\">\n\t\t\t\t\t\t<span class=\"elementor-button-content-wrapper\">\n\t\t\t\t\t\t\t\t\t<span class=\"elementor-button-text\">Kostenfreies Ticket sichern<\/span>\n\t\t\t\t\t<\/span>\n\t\t\t\t\t<\/a>\n\t\t\t\t<\/div>\n\t\t\t\t\t\t\t\t<\/div>\n\t\t\t\t<\/div>\n\t\t\t\t\t<\/div>\n\t\t<\/div>\n\t\t\t\t\t<\/div>\n\t\t<\/section>\n\t\t\t\t<\/div>\n\t\t","protected":false},"excerpt":{"rendered":"<p>F\u00fcr jedes Unternehmen, das Waren verpackt und versendet, sind die Zeiten unruhig. Das beginnt schon bei der Frage der Materialauswahl. Kunststoffverpackungen ste-hen aus mehreren Gr\u00fcnden \u2013 dazu geh\u00f6ren ihre fossile Herkunft ebenso wie M\u00fcll-exporte nach Asien und Mikroplastik in Lebewesen \u2013 in der Diskussion. Papier und Pappe sind aktuell knapp und teuer. Und biologisch abbaubare Materialien gelten auch nicht der Weisheit letzter Schluss, weil es ihnen an Recycling-F\u00e4higkeit fehlt. Da ist es schwer, den richtigen Zukunftspfad f\u00fcr die Verpackung zu finden.<\/p>\n","protected":false},"author":1,"featured_media":17099,"comment_status":"open","ping_status":"open","sticky":false,"template":"","format":"standard","meta":{"_seopress_robots_primary_cat":"none","_seopress_titles_title":"Unruhige Zeiten","_seopress_titles_desc":"F\u00fcr jedes Unternehmen, das Waren verpackt und versendet, sind die Zeiten unruhig. Das beginnt schon bei der Frage der Materialauswahl. Kunststoffverpackungen ste-hen aus mehreren Gr\u00fcnden \u2013 dazu geh\u00f6ren ihre fossile Herkunft ebenso wie M\u00fcll-exporte nach Asien und Mikroplastik in Lebewesen \u2013 in der Diskussion. Papier und Pappe sind aktuell knapp und teuer. Und biologisch abbaubare Materialien gelten auch nicht der Weisheit letzter Schluss, weil es ihnen an Recycling-F\u00e4higkeit fehlt. Da ist es schwer, den richtigen Zukunftspfad f\u00fcr die Verpackung zu finden.","_seopress_robots_index":"","footnotes":""},"categories":[299],"tags":[],"edition":[],"class_list":["post-17064","post","type-post","status-publish","format-standard","has-post-thumbnail","hentry","category-allgemein"],"_links":{"self":[{"href":"https:\/\/www.dortmund.empack-messen.de\/de\/wp-json\/wp\/v2\/posts\/17064","targetHints":{"allow":["GET"]}}],"collection":[{"href":"https:\/\/www.dortmund.empack-messen.de\/de\/wp-json\/wp\/v2\/posts"}],"about":[{"href":"https:\/\/www.dortmund.empack-messen.de\/de\/wp-json\/wp\/v2\/types\/post"}],"author":[{"embeddable":true,"href":"https:\/\/www.dortmund.empack-messen.de\/de\/wp-json\/wp\/v2\/users\/1"}],"replies":[{"embeddable":true,"href":"https:\/\/www.dortmund.empack-messen.de\/de\/wp-json\/wp\/v2\/comments?post=17064"}],"version-history":[{"count":0,"href":"https:\/\/www.dortmund.empack-messen.de\/de\/wp-json\/wp\/v2\/posts\/17064\/revisions"}],"wp:featuredmedia":[{"embeddable":true,"href":"https:\/\/www.dortmund.empack-messen.de\/de\/wp-json\/wp\/v2\/media\/17099"}],"wp:attachment":[{"href":"https:\/\/www.dortmund.empack-messen.de\/de\/wp-json\/wp\/v2\/media?parent=17064"}],"wp:term":[{"taxonomy":"category","embeddable":true,"href":"https:\/\/www.dortmund.empack-messen.de\/de\/wp-json\/wp\/v2\/categories?post=17064"},{"taxonomy":"post_tag","embeddable":true,"href":"https:\/\/www.dortmund.empack-messen.de\/de\/wp-json\/wp\/v2\/tags?post=17064"},{"taxonomy":"edition","embeddable":true,"href":"https:\/\/www.dortmund.empack-messen.de\/de\/wp-json\/wp\/v2\/edition?post=17064"}],"curies":[{"name":"wp","href":"https:\/\/api.w.org\/{rel}","templated":true}]}}