{"id":16914,"date":"2021-10-26T10:51:07","date_gmt":"2021-10-26T08:51:07","guid":{"rendered":"https:\/\/www.dortmund.empack-messen.de\/?p=16914"},"modified":"2021-12-22T14:57:22","modified_gmt":"2021-12-22T13:57:22","slug":"die-logistik-als-mangelwirtschaft","status":"publish","type":"post","link":"https:\/\/www.dortmund.empack-messen.de\/de\/2021\/10\/26\/die-logistik-als-mangelwirtschaft\/","title":{"rendered":"Die Logistik als Mangelwirtschaft"},"content":{"rendered":"\t\t<div data-elementor-type=\"wp-post\" data-elementor-id=\"16914\" class=\"elementor elementor-16914\" data-elementor-post-type=\"post\">\n\t\t\t\t\t\t<section class=\"elementor-section elementor-top-section elementor-element elementor-element-45b358f5 elementor-section-boxed elementor-section-height-default elementor-section-height-default\" data-id=\"45b358f5\" data-element_type=\"section\">\n\t\t\t\t\t\t<div class=\"elementor-container elementor-column-gap-default\">\n\t\t\t\t\t<div class=\"elementor-column elementor-col-100 elementor-top-column elementor-element elementor-element-25a5ff66\" data-id=\"25a5ff66\" data-element_type=\"column\">\n\t\t\t<div class=\"elementor-widget-wrap elementor-element-populated\">\n\t\t\t\t\t\t<div class=\"elementor-element elementor-element-145821a3 elementor-widget elementor-widget-spacer\" data-id=\"145821a3\" data-element_type=\"widget\" data-widget_type=\"spacer.default\">\n\t\t\t\t<div class=\"elementor-widget-container\">\n\t\t\t\t\t\t\t<div class=\"elementor-spacer\">\n\t\t\t<div class=\"elementor-spacer-inner\"><\/div>\n\t\t<\/div>\n\t\t\t\t\t\t<\/div>\n\t\t\t\t<\/div>\n\t\t\t\t<div class=\"elementor-element elementor-element-52f7e58a elementor-widget elementor-widget-theme-post-featured-image elementor-widget-image\" data-id=\"52f7e58a\" data-element_type=\"widget\" data-widget_type=\"theme-post-featured-image.default\">\n\t\t\t\t<div class=\"elementor-widget-container\">\n\t\t\t\t\t\t\t\t\t\t\t\t\t\t\t<img fetchpriority=\"high\" decoding=\"async\" width=\"1200\" height=\"450\" src=\"https:\/\/easyfairsassets.com\/sites\/345\/2021\/10\/delivery_delayed.png\" class=\"attachment-full size-full wp-image-16943\" alt=\"\" srcset=\"https:\/\/easyfairsassets.com\/sites\/345\/2021\/10\/delivery_delayed.png 1200w, https:\/\/easyfairsassets.com\/sites\/345\/2021\/10\/delivery_delayed-300x113.png 300w, https:\/\/easyfairsassets.com\/sites\/345\/2021\/10\/delivery_delayed-1024x384.png 1024w, https:\/\/easyfairsassets.com\/sites\/345\/2021\/10\/delivery_delayed-768x288.png 768w\" sizes=\"(max-width: 1200px) 100vw, 1200px\" \/>\t\t\t\t\t\t\t\t\t\t\t\t\t\t\t<\/div>\n\t\t\t\t<\/div>\n\t\t\t\t<div class=\"elementor-element elementor-element-435298fd elementor-widget elementor-widget-theme-post-title elementor-page-title elementor-widget-heading\" data-id=\"435298fd\" data-element_type=\"widget\" data-widget_type=\"theme-post-title.default\">\n\t\t\t\t<div class=\"elementor-widget-container\">\n\t\t\t\t\t<h1 class=\"elementor-heading-title elementor-size-large\">Die Logistik als Mangelwirtschaft<\/h1>\t\t\t\t<\/div>\n\t\t\t\t<\/div>\n\t\t\t\t<div class=\"elementor-element elementor-element-6f248d01 elementor-widget elementor-widget-post-info\" data-id=\"6f248d01\" data-element_type=\"widget\" data-widget_type=\"post-info.default\">\n\t\t\t\t<div class=\"elementor-widget-container\">\n\t\t\t\t\t\t\t<ul class=\"elementor-inline-items elementor-icon-list-items elementor-post-info\">\n\t\t\t\t\t\t\t\t<li class=\"elementor-icon-list-item elementor-repeater-item-7148c75 elementor-inline-item\" itemprop=\"datePublished\">\n\t\t\t\t\t\t<a href=\"https:\/\/www.dortmund.empack-messen.de\/de\/2021\/10\/26\/\">\n\t\t\t\t\t\t\t\t\t\t\t<span class=\"elementor-icon-list-icon\">\n\t\t\t\t\t\t\t\t<i aria-hidden=\"true\" class=\"fas fa-calendar\"><\/i>\t\t\t\t\t\t\t<\/span>\n\t\t\t\t\t\t\t\t\t<span class=\"elementor-icon-list-text elementor-post-info__item elementor-post-info__item--type-date\">\n\t\t\t\t\t\t\t\t\t\t<time>26. Oktober 2021<\/time>\t\t\t\t\t<\/span>\n\t\t\t\t\t\t\t\t\t<\/a>\n\t\t\t\t<\/li>\n\t\t\t\t<li class=\"elementor-icon-list-item elementor-repeater-item-8fc826b elementor-inline-item\" itemprop=\"about\">\n\t\t\t\t\t\t\t\t\t\t<span class=\"elementor-icon-list-icon\">\n\t\t\t\t\t\t\t\t<i aria-hidden=\"true\" class=\"fas fa-tags\"><\/i>\t\t\t\t\t\t\t<\/span>\n\t\t\t\t\t\t\t\t\t<span class=\"elementor-icon-list-text elementor-post-info__item elementor-post-info__item--type-terms\">\n\t\t\t\t\t\t\t\t\t\t<span class=\"elementor-post-info__terms-list\">\n\t\t\t\t<a href=\"https:\/\/www.dortmund.empack-messen.de\/de\/category\/allgemein\/\" class=\"elementor-post-info__terms-list-item\">Allgemein<\/a>\t\t\t\t<\/span>\n\t\t\t\t\t<\/span>\n\t\t\t\t\t\t\t\t<\/li>\n\t\t\t\t<\/ul>\n\t\t\t\t\t\t<\/div>\n\t\t\t\t<\/div>\n\t\t\t\t<div class=\"elementor-element elementor-element-249584e elementor-widget elementor-widget-spacer\" data-id=\"249584e\" data-element_type=\"widget\" data-widget_type=\"spacer.default\">\n\t\t\t\t<div class=\"elementor-widget-container\">\n\t\t\t\t\t\t\t<div class=\"elementor-spacer\">\n\t\t\t<div class=\"elementor-spacer-inner\"><\/div>\n\t\t<\/div>\n\t\t\t\t\t\t<\/div>\n\t\t\t\t<\/div>\n\t\t\t\t\t<\/div>\n\t\t<\/div>\n\t\t\t\t\t<\/div>\n\t\t<\/section>\n\t\t\t\t<section class=\"elementor-section elementor-top-section elementor-element elementor-element-2a5b355a elementor-section-boxed elementor-section-height-default elementor-section-height-default\" data-id=\"2a5b355a\" data-element_type=\"section\">\n\t\t\t\t\t\t<div class=\"elementor-container elementor-column-gap-default\">\n\t\t\t\t\t<div class=\"elementor-column elementor-col-100 elementor-top-column elementor-element elementor-element-4b3679c0\" data-id=\"4b3679c0\" data-element_type=\"column\">\n\t\t\t<div class=\"elementor-widget-wrap elementor-element-populated\">\n\t\t\t\t\t\t<div class=\"elementor-element elementor-element-2791add9 elementor-widget elementor-widget-text-editor\" data-id=\"2791add9\" data-element_type=\"widget\" data-widget_type=\"text-editor.default\">\n\t\t\t\t<div class=\"elementor-widget-container\">\n\t\t\t\t\t\t\t\t\t<p>Das Problem ist nicht neu. Schon Heinrich Heine stellte vor knapp 200 Jahren fest: \u201eMal fehlt uns der Wein, mal fehlt uns der Becher.\u201c Das Fehlen von Wein k\u00f6nnte man als Luxusproblem abtun, das der Volkswirtschaft wenig schadet. Aber <strong>aktuell fehlen der Industrie und den Konsumenten keine alkoholischen Getr\u00e4nke, sondern so essentielle G\u00fcter<\/strong> wie Mikrochips und Kunststoffgranulat. Deshalb werden Kunststoffverpackungen teurer und knapper. Auch bei Papier und Pappe gibt es Engp\u00e4sse \u2013 schon fehlen im Einzelhandel Papiert\u00fcten. Und Container, die universellen Transportbeh\u00e4lter des Welthandels, sind seit Monaten rar.<\/p>\t\t\t\t\t\t\t\t<\/div>\n\t\t\t\t<\/div>\n\t\t\t\t<div class=\"elementor-element elementor-element-5cf1c4dd elementor-widget elementor-widget-spacer\" data-id=\"5cf1c4dd\" data-element_type=\"widget\" data-widget_type=\"spacer.default\">\n\t\t\t\t<div class=\"elementor-widget-container\">\n\t\t\t\t\t\t\t<div class=\"elementor-spacer\">\n\t\t\t<div class=\"elementor-spacer-inner\"><\/div>\n\t\t<\/div>\n\t\t\t\t\t\t<\/div>\n\t\t\t\t<\/div>\n\t\t\t\t<div class=\"elementor-element elementor-element-5094992f elementor-widget elementor-widget-heading\" data-id=\"5094992f\" data-element_type=\"widget\" data-widget_type=\"heading.default\">\n\t\t\t\t<div class=\"elementor-widget-container\">\n\t\t\t\t\t<h3 class=\"elementor-heading-title elementor-size-default\">Die Aufgabe: Logistik und Verpackung neu denken <\/h3>\t\t\t\t<\/div>\n\t\t\t\t<\/div>\n\t\t\t\t<div class=\"elementor-element elementor-element-1a300b08 elementor-widget elementor-widget-text-editor\" data-id=\"1a300b08\" data-element_type=\"widget\" data-widget_type=\"text-editor.default\">\n\t\t\t\t<div class=\"elementor-widget-container\">\n\t\t\t\t\t\t\t\t\t<p>Die aktuelle \u201eMangelwirtschaft\u201c in Logistik, Distribution und Verpackung hat mehrere Gr\u00fcnde, von denen die Corona-Pandemie nur einer ist.<strong> F\u00fcr die produzierende Wirtschaft hei\u00dft das: Vorhandene Verpackungs- und Logistikkonzepte sollten auf ihre Anf\u00e4lligkeit bzw. ihre Stabilit\u00e4t gepr\u00fcft oder neu gedacht werden &#8211; das ist die Aufgabe.<\/strong> Sie ist umso wichtiger, als auch andere Faktoren eine Ver\u00e4nderung erzwingen. Alle voran stehen hier die Gesetzgebung und der Kundenwunsch, nachhaltige und klimaschonende Prozesse zu etablieren.<\/p><p>Bei der Neugestaltung bzw. Anpassung der Logistikprozesse sind deshalb viele Faktoren zu ber\u00fccksichtigen, und alle Eventualit\u00e4ten kann man nicht im Blick haben: Wer h\u00e4tte vorausgesehen, dass aktuell Papier in Verpackungsqualit\u00e4t knapp ist? Dass sich (Luft-)Frachtraten schnell vervielfachen und kaum ein internationaler Seetransport ohne Verz\u00f6gerung stattfindet? Wohl niemand. <strong>Und dass wir nun mit diesen Problemen k\u00e4mpfen, hat auch damit zu tun, dass der komplexe und durchgetaktete Welthandel einschlie\u00dflich der Verf\u00fcgbarkeit von Verpackungsmaterial sehr anf\u00e4llig ist.<\/strong><\/p>\t\t\t\t\t\t\t\t<\/div>\n\t\t\t\t<\/div>\n\t\t\t\t\t<\/div>\n\t\t<\/div>\n\t\t\t\t\t<\/div>\n\t\t<\/section>\n\t\t\t\t<section class=\"elementor-section elementor-top-section elementor-element elementor-element-5c4dada1 elementor-section-boxed elementor-section-height-default elementor-section-height-default\" data-id=\"5c4dada1\" data-element_type=\"section\">\n\t\t\t\t\t\t<div class=\"elementor-container elementor-column-gap-default\">\n\t\t\t\t\t<div class=\"elementor-column elementor-col-100 elementor-top-column elementor-element elementor-element-4d9405e\" data-id=\"4d9405e\" data-element_type=\"column\">\n\t\t\t<div class=\"elementor-widget-wrap elementor-element-populated\">\n\t\t\t\t\t\t<div class=\"elementor-element elementor-element-2d243fa8 elementor-widget elementor-widget-heading\" data-id=\"2d243fa8\" data-element_type=\"widget\" data-widget_type=\"heading.default\">\n\t\t\t\t<div class=\"elementor-widget-container\">\n\t\t\t\t\t<h3 class=\"elementor-heading-title elementor-size-default\">Kurze Lieferketten sind keine L\u00f6sung<\/h3>\t\t\t\t<\/div>\n\t\t\t\t<\/div>\n\t\t\t\t<div class=\"elementor-element elementor-element-37b3f1e2 elementor-widget elementor-widget-text-editor\" data-id=\"37b3f1e2\" data-element_type=\"widget\" data-widget_type=\"text-editor.default\">\n\t\t\t\t<div class=\"elementor-widget-container\">\n\t\t\t\t\t\t\t\t\t<p>Auf den ersten Blick bieten sich kurze Lieferketten als L\u00f6sung an &#8211; bei einigen Produkten mag das sinnvoll sein. Aber die Volkswirte weisen auch darauf hin, dass die globale Arbeitsteilung in hohem Ma\u00dfe Kosten senkt. Ein Verzicht auf die Fertigung z.B. in Asien w\u00fcrde die in Deutschland angebotenen Waren erheblich verteuern. Die Arbeitsteilung hat sich eingespielt.<\/p>\t\t\t\t\t\t\t\t<\/div>\n\t\t\t\t<\/div>\n\t\t\t\t\t<\/div>\n\t\t<\/div>\n\t\t\t\t\t<\/div>\n\t\t<\/section>\n\t\t\t\t<section class=\"elementor-section elementor-top-section elementor-element elementor-element-6476c71c elementor-section-boxed elementor-section-height-default elementor-section-height-default\" data-id=\"6476c71c\" data-element_type=\"section\">\n\t\t\t\t\t\t<div class=\"elementor-container elementor-column-gap-default\">\n\t\t\t\t\t<div class=\"elementor-column elementor-col-100 elementor-top-column elementor-element elementor-element-58efa864\" data-id=\"58efa864\" data-element_type=\"column\">\n\t\t\t<div class=\"elementor-widget-wrap elementor-element-populated\">\n\t\t\t\t\t\t<div class=\"elementor-element elementor-element-1d975e02 elementor-widget elementor-widget-heading\" data-id=\"1d975e02\" data-element_type=\"widget\" data-widget_type=\"heading.default\">\n\t\t\t\t<div class=\"elementor-widget-container\">\n\t\t\t\t\t<h3 class=\"elementor-heading-title elementor-size-default\">Vorsprung durch Information<\/h3>\t\t\t\t<\/div>\n\t\t\t\t<\/div>\n\t\t\t\t<div class=\"elementor-element elementor-element-6f0536dd elementor-widget elementor-widget-text-editor\" data-id=\"6f0536dd\" data-element_type=\"widget\" data-widget_type=\"text-editor.default\">\n\t\t\t\t<div class=\"elementor-widget-container\">\n\t\t\t\t\t\t\t\t\t<p>So oder so: Die <strong>EMPACK<\/strong> bietet den Entscheidern und Industrie und Handel die Gelegenheit, sich umfassend zu informieren und alternative Verpackungskonzepte kennenzulernen. Und auf der <strong>Logistics &amp; Distribution<\/strong> zeigen qualifizierte Aussteller neue Produkte, L\u00f6sungen und Dienstleistungen zur Optimierung der Logistik-Kette.<\/p><p>Damit machen die regionalen Fachmessen deutlich, dass es viele \u201eStellschrauben\u201c zur St\u00e4rkung der innerbetrieblichen Logistik (einschlie\u00dflich der Verpackung) und der Distribution gibt \u2013 <strong>und das gleich zweimal: Im Januar 2022 in Hamburg und im Mai 2022 in Dortmund.<\/strong><\/p>\t\t\t\t\t\t\t\t<\/div>\n\t\t\t\t<\/div>\n\t\t\t\t\t<\/div>\n\t\t<\/div>\n\t\t\t\t\t<\/div>\n\t\t<\/section>\n\t\t\t\t<\/div>\n\t\t","protected":false},"excerpt":{"rendered":"<p>Die aktuelle \u201eMangelwirtschaft\u201c in Logistik, Distribution und Verpackung hat mehrere Gr\u00fcnde, von denen die Corona-Pandemie nur einer ist. F\u00fcr die produzierende Wirtschaft hei\u00dft das: Vorhandene Verpackungs- und Logistikkonzepte sollten auf ihre Anf\u00e4lligkeit bzw. ihre Stabilit\u00e4t gepr\u00fcft oder neu gedacht werden &#8211; das ist die Aufgabe. Sie ist umso wichtiger, als auch andere Faktoren eine Ver\u00e4nderung erzwingen. Alle voran stehen hier die Gesetzgebung und der Kundenwunsch, nachhaltige und klimaschonende Prozesse zu etablieren.<\/p>\n","protected":false},"author":1,"featured_media":16943,"comment_status":"open","ping_status":"open","sticky":false,"template":"","format":"standard","meta":{"_seopress_robots_primary_cat":"none","_seopress_titles_title":"Die Logistik als Mangelwirtschaft","_seopress_titles_desc":"Die aktuelle \u201eMangelwirtschaft\u201c in Logistik, Distribution und Verpackung hat mehrere Gr\u00fcnde, von denen die Corona-Pandemie nur einer ist. F\u00fcr die produzierende Wirt-schaft hei\u00dft das: Vorhandene Verpackungs- und Logistikkonzepte sollten auf ihre An-f\u00e4lligkeit bzw. ihre Stabilit\u00e4t gepr\u00fcft oder neu gedacht werden - das ist die Aufgabe. Sie ist umso wichtiger, als auch andere Faktoren eine Ver\u00e4nderung erzwingen. Alle voran stehen hier die Gesetzgebung und der Kundenwunsch, nachhaltige und klima-schonende Prozesse zu etablieren.","_seopress_robots_index":"","footnotes":""},"categories":[299],"tags":[],"edition":[],"class_list":["post-16914","post","type-post","status-publish","format-standard","has-post-thumbnail","hentry","category-allgemein"],"_links":{"self":[{"href":"https:\/\/www.dortmund.empack-messen.de\/de\/wp-json\/wp\/v2\/posts\/16914","targetHints":{"allow":["GET"]}}],"collection":[{"href":"https:\/\/www.dortmund.empack-messen.de\/de\/wp-json\/wp\/v2\/posts"}],"about":[{"href":"https:\/\/www.dortmund.empack-messen.de\/de\/wp-json\/wp\/v2\/types\/post"}],"author":[{"embeddable":true,"href":"https:\/\/www.dortmund.empack-messen.de\/de\/wp-json\/wp\/v2\/users\/1"}],"replies":[{"embeddable":true,"href":"https:\/\/www.dortmund.empack-messen.de\/de\/wp-json\/wp\/v2\/comments?post=16914"}],"version-history":[{"count":0,"href":"https:\/\/www.dortmund.empack-messen.de\/de\/wp-json\/wp\/v2\/posts\/16914\/revisions"}],"wp:featuredmedia":[{"embeddable":true,"href":"https:\/\/www.dortmund.empack-messen.de\/de\/wp-json\/wp\/v2\/media\/16943"}],"wp:attachment":[{"href":"https:\/\/www.dortmund.empack-messen.de\/de\/wp-json\/wp\/v2\/media?parent=16914"}],"wp:term":[{"taxonomy":"category","embeddable":true,"href":"https:\/\/www.dortmund.empack-messen.de\/de\/wp-json\/wp\/v2\/categories?post=16914"},{"taxonomy":"post_tag","embeddable":true,"href":"https:\/\/www.dortmund.empack-messen.de\/de\/wp-json\/wp\/v2\/tags?post=16914"},{"taxonomy":"edition","embeddable":true,"href":"https:\/\/www.dortmund.empack-messen.de\/de\/wp-json\/wp\/v2\/edition?post=16914"}],"curies":[{"name":"wp","href":"https:\/\/api.w.org\/{rel}","templated":true}]}}