{"id":16324,"date":"2021-09-30T10:15:22","date_gmt":"2021-09-30T08:15:22","guid":{"rendered":"https:\/\/www.dortmund.empack-messen.de\/?p=16324"},"modified":"2021-09-30T14:31:11","modified_gmt":"2021-09-30T12:31:11","slug":"unboxing-die-verpackung-im-mittelpunkt","status":"publish","type":"post","link":"https:\/\/www.dortmund.empack-messen.de\/de\/2021\/09\/30\/unboxing-die-verpackung-im-mittelpunkt\/","title":{"rendered":"\u201eUnboxing\u201c: Die Verpackung im Mittelpunkt"},"content":{"rendered":"\t\t<div data-elementor-type=\"wp-post\" data-elementor-id=\"16324\" class=\"elementor elementor-16324\" data-elementor-post-type=\"post\">\n\t\t\t\t\t\t<section class=\"elementor-section elementor-top-section elementor-element elementor-element-45b358f5 elementor-section-boxed elementor-section-height-default elementor-section-height-default\" data-id=\"45b358f5\" data-element_type=\"section\">\n\t\t\t\t\t\t<div class=\"elementor-container elementor-column-gap-default\">\n\t\t\t\t\t<div class=\"elementor-column elementor-col-100 elementor-top-column elementor-element elementor-element-25a5ff66\" data-id=\"25a5ff66\" data-element_type=\"column\">\n\t\t\t<div class=\"elementor-widget-wrap elementor-element-populated\">\n\t\t\t\t\t\t<div class=\"elementor-element elementor-element-145821a3 elementor-widget elementor-widget-spacer\" data-id=\"145821a3\" data-element_type=\"widget\" data-widget_type=\"spacer.default\">\n\t\t\t\t<div class=\"elementor-widget-container\">\n\t\t\t\t\t\t\t<div class=\"elementor-spacer\">\n\t\t\t<div class=\"elementor-spacer-inner\"><\/div>\n\t\t<\/div>\n\t\t\t\t\t\t<\/div>\n\t\t\t\t<\/div>\n\t\t\t\t<div class=\"elementor-element elementor-element-52f7e58a elementor-widget elementor-widget-theme-post-featured-image elementor-widget-image\" data-id=\"52f7e58a\" data-element_type=\"widget\" data-widget_type=\"theme-post-featured-image.default\">\n\t\t\t\t<div class=\"elementor-widget-container\">\n\t\t\t\t\t\t\t\t\t\t\t\t\t\t\t<img fetchpriority=\"high\" decoding=\"async\" width=\"1200\" height=\"450\" src=\"https:\/\/easyfairsassets.com\/sites\/345\/2021\/09\/unboxing_test2.png\" class=\"attachment-full size-full wp-image-16386\" alt=\"\" srcset=\"https:\/\/easyfairsassets.com\/sites\/345\/2021\/09\/unboxing_test2.png 1200w, https:\/\/easyfairsassets.com\/sites\/345\/2021\/09\/unboxing_test2-300x113.png 300w, https:\/\/easyfairsassets.com\/sites\/345\/2021\/09\/unboxing_test2-1024x384.png 1024w, https:\/\/easyfairsassets.com\/sites\/345\/2021\/09\/unboxing_test2-768x288.png 768w\" sizes=\"(max-width: 1200px) 100vw, 1200px\" \/>\t\t\t\t\t\t\t\t\t\t\t\t\t\t\t<\/div>\n\t\t\t\t<\/div>\n\t\t\t\t<div class=\"elementor-element elementor-element-435298fd elementor-widget elementor-widget-theme-post-title elementor-page-title elementor-widget-heading\" data-id=\"435298fd\" data-element_type=\"widget\" data-widget_type=\"theme-post-title.default\">\n\t\t\t\t<div class=\"elementor-widget-container\">\n\t\t\t\t\t<h1 class=\"elementor-heading-title elementor-size-large\">\u201eUnboxing\u201c: Die Verpackung im Mittelpunkt<\/h1>\t\t\t\t<\/div>\n\t\t\t\t<\/div>\n\t\t\t\t<div class=\"elementor-element elementor-element-6f248d01 elementor-widget elementor-widget-post-info\" data-id=\"6f248d01\" data-element_type=\"widget\" data-widget_type=\"post-info.default\">\n\t\t\t\t<div class=\"elementor-widget-container\">\n\t\t\t\t\t\t\t<ul class=\"elementor-inline-items elementor-icon-list-items elementor-post-info\">\n\t\t\t\t\t\t\t\t<li class=\"elementor-icon-list-item elementor-repeater-item-7148c75 elementor-inline-item\" itemprop=\"datePublished\">\n\t\t\t\t\t\t<a href=\"https:\/\/www.dortmund.empack-messen.de\/de\/2021\/09\/30\/\">\n\t\t\t\t\t\t\t\t\t\t\t<span class=\"elementor-icon-list-icon\">\n\t\t\t\t\t\t\t\t<i aria-hidden=\"true\" class=\"fas fa-calendar\"><\/i>\t\t\t\t\t\t\t<\/span>\n\t\t\t\t\t\t\t\t\t<span class=\"elementor-icon-list-text elementor-post-info__item elementor-post-info__item--type-date\">\n\t\t\t\t\t\t\t\t\t\t<time>30. September 2021<\/time>\t\t\t\t\t<\/span>\n\t\t\t\t\t\t\t\t\t<\/a>\n\t\t\t\t<\/li>\n\t\t\t\t<li class=\"elementor-icon-list-item elementor-repeater-item-8fc826b elementor-inline-item\" itemprop=\"about\">\n\t\t\t\t\t\t\t\t\t\t<span class=\"elementor-icon-list-icon\">\n\t\t\t\t\t\t\t\t<i aria-hidden=\"true\" class=\"fas fa-tags\"><\/i>\t\t\t\t\t\t\t<\/span>\n\t\t\t\t\t\t\t\t\t<span class=\"elementor-icon-list-text elementor-post-info__item elementor-post-info__item--type-terms\">\n\t\t\t\t\t\t\t\t\t\t<span class=\"elementor-post-info__terms-list\">\n\t\t\t\t<a href=\"https:\/\/www.dortmund.empack-messen.de\/de\/category\/allgemein\/\" class=\"elementor-post-info__terms-list-item\">Allgemein<\/a>\t\t\t\t<\/span>\n\t\t\t\t\t<\/span>\n\t\t\t\t\t\t\t\t<\/li>\n\t\t\t\t<\/ul>\n\t\t\t\t\t\t<\/div>\n\t\t\t\t<\/div>\n\t\t\t\t<div class=\"elementor-element elementor-element-249584e elementor-widget elementor-widget-spacer\" data-id=\"249584e\" data-element_type=\"widget\" data-widget_type=\"spacer.default\">\n\t\t\t\t<div class=\"elementor-widget-container\">\n\t\t\t\t\t\t\t<div class=\"elementor-spacer\">\n\t\t\t<div class=\"elementor-spacer-inner\"><\/div>\n\t\t<\/div>\n\t\t\t\t\t\t<\/div>\n\t\t\t\t<\/div>\n\t\t\t\t\t<\/div>\n\t\t<\/div>\n\t\t\t\t\t<\/div>\n\t\t<\/section>\n\t\t\t\t<section class=\"elementor-section elementor-top-section elementor-element elementor-element-2a5b355a elementor-section-boxed elementor-section-height-default elementor-section-height-default\" data-id=\"2a5b355a\" data-element_type=\"section\">\n\t\t\t\t\t\t<div class=\"elementor-container elementor-column-gap-default\">\n\t\t\t\t\t<div class=\"elementor-column elementor-col-100 elementor-top-column elementor-element elementor-element-4b3679c0\" data-id=\"4b3679c0\" data-element_type=\"column\">\n\t\t\t<div class=\"elementor-widget-wrap elementor-element-populated\">\n\t\t\t\t\t\t<div class=\"elementor-element elementor-element-2791add9 elementor-widget elementor-widget-text-editor\" data-id=\"2791add9\" data-element_type=\"widget\" data-widget_type=\"text-editor.default\">\n\t\t\t\t<div class=\"elementor-widget-container\">\n\t\t\t\t\t\t\t\t\t<p>Man mag es begr\u00fc\u00dfen oder kritisch sehen: <strong>Der Online-Handel l\u00f6st zunehmend den station\u00e4ren Handel ab.<\/strong> Was auch immer der Kunde w\u00fcnscht \u2013 es ist nur einen Mausklick entfernt. Die Pandemie hat das schon vorher rasante Wachstum des Online-Gesch\u00e4ftes nochmal mehr beschleunigt.<\/p><p>Was bedeutet das f\u00fcr die Verpackung? Drei Aspekte stehen im Vordergrund. Der erste: Wenn der Handel als Mittler entf\u00e4llt, gibt es mehr Transportverpackungen. Das ist kritisch, denn Trend Zwei lautet: Die Kunden w\u00fcnschen zunehmend nachhaltige Verpackungsl\u00f6sungen. Sie sind sogar bereit, daf\u00fcr mehr Geld zu bezahlen <em>(mehr dar\u00fcber auf unseren <span style=\"text-decoration: underline\"><a href=\"https:\/\/www.empack-dortmund.de\/de\/2021\/04\/13\/nachhaltige-verpackungen-darf-es-etwas-teurer-sein\/\" target=\"_blank\" rel=\"noopener\">Blogbeitrag vom 13.4.2021<\/a><\/span>).<\/em> Hier sind innovative L\u00f6sungen gefragt, besser heute als morgen.<\/p>\t\t\t\t\t\t\t\t<\/div>\n\t\t\t\t<\/div>\n\t\t\t\t<div class=\"elementor-element elementor-element-5cf1c4dd elementor-widget elementor-widget-spacer\" data-id=\"5cf1c4dd\" data-element_type=\"widget\" data-widget_type=\"spacer.default\">\n\t\t\t\t<div class=\"elementor-widget-container\">\n\t\t\t\t\t\t\t<div class=\"elementor-spacer\">\n\t\t\t<div class=\"elementor-spacer-inner\"><\/div>\n\t\t<\/div>\n\t\t\t\t\t\t<\/div>\n\t\t\t\t<\/div>\n\t\t\t\t<div class=\"elementor-element elementor-element-5094992f elementor-widget elementor-widget-heading\" data-id=\"5094992f\" data-element_type=\"widget\" data-widget_type=\"heading.default\">\n\t\t\t\t<div class=\"elementor-widget-container\">\n\t\t\t\t\t<h3 class=\"elementor-heading-title elementor-size-default\">Wenn das reale Einkaufserlebnis fehlt, wird die Verpackung wichtiger<\/h3>\t\t\t\t<\/div>\n\t\t\t\t<\/div>\n\t\t\t\t<div class=\"elementor-element elementor-element-1a300b08 elementor-widget elementor-widget-text-editor\" data-id=\"1a300b08\" data-element_type=\"widget\" data-widget_type=\"text-editor.default\">\n\t\t\t\t<div class=\"elementor-widget-container\">\n\t\t\t\t\t\t\t\t\t<p>Im Zentrum dieses Blog-Beitrags steht der dritte Trend: <strong>Die Verpackung erh\u00e4lt einen h\u00f6heren Stellenwert.<\/strong> Warum? Beim Einkaufen im Handel gibt es viele Faktoren, die das Einkaufserlebnis pr\u00e4gen: die Kompetenz und Freundlichkeit des Personals, die Stimmung, selbst die Architektur der Verkaufsr\u00e4ume. Das alles entf\u00e4llt beim Online-Shopping. Hier z\u00e4hlen die Nutzerfreundlichkeit des Webshops, Lieferung- und R\u00fcckgaberichtlinien und personalisierte Angebote. Das Kauferlebnis mit Ausw\u00e4hlen, ggfs. Anprobieren (oder Anschauen, Anfassen, Anh\u00f6ren\u2026.) wird durch das Bestellen, die Lieferung und das Auspacken (\u201eUnboxing\u201c) zuhause ersetzt.<\/p>\t\t\t\t\t\t\t\t<\/div>\n\t\t\t\t<\/div>\n\t\t\t\t\t<\/div>\n\t\t<\/div>\n\t\t\t\t\t<\/div>\n\t\t<\/section>\n\t\t\t\t<section class=\"elementor-section elementor-top-section elementor-element elementor-element-5c4dada1 elementor-section-boxed elementor-section-height-default elementor-section-height-default\" data-id=\"5c4dada1\" data-element_type=\"section\">\n\t\t\t\t\t\t<div class=\"elementor-container elementor-column-gap-default\">\n\t\t\t\t\t<div class=\"elementor-column elementor-col-100 elementor-top-column elementor-element elementor-element-4d9405e\" data-id=\"4d9405e\" data-element_type=\"column\">\n\t\t\t<div class=\"elementor-widget-wrap elementor-element-populated\">\n\t\t\t\t\t\t<div class=\"elementor-element elementor-element-2d243fa8 elementor-widget elementor-widget-heading\" data-id=\"2d243fa8\" data-element_type=\"widget\" data-widget_type=\"heading.default\">\n\t\t\t\t<div class=\"elementor-widget-container\">\n\t\t\t\t\t<h3 class=\"elementor-heading-title elementor-size-default\">Das Ziel: Der \u201eWow-Effekt\u201c<\/h3>\t\t\t\t<\/div>\n\t\t\t\t<\/div>\n\t\t\t\t<div class=\"elementor-element elementor-element-37b3f1e2 elementor-widget elementor-widget-text-editor\" data-id=\"37b3f1e2\" data-element_type=\"widget\" data-widget_type=\"text-editor.default\">\n\t\t\t\t<div class=\"elementor-widget-container\">\n\t\t\t\t\t\t\t\t\t<p>Um das Auspacken (und damit um die Verpackung) wird dabei teilweise ein echter Kult gemacht. Das zeigen die zahlreichen Unboxing-Videos im Netz. Aus Sicht der Verpackungsentwickler und \u2013 Hersteller ist das ein interessanter Trend, denn bei diesen Videos steht nicht nur auszupackende Produkt im Vordergrund, sondern ebenso die Verpackung. Sie wird genau untersucht und bewertet. <strong>Dabei z\u00e4hlt jedes Detail.<\/strong> Und am besten ist es nat\u00fcrlich, wenn schon die Verpackung einen \u201eWow-Effekt\u201c hervorruft \u2013 das steigert die (Vor-)Freude aufs Produkt.<\/p>\t\t\t\t\t\t\t\t<\/div>\n\t\t\t\t<\/div>\n\t\t\t\t\t<\/div>\n\t\t<\/div>\n\t\t\t\t\t<\/div>\n\t\t<\/section>\n\t\t\t\t<section class=\"elementor-section elementor-top-section elementor-element elementor-element-6476c71c elementor-section-boxed elementor-section-height-default elementor-section-height-default\" data-id=\"6476c71c\" data-element_type=\"section\">\n\t\t\t\t\t\t<div class=\"elementor-container elementor-column-gap-default\">\n\t\t\t\t\t<div class=\"elementor-column elementor-col-100 elementor-top-column elementor-element elementor-element-58efa864\" data-id=\"58efa864\" data-element_type=\"column\">\n\t\t\t<div class=\"elementor-widget-wrap elementor-element-populated\">\n\t\t\t\t\t\t<div class=\"elementor-element elementor-element-1d975e02 elementor-widget elementor-widget-heading\" data-id=\"1d975e02\" data-element_type=\"widget\" data-widget_type=\"heading.default\">\n\t\t\t\t<div class=\"elementor-widget-container\">\n\t\t\t\t\t<h3 class=\"elementor-heading-title elementor-size-default\">Verpackungen, die Geschichten erz\u00e4hlen \u2013 Apple als Beispiel<\/h3>\t\t\t\t<\/div>\n\t\t\t\t<\/div>\n\t\t\t\t<div class=\"elementor-element elementor-element-6f0536dd elementor-widget elementor-widget-text-editor\" data-id=\"6f0536dd\" data-element_type=\"widget\" data-widget_type=\"text-editor.default\">\n\t\t\t\t<div class=\"elementor-widget-container\">\n\t\t\t\t\t\t\t\t\t<p>Den Stellenwert der Verpackung beschreibt einer der ber\u00fchmtesten Produktdesigner. Jonathan Ive, bis 2019 Chief Design Officer von Apple: <em>\u201eSteve (Jobs) und ich verbrachten viel Zeit mit der Erstellung der Verpackung (&#8230;). Ich mag den Prozess, etwas auszupacken. Man entwirft ein Auspackritual, damit sich das Produkt besonders anf\u00fchlt. Verpackung kann Theater sein, sie kann eine Geschichte erz\u00e4hlen.\u201c<\/em> Das kann vermutlich jeder best\u00e4tigen, der schonmal ein iPhone ausgepackt hat.<\/p>\t\t\t\t\t\t\t\t<\/div>\n\t\t\t\t<\/div>\n\t\t\t\t\t<\/div>\n\t\t<\/div>\n\t\t\t\t\t<\/div>\n\t\t<\/section>\n\t\t\t\t<section class=\"elementor-section elementor-top-section elementor-element elementor-element-f97ff7b elementor-section-boxed elementor-section-height-default elementor-section-height-default\" data-id=\"f97ff7b\" data-element_type=\"section\">\n\t\t\t\t\t\t<div class=\"elementor-container elementor-column-gap-default\">\n\t\t\t\t\t<div class=\"elementor-column elementor-col-100 elementor-top-column elementor-element elementor-element-713128c\" data-id=\"713128c\" data-element_type=\"column\">\n\t\t\t<div class=\"elementor-widget-wrap elementor-element-populated\">\n\t\t\t\t\t\t<div class=\"elementor-element elementor-element-9666e07 elementor-widget elementor-widget-heading\" data-id=\"9666e07\" data-element_type=\"widget\" data-widget_type=\"heading.default\">\n\t\t\t\t<div class=\"elementor-widget-container\">\n\t\t\t\t\t<h3 class=\"elementor-heading-title elementor-size-default\">Sich inspirieren lassen \u2013 gute Ideen sind gefragt <\/h3>\t\t\t\t<\/div>\n\t\t\t\t<\/div>\n\t\t\t\t<div class=\"elementor-element elementor-element-7fdcf63 elementor-widget elementor-widget-text-editor\" data-id=\"7fdcf63\" data-element_type=\"widget\" data-widget_type=\"text-editor.default\">\n\t\t\t\t<div class=\"elementor-widget-container\">\n\t\t\t\t\t\t\t\t\t<p>Das Beispiel Apple zeigt: Anstrengung beim Verpackungs-Design lohnt sich. Das gilt f\u00fcr alle Konsumg\u00fcter, aber auch f\u00fcr Industrieprodukte im B2B-Gesch\u00e4ft. Hier entsteht der \u201eWow-Effekt\u201c durch die praktischen und nachhaltigen Aspekte der Verpackung. <strong>Die EMPACK wird Verpackungsdesignern und -entwicklern die M\u00f6glichkeit geben, ihre Ideen\u00a0 f\u00fcr eine \u201eaufgewertete\u201c und \u00fcberzeugende Verpackung vorzustellen.<\/strong> Die Produzenten k\u00f6nnen sich als Messebesucher davon inspirieren lassen.<\/p><p>Die Termine des Messe-Duos EMPACK und LOGISTICS &amp; DISTRIBUTION: am \u00a026. und 27. Januar 2022 in Hamburg und am 18. und 19.Mai 2022 in Dortmund.<\/p>\t\t\t\t\t\t\t\t<\/div>\n\t\t\t\t<\/div>\n\t\t\t\t\t<\/div>\n\t\t<\/div>\n\t\t\t\t\t<\/div>\n\t\t<\/section>\n\t\t\t\t<\/div>\n\t\t","protected":false},"excerpt":{"rendered":"<p>Man mag es begr\u00fc\u00dfen oder kritisch sehen: Der Online-Handel l\u00f6st zunehmend den station\u00e4ren Handel ab. Was auch immer der Kunde w\u00fcnscht \u2013 es ist nur einen Mausklick entfernt. Die Pandemie hat das schon vorher rasante Wachstum des Online-Gesch\u00e4ftes nochmal mehr beschleunigt. Was bedeutet das f\u00fcr die Verpackung? Hier sind innovative L\u00f6sungen gefragt, besser heute als morgen.<\/p>\n","protected":false},"author":1,"featured_media":16386,"comment_status":"open","ping_status":"open","sticky":false,"template":"","format":"standard","meta":{"_seopress_robots_primary_cat":"none","_seopress_titles_title":"\u201eUnboxing\u201c: Die Verpackung im Mittelpunkt","_seopress_titles_desc":"Man mag es begr\u00fc\u00dfen oder kritisch sehen: Der Online-Handel l\u00f6st zunehmend den station\u00e4ren Handel ab. Was auch immer der Kunde w\u00fcnscht \u2013 es ist nur einen Mausklick entfernt. Die Pandemie hat das schon vorher rasante Wachstum des Online-Gesch\u00e4ftes nochmal mehr beschleunigt. Was bedeutet das f\u00fcr die Verpackung? Hier sind innovative L\u00f6sungen gefragt, besser heute als morgen.","_seopress_robots_index":"","footnotes":""},"categories":[299],"tags":[],"edition":[],"class_list":["post-16324","post","type-post","status-publish","format-standard","has-post-thumbnail","hentry","category-allgemein"],"_links":{"self":[{"href":"https:\/\/www.dortmund.empack-messen.de\/de\/wp-json\/wp\/v2\/posts\/16324","targetHints":{"allow":["GET"]}}],"collection":[{"href":"https:\/\/www.dortmund.empack-messen.de\/de\/wp-json\/wp\/v2\/posts"}],"about":[{"href":"https:\/\/www.dortmund.empack-messen.de\/de\/wp-json\/wp\/v2\/types\/post"}],"author":[{"embeddable":true,"href":"https:\/\/www.dortmund.empack-messen.de\/de\/wp-json\/wp\/v2\/users\/1"}],"replies":[{"embeddable":true,"href":"https:\/\/www.dortmund.empack-messen.de\/de\/wp-json\/wp\/v2\/comments?post=16324"}],"version-history":[{"count":0,"href":"https:\/\/www.dortmund.empack-messen.de\/de\/wp-json\/wp\/v2\/posts\/16324\/revisions"}],"wp:featuredmedia":[{"embeddable":true,"href":"https:\/\/www.dortmund.empack-messen.de\/de\/wp-json\/wp\/v2\/media\/16386"}],"wp:attachment":[{"href":"https:\/\/www.dortmund.empack-messen.de\/de\/wp-json\/wp\/v2\/media?parent=16324"}],"wp:term":[{"taxonomy":"category","embeddable":true,"href":"https:\/\/www.dortmund.empack-messen.de\/de\/wp-json\/wp\/v2\/categories?post=16324"},{"taxonomy":"post_tag","embeddable":true,"href":"https:\/\/www.dortmund.empack-messen.de\/de\/wp-json\/wp\/v2\/tags?post=16324"},{"taxonomy":"edition","embeddable":true,"href":"https:\/\/www.dortmund.empack-messen.de\/de\/wp-json\/wp\/v2\/edition?post=16324"}],"curies":[{"name":"wp","href":"https:\/\/api.w.org\/{rel}","templated":true}]}}