{"id":15213,"date":"2021-08-05T10:30:00","date_gmt":"2021-08-05T08:30:00","guid":{"rendered":"https:\/\/www.dortmund.empack-messen.de\/?p=15213"},"modified":"2021-08-05T10:25:39","modified_gmt":"2021-08-05T08:25:39","slug":"mi-connect-talk-15-im-gespraech-mit-maria-soloveva","status":"publish","type":"post","link":"https:\/\/www.dortmund.empack-messen.de\/de\/2021\/08\/05\/mi-connect-talk-15-im-gespraech-mit-maria-soloveva\/","title":{"rendered":"mi connect Talk #15 &#8211; Im Gespr\u00e4ch mit Maria Soloveva"},"content":{"rendered":"\t\t<div data-elementor-type=\"wp-post\" data-elementor-id=\"15213\" class=\"elementor elementor-15213\" data-elementor-post-type=\"post\">\n\t\t\t\t\t\t<section class=\"elementor-section elementor-top-section elementor-element elementor-element-14d87cfc elementor-section-boxed elementor-section-height-default elementor-section-height-default\" data-id=\"14d87cfc\" data-element_type=\"section\">\n\t\t\t\t\t\t<div class=\"elementor-container elementor-column-gap-default\">\n\t\t\t\t\t<div class=\"elementor-column elementor-col-100 elementor-top-column elementor-element elementor-element-41ef6c9f\" data-id=\"41ef6c9f\" data-element_type=\"column\">\n\t\t\t<div class=\"elementor-widget-wrap elementor-element-populated\">\n\t\t\t\t\t\t<div class=\"elementor-element elementor-element-15b57753 elementor-widget elementor-widget-spacer\" data-id=\"15b57753\" data-element_type=\"widget\" data-widget_type=\"spacer.default\">\n\t\t\t\t<div class=\"elementor-widget-container\">\n\t\t\t\t\t\t\t<div class=\"elementor-spacer\">\n\t\t\t<div class=\"elementor-spacer-inner\"><\/div>\n\t\t<\/div>\n\t\t\t\t\t\t<\/div>\n\t\t\t\t<\/div>\n\t\t\t\t<div class=\"elementor-element elementor-element-5ce44c32 elementor-widget elementor-widget-theme-post-featured-image elementor-widget-image\" data-id=\"5ce44c32\" data-element_type=\"widget\" data-widget_type=\"theme-post-featured-image.default\">\n\t\t\t\t<div class=\"elementor-widget-container\">\n\t\t\t\t\t\t\t\t\t\t\t\t\t\t\t<img fetchpriority=\"high\" decoding=\"async\" width=\"1920\" height=\"740\" src=\"https:\/\/easyfairsassets.com\/sites\/345\/2021\/08\/Blogbeitrag_Hauptbild_EMP.png\" class=\"attachment-full size-full wp-image-15228\" alt=\"\" srcset=\"https:\/\/easyfairsassets.com\/sites\/345\/2021\/08\/Blogbeitrag_Hauptbild_EMP.png 1920w, https:\/\/easyfairsassets.com\/sites\/345\/2021\/08\/Blogbeitrag_Hauptbild_EMP-300x116.png 300w, https:\/\/easyfairsassets.com\/sites\/345\/2021\/08\/Blogbeitrag_Hauptbild_EMP-1024x395.png 1024w, https:\/\/easyfairsassets.com\/sites\/345\/2021\/08\/Blogbeitrag_Hauptbild_EMP-768x296.png 768w, https:\/\/easyfairsassets.com\/sites\/345\/2021\/08\/Blogbeitrag_Hauptbild_EMP-1536x592.png 1536w\" sizes=\"(max-width: 1920px) 100vw, 1920px\" \/>\t\t\t\t\t\t\t\t\t\t\t\t\t\t\t<\/div>\n\t\t\t\t<\/div>\n\t\t\t\t<div class=\"elementor-element elementor-element-6c79be4e elementor-widget elementor-widget-theme-post-title elementor-page-title elementor-widget-heading\" data-id=\"6c79be4e\" data-element_type=\"widget\" data-widget_type=\"theme-post-title.default\">\n\t\t\t\t<div class=\"elementor-widget-container\">\n\t\t\t\t\t<h1 class=\"elementor-heading-title elementor-size-large\">mi connect Talk #15 &#8211; Im Gespr\u00e4ch mit Maria Soloveva<\/h1>\t\t\t\t<\/div>\n\t\t\t\t<\/div>\n\t\t\t\t<div class=\"elementor-element elementor-element-4d8de197 elementor-widget elementor-widget-post-info\" data-id=\"4d8de197\" data-element_type=\"widget\" data-widget_type=\"post-info.default\">\n\t\t\t\t<div class=\"elementor-widget-container\">\n\t\t\t\t\t\t\t<ul class=\"elementor-inline-items elementor-icon-list-items elementor-post-info\">\n\t\t\t\t\t\t\t\t<li class=\"elementor-icon-list-item elementor-repeater-item-7148c75 elementor-inline-item\" itemprop=\"datePublished\">\n\t\t\t\t\t\t<a href=\"https:\/\/www.dortmund.empack-messen.de\/de\/2021\/08\/05\/\">\n\t\t\t\t\t\t\t\t\t\t\t<span class=\"elementor-icon-list-icon\">\n\t\t\t\t\t\t\t\t<i aria-hidden=\"true\" class=\"fas fa-calendar\"><\/i>\t\t\t\t\t\t\t<\/span>\n\t\t\t\t\t\t\t\t\t<span class=\"elementor-icon-list-text elementor-post-info__item elementor-post-info__item--type-date\">\n\t\t\t\t\t\t\t\t\t\t<time>5. August 2021<\/time>\t\t\t\t\t<\/span>\n\t\t\t\t\t\t\t\t\t<\/a>\n\t\t\t\t<\/li>\n\t\t\t\t<li class=\"elementor-icon-list-item elementor-repeater-item-8fc826b elementor-inline-item\" itemprop=\"about\">\n\t\t\t\t\t\t\t\t\t\t<span class=\"elementor-icon-list-icon\">\n\t\t\t\t\t\t\t\t<i aria-hidden=\"true\" class=\"fas fa-tags\"><\/i>\t\t\t\t\t\t\t<\/span>\n\t\t\t\t\t\t\t\t\t<span class=\"elementor-icon-list-text elementor-post-info__item elementor-post-info__item--type-terms\">\n\t\t\t\t\t\t\t\t\t\t<span class=\"elementor-post-info__terms-list\">\n\t\t\t\t<a href=\"https:\/\/www.dortmund.empack-messen.de\/de\/category\/allgemein\/\" class=\"elementor-post-info__terms-list-item\">Allgemein<\/a>\t\t\t\t<\/span>\n\t\t\t\t\t<\/span>\n\t\t\t\t\t\t\t\t<\/li>\n\t\t\t\t<\/ul>\n\t\t\t\t\t\t<\/div>\n\t\t\t\t<\/div>\n\t\t\t\t<div class=\"elementor-element elementor-element-49a626ff elementor-widget elementor-widget-spacer\" data-id=\"49a626ff\" data-element_type=\"widget\" data-widget_type=\"spacer.default\">\n\t\t\t\t<div class=\"elementor-widget-container\">\n\t\t\t\t\t\t\t<div class=\"elementor-spacer\">\n\t\t\t<div class=\"elementor-spacer-inner\"><\/div>\n\t\t<\/div>\n\t\t\t\t\t\t<\/div>\n\t\t\t\t<\/div>\n\t\t\t\t\t<\/div>\n\t\t<\/div>\n\t\t\t\t\t<\/div>\n\t\t<\/section>\n\t\t\t\t<section class=\"elementor-section elementor-top-section elementor-element elementor-element-4928a217 elementor-section-boxed elementor-section-height-default elementor-section-height-default\" data-id=\"4928a217\" data-element_type=\"section\">\n\t\t\t\t\t\t<div class=\"elementor-container elementor-column-gap-default\">\n\t\t\t\t\t<div class=\"elementor-column elementor-col-100 elementor-top-column elementor-element elementor-element-21530479\" data-id=\"21530479\" data-element_type=\"column\">\n\t\t\t<div class=\"elementor-widget-wrap elementor-element-populated\">\n\t\t\t\t\t\t<div class=\"elementor-element elementor-element-72e5c731 elementor-widget elementor-widget-text-editor\" data-id=\"72e5c731\" data-element_type=\"widget\" data-widget_type=\"text-editor.default\">\n\t\t\t\t<div class=\"elementor-widget-container\">\n\t\t\t\t\t\t\t\t\t<p>Episode #15 des mi connect &#8211; verlag moderne industrie GmbH industrie marketing talks ist da! <br \/>F\u00fcr die aktuelle Folge wurde Maria Soloveva, Head of Cluster maintenance \/ Empack \/ Logistics &amp; Distribution gefragt, wie die Zukunft von Events f\u00fcr sie aussieht, wie eine gute UX im Messeumfeld aussehen sollte, was die Unternehmenskultur bei Easyfairs ausmacht, wie sie und ihr Team die Messe-Community in diesen schwierigen Zeiten genutzt haben, um neue Ideen und Produkte zu designen. Auch in dieser Folge redet sie \u00fcber Vorbilder, Buchtipps und was sie im Marketing machen w\u00fcrde, wenn es keine Budgetgrenzen g\u00e4be.<\/p>\t\t\t\t\t\t\t\t<\/div>\n\t\t\t\t<\/div>\n\t\t\t\t<div class=\"elementor-element elementor-element-723e65ce elementor-widget elementor-widget-image\" data-id=\"723e65ce\" data-element_type=\"widget\" data-widget_type=\"image.default\">\n\t\t\t\t<div class=\"elementor-widget-container\">\n\t\t\t\t\t\t\t\t\t\t\t\t\t\t\t<img decoding=\"async\" width=\"768\" height=\"512\" src=\"https:\/\/easyfairsassets.com\/sites\/345\/2021\/08\/2020-02-12-Tag-1-maintenance2C-PUMPSVALVES-und-LogisticsDistribution-offenblende-RSE-3-768x512.jpg\" class=\"attachment-medium_large size-medium_large wp-image-15219\" alt=\"\" srcset=\"https:\/\/easyfairsassets.com\/sites\/345\/2021\/08\/2020-02-12-Tag-1-maintenance2C-PUMPSVALVES-und-LogisticsDistribution-offenblende-RSE-3-768x512.jpg 768w, https:\/\/easyfairsassets.com\/sites\/345\/2021\/08\/2020-02-12-Tag-1-maintenance2C-PUMPSVALVES-und-LogisticsDistribution-offenblende-RSE-3-300x200.jpg 300w, https:\/\/easyfairsassets.com\/sites\/345\/2021\/08\/2020-02-12-Tag-1-maintenance2C-PUMPSVALVES-und-LogisticsDistribution-offenblende-RSE-3-1024x683.jpg 1024w, https:\/\/easyfairsassets.com\/sites\/345\/2021\/08\/2020-02-12-Tag-1-maintenance2C-PUMPSVALVES-und-LogisticsDistribution-offenblende-RSE-3-1536x1024.jpg 1536w, https:\/\/easyfairsassets.com\/sites\/345\/2021\/08\/2020-02-12-Tag-1-maintenance2C-PUMPSVALVES-und-LogisticsDistribution-offenblende-RSE-3.jpg 1920w\" sizes=\"(max-width: 768px) 100vw, 768px\" \/>\t\t\t\t\t\t\t\t\t\t\t\t\t\t\t<\/div>\n\t\t\t\t<\/div>\n\t\t\t\t<div class=\"elementor-element elementor-element-5f4c7f51 elementor-widget elementor-widget-spacer\" data-id=\"5f4c7f51\" data-element_type=\"widget\" data-widget_type=\"spacer.default\">\n\t\t\t\t<div class=\"elementor-widget-container\">\n\t\t\t\t\t\t\t<div class=\"elementor-spacer\">\n\t\t\t<div class=\"elementor-spacer-inner\"><\/div>\n\t\t<\/div>\n\t\t\t\t\t\t<\/div>\n\t\t\t\t<\/div>\n\t\t\t\t<div class=\"elementor-element elementor-element-6ca6e416 elementor-widget elementor-widget-heading\" data-id=\"6ca6e416\" data-element_type=\"widget\" data-widget_type=\"heading.default\">\n\t\t\t\t<div class=\"elementor-widget-container\">\n\t\t\t\t\t<h2 class=\"elementor-heading-title elementor-size-default\">mi connect<\/h2>\t\t\t\t<\/div>\n\t\t\t\t<\/div>\n\t\t\t\t<div class=\"elementor-element elementor-element-5386becc elementor-widget elementor-widget-text-editor\" data-id=\"5386becc\" data-element_type=\"widget\" data-widget_type=\"text-editor.default\">\n\t\t\t\t<div class=\"elementor-widget-container\">\n\t\t\t\t\t\t\t\t\t<p>mi connect <span dir=\"ltr\">&#8211; verlag moderne industrie GmbH <\/span>informiert Leser*Innen und Zuh\u00f6rer*Innen \u00fcber branchenrelevante und aktuelle Entwicklungen der Industrie und gewinnen dadurch nachhaltige Mehrwerte f\u00fcr ihre t\u00e4gliche Arbeit. Digitale Technologien beherrscht der Verlag ebenso gut wie fundierten Journalismus. In Kombination mit einer ausgepr\u00e4gten Leidenschaft f\u00fcr gute Geschichten und Menschen schafft er Raum f\u00fcr Begegnungen zwischen der Industriebranche und den Menschen, die sie gestalten.<br \/>Impressum:<br \/><a href=\"https:\/\/bit.ly\/2ENmX7B\"><u>https:\/\/bit.ly\/2ENmX7B<\/u><\/a><br \/>Datenschutz:<br \/><a href=\"https:\/\/bit.ly\/39YQlTU\"><u>https:\/\/bit.ly\/39YQlTU<\/u><\/a><\/p>\t\t\t\t\t\t\t\t<\/div>\n\t\t\t\t<\/div>\n\t\t\t\t<div class=\"elementor-element elementor-element-710939c6 elementor-widget elementor-widget-heading\" data-id=\"710939c6\" data-element_type=\"widget\" data-widget_type=\"heading.default\">\n\t\t\t\t<div class=\"elementor-widget-container\">\n\t\t\t\t\t<h2 class=\"elementor-heading-title elementor-size-default\">Easyfairs Deutschland GmbH\n<\/h2>\t\t\t\t<\/div>\n\t\t\t\t<\/div>\n\t\t\t\t<div class=\"elementor-element elementor-element-1479fc6f elementor-widget elementor-widget-text-editor\" data-id=\"1479fc6f\" data-element_type=\"widget\" data-widget_type=\"text-editor.default\">\n\t\t\t\t<div class=\"elementor-widget-container\">\n\t\t\t\t\t\t\t\t\t<p>Easyfairs erm\u00f6glicht Wirtschaftszweigen einen Blick in die Zukunft \u2013 <strong>\u201evisit the future\u201c.<\/strong><br \/>Leitveranstaltungen greifen die Bed\u00fcrfnisse der jeweiligen Branche auf und pr\u00e4sentieren L\u00f6sungen in einem idealen Veranstaltungsformat. In der D-A-C-H-Region organisiert Easyfairs u.a. die Automation &amp; Electronics (Z\u00fcrich),<strong> die Empack (Dortmund und Z\u00fcrich),<\/strong> die Label&amp;Print (Z\u00fcrich), die Logistics &amp; Distribution (Dortmund und Z\u00fcrich), die maintenance (Dortmund und Z\u00fcrich), die Packaging Innovations (Z\u00fcrich), die Pumps &amp; Valves (Dortmund und Z\u00fcrich), die Recycling-Technik (Dortmund) und die Solids (Dortmund und Z\u00fcrich). <br \/>Das Ziel von Easyfairs ist es, der <strong>anpassungsf\u00e4higste, aktivste und effektivste<\/strong> Marktteilnehmer in der Messewirtschaft zu sein. Das Augenmerk liegt dabei auf\u00a0 der Entwicklung der besten Instrumente im Bereich Marketing und Technologie sowie in der Entwicklung starker Marken.<br \/>F\u00fcr weitere Informationen besuchen Sie unsere Webseite <a href=\"http:\/\/www.easyfairs.com\"><u>www.easyfairs.com<\/u><\/a><\/p>\t\t\t\t\t\t\t\t<\/div>\n\t\t\t\t<\/div>\n\t\t\t\t<div class=\"elementor-element elementor-element-43c90989 elementor-widget elementor-widget-spacer\" data-id=\"43c90989\" data-element_type=\"widget\" data-widget_type=\"spacer.default\">\n\t\t\t\t<div class=\"elementor-widget-container\">\n\t\t\t\t\t\t\t<div class=\"elementor-spacer\">\n\t\t\t<div class=\"elementor-spacer-inner\"><\/div>\n\t\t<\/div>\n\t\t\t\t\t\t<\/div>\n\t\t\t\t<\/div>\n\t\t\t\t<div class=\"elementor-element elementor-element-104292a5 elementor-align-center elementor-widget elementor-widget-dynamic-button\" data-id=\"104292a5\" data-element_type=\"widget\" data-widget_type=\"dynamic-button.default\">\n\t\t\t\t<div class=\"elementor-widget-container\">\n\t\t\t\t\t        <div class=\"elementor-button-wrapper\">\n            <a href=\"https:\/\/open.spotify.com\/episode\/1JMNr0G0T8q0As9r3oPfo8\" class=\"elementor-button-link elementor-button elementor-size-sm elementor-animation-wobble-vertical\" role=\"button\">\n                        <span class=\"elementor-button-content-wrapper\">\n\t\t\t\t\t\t<span class=\"elementor-button-text\">Hier geht's zur Aufzeichnung<\/span>\n\t\t<\/span>\n                    <\/a>\n        <\/div>\n        \t\t\t\t<\/div>\n\t\t\t\t<\/div>\n\t\t\t\t<div class=\"elementor-element elementor-element-6fdfc87c elementor-widget-divider--view-line elementor-widget elementor-widget-divider\" data-id=\"6fdfc87c\" data-element_type=\"widget\" data-widget_type=\"divider.default\">\n\t\t\t\t<div class=\"elementor-widget-container\">\n\t\t\t\t\t\t\t<div class=\"elementor-divider\">\n\t\t\t<span class=\"elementor-divider-separator\">\n\t\t\t\t\t\t<\/span>\n\t\t<\/div>\n\t\t\t\t\t\t<\/div>\n\t\t\t\t<\/div>\n\t\t\t\t<div class=\"elementor-element elementor-element-27477a9e elementor-widget elementor-widget-spacer\" data-id=\"27477a9e\" data-element_type=\"widget\" data-widget_type=\"spacer.default\">\n\t\t\t\t<div class=\"elementor-widget-container\">\n\t\t\t\t\t\t\t<div class=\"elementor-spacer\">\n\t\t\t<div class=\"elementor-spacer-inner\"><\/div>\n\t\t<\/div>\n\t\t\t\t\t\t<\/div>\n\t\t\t\t<\/div>\n\t\t\t\t<div class=\"elementor-element elementor-element-2aa844a1 elementor-position-top elementor-widget elementor-widget-image-box\" data-id=\"2aa844a1\" data-element_type=\"widget\" data-widget_type=\"image-box.default\">\n\t\t\t\t<div class=\"elementor-widget-container\">\n\t\t\t\t\t<div class=\"elementor-image-box-wrapper\"><figure class=\"elementor-image-box-img\"><img decoding=\"async\" width=\"768\" height=\"512\" src=\"https:\/\/easyfairsassets.com\/sites\/345\/2021\/08\/Easyfairs_Portraits_34_20190328__97A8980-1-768x512.jpg\" class=\"attachment-medium_large size-medium_large wp-image-15221\" alt=\"\" srcset=\"https:\/\/easyfairsassets.com\/sites\/345\/2021\/08\/Easyfairs_Portraits_34_20190328__97A8980-1-768x512.jpg 768w, https:\/\/easyfairsassets.com\/sites\/345\/2021\/08\/Easyfairs_Portraits_34_20190328__97A8980-1-300x200.jpg 300w, https:\/\/easyfairsassets.com\/sites\/345\/2021\/08\/Easyfairs_Portraits_34_20190328__97A8980-1.jpg 800w\" sizes=\"(max-width: 768px) 100vw, 768px\" \/><\/figure><div class=\"elementor-image-box-content\"><p class=\"elementor-image-box-description\">Maria Soloveva ist seit 2019 Head of Cluster f\u00fcr die maintenance, EMPACK und LOGISTICS &amp; DISTRIBUTION Messen bei easyfairs in Deutschland. Sie verf\u00fcgt \u00fcber 11 Jahre Erfahrung in der Messebranche und ist st\u00e4ndig mit ihrem Team auf der Suche nach innovative, kreative L\u00f6sungen.<\/p><\/div><\/div>\t\t\t\t<\/div>\n\t\t\t\t<\/div>\n\t\t\t\t\t<\/div>\n\t\t<\/div>\n\t\t\t\t\t<\/div>\n\t\t<\/section>\n\t\t\t\t<section class=\"elementor-section elementor-top-section elementor-element elementor-element-0326bf2 elementor-section-boxed elementor-section-height-default elementor-section-height-default\" data-id=\"0326bf2\" data-element_type=\"section\">\n\t\t\t\t\t\t<div class=\"elementor-container elementor-column-gap-default\">\n\t\t\t\t\t<div class=\"elementor-column elementor-col-100 elementor-top-column elementor-element elementor-element-f0f9520\" data-id=\"f0f9520\" data-element_type=\"column\">\n\t\t\t<div class=\"elementor-widget-wrap elementor-element-populated\">\n\t\t\t\t\t\t<div class=\"elementor-element elementor-element-e478882 elementor-widget elementor-widget-spacer\" data-id=\"e478882\" data-element_type=\"widget\" data-widget_type=\"spacer.default\">\n\t\t\t\t<div class=\"elementor-widget-container\">\n\t\t\t\t\t\t\t<div class=\"elementor-spacer\">\n\t\t\t<div class=\"elementor-spacer-inner\"><\/div>\n\t\t<\/div>\n\t\t\t\t\t\t<\/div>\n\t\t\t\t<\/div>\n\t\t\t\t<div class=\"elementor-element elementor-element-28cd5c7 elementor-widget elementor-widget-image\" data-id=\"28cd5c7\" data-element_type=\"widget\" data-widget_type=\"image.default\">\n\t\t\t\t<div class=\"elementor-widget-container\">\n\t\t\t\t\t\t\t\t\t\t\t\t\t\t\t<img loading=\"lazy\" decoding=\"async\" width=\"200\" height=\"52\" src=\"https:\/\/easyfairsassets.com\/sites\/345\/2021\/08\/Easyfairs_Visitthefuture_200x52dpi.jpg\" class=\"attachment-large size-large wp-image-15230\" alt=\"\" \/>\t\t\t\t\t\t\t\t\t\t\t\t\t\t\t<\/div>\n\t\t\t\t<\/div>\n\t\t\t\t<div class=\"elementor-element elementor-element-34a039e elementor-widget elementor-widget-spacer\" data-id=\"34a039e\" data-element_type=\"widget\" data-widget_type=\"spacer.default\">\n\t\t\t\t<div class=\"elementor-widget-container\">\n\t\t\t\t\t\t\t<div class=\"elementor-spacer\">\n\t\t\t<div class=\"elementor-spacer-inner\"><\/div>\n\t\t<\/div>\n\t\t\t\t\t\t<\/div>\n\t\t\t\t<\/div>\n\t\t\t\t\t<\/div>\n\t\t<\/div>\n\t\t\t\t\t<\/div>\n\t\t<\/section>\n\t\t\t\t<\/div>\n\t\t","protected":false},"excerpt":{"rendered":"<p><span style=\"color: #3a3a3a\">Zur 15. Folge des\u00a0<\/span><strong style=\"border: 0px;margin: 0px;padding: 0px;vertical-align: baseline;color: #3a3a3a\">mi connect Talks<\/strong><span style=\"color: #3a3a3a\">\u00a0wurde unsere Head of Cluster maintenance \/ Empack \/ Logistics &amp; Distribution bei der Easyfairs GmbH, Maria Soloveva, gefragt, wie\u00a0<\/span><strong style=\"border: 0px;margin: 0px;padding: 0px;vertical-align: baseline;color: #3a3a3a\">die Zukunft von Events f\u00fcr sie aussieht, wie eine gute UX im Messeumfeld aussehen sollte und wie sie und ihr Team die Messe-Community in diesen schwierigen Zeiten genutzt haben, um neue Ideen und Produkte zu designen.<\/strong><\/p>\n","protected":false},"author":1,"featured_media":0,"comment_status":"open","ping_status":"open","sticky":false,"template":"elementor_canvas","format":"standard","meta":{"_seopress_robots_primary_cat":"none","_seopress_titles_title":"mi connect Talk #15 - Im Gespr\u00e4ch mit Maria Soloveva","_seopress_titles_desc":"Zur 15. Folge des mi connect Talks wurde unsere Head of Cluster maintenance \/ Empack \/ Logistics &amp; Distribution bei der Easyfairs GmbH, Maria Soloveva, gefragt, wie die Zukunft von Events f\u00fcr sie aussieht, wie eine gute UX im Messeumfeld aussehen sollte und wie sie und ihr Team die Messe-Community in diesen schwierigen Zeiten genutzt haben, um neue Ideen und Produkte zu designen.","_seopress_robots_index":"","footnotes":""},"categories":[299],"tags":[],"edition":[],"class_list":["post-15213","post","type-post","status-publish","format-standard","hentry","category-allgemein"],"_links":{"self":[{"href":"https:\/\/www.dortmund.empack-messen.de\/de\/wp-json\/wp\/v2\/posts\/15213","targetHints":{"allow":["GET"]}}],"collection":[{"href":"https:\/\/www.dortmund.empack-messen.de\/de\/wp-json\/wp\/v2\/posts"}],"about":[{"href":"https:\/\/www.dortmund.empack-messen.de\/de\/wp-json\/wp\/v2\/types\/post"}],"author":[{"embeddable":true,"href":"https:\/\/www.dortmund.empack-messen.de\/de\/wp-json\/wp\/v2\/users\/1"}],"replies":[{"embeddable":true,"href":"https:\/\/www.dortmund.empack-messen.de\/de\/wp-json\/wp\/v2\/comments?post=15213"}],"version-history":[{"count":0,"href":"https:\/\/www.dortmund.empack-messen.de\/de\/wp-json\/wp\/v2\/posts\/15213\/revisions"}],"wp:attachment":[{"href":"https:\/\/www.dortmund.empack-messen.de\/de\/wp-json\/wp\/v2\/media?parent=15213"}],"wp:term":[{"taxonomy":"category","embeddable":true,"href":"https:\/\/www.dortmund.empack-messen.de\/de\/wp-json\/wp\/v2\/categories?post=15213"},{"taxonomy":"post_tag","embeddable":true,"href":"https:\/\/www.dortmund.empack-messen.de\/de\/wp-json\/wp\/v2\/tags?post=15213"},{"taxonomy":"edition","embeddable":true,"href":"https:\/\/www.dortmund.empack-messen.de\/de\/wp-json\/wp\/v2\/edition?post=15213"}],"curies":[{"name":"wp","href":"https:\/\/api.w.org\/{rel}","templated":true}]}}