{"id":10597,"date":"2021-02-18T12:03:40","date_gmt":"2021-02-18T11:03:40","guid":{"rendered":"https:\/\/www.dortmund.empack-messen.de\/?p=10597"},"modified":"2021-02-25T09:57:35","modified_gmt":"2021-02-25T08:57:35","slug":"unser-team","status":"publish","type":"post","link":"https:\/\/www.dortmund.empack-messen.de\/de\/2021\/02\/18\/unser-team\/","title":{"rendered":"Private Einblicke hinter die Kulissen der EMPACK"},"content":{"rendered":"\t\t<div data-elementor-type=\"wp-post\" data-elementor-id=\"10597\" class=\"elementor elementor-10597\" data-elementor-post-type=\"post\">\n\t\t\t\t\t\t<section class=\"elementor-section elementor-top-section elementor-element elementor-element-ab44f1d elementor-section-boxed elementor-section-height-default elementor-section-height-default\" data-id=\"ab44f1d\" data-element_type=\"section\">\n\t\t\t\t\t\t<div class=\"elementor-container elementor-column-gap-default\">\n\t\t\t\t\t<div class=\"elementor-column elementor-col-100 elementor-top-column elementor-element elementor-element-795e8cce\" data-id=\"795e8cce\" data-element_type=\"column\">\n\t\t\t<div class=\"elementor-widget-wrap elementor-element-populated\">\n\t\t\t\t\t\t<div class=\"elementor-element elementor-element-8be0b5e elementor-widget elementor-widget-spacer\" data-id=\"8be0b5e\" data-element_type=\"widget\" data-widget_type=\"spacer.default\">\n\t\t\t\t<div class=\"elementor-widget-container\">\n\t\t\t\t\t\t\t<div class=\"elementor-spacer\">\n\t\t\t<div class=\"elementor-spacer-inner\"><\/div>\n\t\t<\/div>\n\t\t\t\t\t\t<\/div>\n\t\t\t\t<\/div>\n\t\t\t\t<div class=\"elementor-element elementor-element-56ac911 elementor-widget elementor-widget-spacer\" data-id=\"56ac911\" data-element_type=\"widget\" data-widget_type=\"spacer.default\">\n\t\t\t\t<div class=\"elementor-widget-container\">\n\t\t\t\t\t\t\t<div class=\"elementor-spacer\">\n\t\t\t<div class=\"elementor-spacer-inner\"><\/div>\n\t\t<\/div>\n\t\t\t\t\t\t<\/div>\n\t\t\t\t<\/div>\n\t\t\t\t<div class=\"elementor-element elementor-element-2d6ec7f elementor-widget elementor-widget-image\" data-id=\"2d6ec7f\" data-element_type=\"widget\" data-widget_type=\"image.default\">\n\t\t\t\t<div class=\"elementor-widget-container\">\n\t\t\t\t\t\t\t\t\t\t\t\t\t\t\t<img fetchpriority=\"high\" decoding=\"async\" width=\"1359\" height=\"637\" src=\"https:\/\/easyfairsassets.com\/sites\/345\/2021\/02\/Blogbeitrag-Team-Bild.png\" class=\"attachment-full size-full wp-image-10648\" alt=\"\" srcset=\"https:\/\/easyfairsassets.com\/sites\/345\/2021\/02\/Blogbeitrag-Team-Bild.png 1359w, https:\/\/easyfairsassets.com\/sites\/345\/2021\/02\/Blogbeitrag-Team-Bild-300x141.png 300w, https:\/\/easyfairsassets.com\/sites\/345\/2021\/02\/Blogbeitrag-Team-Bild-1024x480.png 1024w, https:\/\/easyfairsassets.com\/sites\/345\/2021\/02\/Blogbeitrag-Team-Bild-768x360.png 768w\" sizes=\"(max-width: 1359px) 100vw, 1359px\" \/>\t\t\t\t\t\t\t\t\t\t\t\t\t\t\t<\/div>\n\t\t\t\t<\/div>\n\t\t\t\t<div class=\"elementor-element elementor-element-96ab99c elementor-widget elementor-widget-theme-post-title elementor-page-title elementor-widget-heading\" data-id=\"96ab99c\" data-element_type=\"widget\" data-widget_type=\"theme-post-title.default\">\n\t\t\t\t<div class=\"elementor-widget-container\">\n\t\t\t\t\t<h1 class=\"elementor-heading-title elementor-size-large\">Private Einblicke hinter die Kulissen der EMPACK<\/h1>\t\t\t\t<\/div>\n\t\t\t\t<\/div>\n\t\t\t\t<div class=\"elementor-element elementor-element-61e0bcb elementor-widget elementor-widget-post-info\" data-id=\"61e0bcb\" data-element_type=\"widget\" data-widget_type=\"post-info.default\">\n\t\t\t\t<div class=\"elementor-widget-container\">\n\t\t\t\t\t\t\t<ul class=\"elementor-inline-items elementor-icon-list-items elementor-post-info\">\n\t\t\t\t\t\t\t\t<li class=\"elementor-icon-list-item elementor-repeater-item-7148c75 elementor-inline-item\" itemprop=\"datePublished\">\n\t\t\t\t\t\t<a href=\"https:\/\/www.dortmund.empack-messen.de\/de\/2021\/02\/18\/\">\n\t\t\t\t\t\t\t\t\t\t\t<span class=\"elementor-icon-list-icon\">\n\t\t\t\t\t\t\t\t<i aria-hidden=\"true\" class=\"fas fa-calendar\"><\/i>\t\t\t\t\t\t\t<\/span>\n\t\t\t\t\t\t\t\t\t<span class=\"elementor-icon-list-text elementor-post-info__item elementor-post-info__item--type-date\">\n\t\t\t\t\t\t\t\t\t\t<time>18. Februar 2021<\/time>\t\t\t\t\t<\/span>\n\t\t\t\t\t\t\t\t\t<\/a>\n\t\t\t\t<\/li>\n\t\t\t\t<li class=\"elementor-icon-list-item elementor-repeater-item-8fc826b elementor-inline-item\" itemprop=\"about\">\n\t\t\t\t\t\t\t\t\t\t<span class=\"elementor-icon-list-icon\">\n\t\t\t\t\t\t\t\t<i aria-hidden=\"true\" class=\"fas fa-tags\"><\/i>\t\t\t\t\t\t\t<\/span>\n\t\t\t\t\t\t\t\t\t<span class=\"elementor-icon-list-text elementor-post-info__item elementor-post-info__item--type-terms\">\n\t\t\t\t\t\t\t\t\t\t<span class=\"elementor-post-info__terms-list\">\n\t\t\t\t<a href=\"https:\/\/www.dortmund.empack-messen.de\/de\/category\/allgemein\/\" class=\"elementor-post-info__terms-list-item\">Allgemein<\/a>\t\t\t\t<\/span>\n\t\t\t\t\t<\/span>\n\t\t\t\t\t\t\t\t<\/li>\n\t\t\t\t<\/ul>\n\t\t\t\t\t\t<\/div>\n\t\t\t\t<\/div>\n\t\t\t\t<div class=\"elementor-element elementor-element-7ca979c elementor-widget elementor-widget-spacer\" data-id=\"7ca979c\" data-element_type=\"widget\" data-widget_type=\"spacer.default\">\n\t\t\t\t<div class=\"elementor-widget-container\">\n\t\t\t\t\t\t\t<div class=\"elementor-spacer\">\n\t\t\t<div class=\"elementor-spacer-inner\"><\/div>\n\t\t<\/div>\n\t\t\t\t\t\t<\/div>\n\t\t\t\t<\/div>\n\t\t\t\t\t<\/div>\n\t\t<\/div>\n\t\t\t\t\t<\/div>\n\t\t<\/section>\n\t\t\t\t<section class=\"elementor-section elementor-top-section elementor-element elementor-element-3e5ad1b elementor-section-boxed elementor-section-height-default elementor-section-height-default\" data-id=\"3e5ad1b\" data-element_type=\"section\">\n\t\t\t\t\t\t<div class=\"elementor-container elementor-column-gap-default\">\n\t\t\t\t\t<div class=\"elementor-column elementor-col-100 elementor-top-column elementor-element elementor-element-07486f2\" data-id=\"07486f2\" data-element_type=\"column\">\n\t\t\t<div class=\"elementor-widget-wrap elementor-element-populated\">\n\t\t\t\t\t\t<div class=\"elementor-element elementor-element-5d2fa82 elementor-widget elementor-widget-text-editor\" data-id=\"5d2fa82\" data-element_type=\"widget\" data-widget_type=\"text-editor.default\">\n\t\t\t\t<div class=\"elementor-widget-container\">\n\t\t\t\t\t\t\t\t\t<p>F\u00fcr uns alle ist die momentane Situation eine Herausforderung. Wir wollen Ihnen einen Einblick hinter die Kulissen verschaffen. F\u00fcr Sie haben wir unser EMPACK -Team interviewt.\u00a0<\/p><p>Wie geht es den Mitarbeitern? Was sind die jetzigen Projekte? Wie f\u00fchlen Sie sich in der jetzigen Situation? Sind Sie zufrieden im Unternehmen? Die Kollegen haben Ihre Meinung\/Feedback\/Statement zu diesen Fragen abgegeben.<\/p>\t\t\t\t\t\t\t\t<\/div>\n\t\t\t\t<\/div>\n\t\t\t\t<div class=\"elementor-element elementor-element-ef2498d elementor-widget-divider--view-line elementor-widget elementor-widget-divider\" data-id=\"ef2498d\" data-element_type=\"widget\" data-widget_type=\"divider.default\">\n\t\t\t\t<div class=\"elementor-widget-container\">\n\t\t\t\t\t\t\t<div class=\"elementor-divider\">\n\t\t\t<span class=\"elementor-divider-separator\">\n\t\t\t\t\t\t<\/span>\n\t\t<\/div>\n\t\t\t\t\t\t<\/div>\n\t\t\t\t<\/div>\n\t\t\t\t<div class=\"elementor-element elementor-element-56e7b82 elementor-widget elementor-widget-heading\" data-id=\"56e7b82\" data-element_type=\"widget\" data-widget_type=\"heading.default\">\n\t\t\t\t<div class=\"elementor-widget-container\">\n\t\t\t\t\t<h2 class=\"elementor-heading-title elementor-size-large\">Maria - unsere Vision\u00e4rin<\/h2>\t\t\t\t<\/div>\n\t\t\t\t<\/div>\n\t\t\t\t<section class=\"elementor-section elementor-inner-section elementor-element elementor-element-9d9cadd elementor-section-boxed elementor-section-height-default elementor-section-height-default\" data-id=\"9d9cadd\" data-element_type=\"section\">\n\t\t\t\t\t\t<div class=\"elementor-container elementor-column-gap-default\">\n\t\t\t\t\t<div class=\"elementor-column elementor-col-50 elementor-inner-column elementor-element elementor-element-e676cd2\" data-id=\"e676cd2\" data-element_type=\"column\">\n\t\t\t<div class=\"elementor-widget-wrap elementor-element-populated\">\n\t\t\t\t\t\t<div class=\"elementor-element elementor-element-f80d430 elementor-widget elementor-widget-image\" data-id=\"f80d430\" data-element_type=\"widget\" data-widget_type=\"image.default\">\n\t\t\t\t<div class=\"elementor-widget-container\">\n\t\t\t\t\t\t\t\t\t\t\t\t\t\t\t<img decoding=\"async\" width=\"249\" height=\"300\" src=\"https:\/\/easyfairsassets.com\/sites\/345\/2021\/02\/Maria-Soloveva-1-249x300.jpg\" class=\"attachment-medium size-medium wp-image-10736\" alt=\"\" srcset=\"https:\/\/easyfairsassets.com\/sites\/345\/2021\/02\/Maria-Soloveva-1-249x300.jpg 249w, https:\/\/easyfairsassets.com\/sites\/345\/2021\/02\/Maria-Soloveva-1-851x1024.jpg 851w, https:\/\/easyfairsassets.com\/sites\/345\/2021\/02\/Maria-Soloveva-1-768x924.jpg 768w, https:\/\/easyfairsassets.com\/sites\/345\/2021\/02\/Maria-Soloveva-1-1276x1536.jpg 1276w, https:\/\/easyfairsassets.com\/sites\/345\/2021\/02\/Maria-Soloveva-1.jpg 1595w\" sizes=\"(max-width: 249px) 100vw, 249px\" \/>\t\t\t\t\t\t\t\t\t\t\t\t\t\t\t<\/div>\n\t\t\t\t<\/div>\n\t\t\t\t\t<\/div>\n\t\t<\/div>\n\t\t\t\t<div class=\"elementor-column elementor-col-50 elementor-inner-column elementor-element elementor-element-8413f66\" data-id=\"8413f66\" data-element_type=\"column\">\n\t\t\t<div class=\"elementor-widget-wrap elementor-element-populated\">\n\t\t\t\t\t\t<div class=\"elementor-element elementor-element-4581c36 elementor-widget elementor-widget-text-editor\" data-id=\"4581c36\" data-element_type=\"widget\" data-widget_type=\"text-editor.default\">\n\t\t\t\t<div class=\"elementor-widget-container\">\n\t\t\t\t\t\t\t\t\t<p><strong>Wer sind Sie? Was sind momentan Ihre Aufgaben? Wie f\u00fchlen Sie sich in der aktuellen Situation?\u00a0<\/strong><\/p><p>Ich hei\u00dfe Maria und bin die Projektleiterin der Messen. Meine Kernaufgaben sind, zusammen mit dem Team die kommenden Messen vorzubereiten, aber auch schon die Pl\u00e4ne f\u00fcr die n\u00e4chsten Jahre zu schmieden und die Messethemen weiterzuentwickeln.<\/p><p>In der aktuellen Situation ist es nat\u00fcrlich herausfordernd, auch weil wir alle im Home-Office sitzen, aber ich bin auch positiv \u00fcberrascht, wie gut es mit der Zusammenarbeit auf Distanz klappt. Ich vermisse aber trotzdem die Kollegen im B\u00fcro, pers\u00f6nlichen Austausch und einfach mal Plaudern beim Kaffee in der B\u00fcrok\u00fcche.<\/p>\t\t\t\t\t\t\t\t<\/div>\n\t\t\t\t<\/div>\n\t\t\t\t\t<\/div>\n\t\t<\/div>\n\t\t\t\t\t<\/div>\n\t\t<\/section>\n\t\t\t\t<div class=\"elementor-element elementor-element-a3affa4 elementor-widget elementor-widget-text-editor\" data-id=\"a3affa4\" data-element_type=\"widget\" data-widget_type=\"text-editor.default\">\n\t\t\t\t<div class=\"elementor-widget-container\">\n\t\t\t\t\t\t\t\t\t<p><strong>Wie denken Sie geht es weiter in der Veranstaltungsbranche nach der Pandemie?<\/strong><\/p><p>Die Menschen werden sich wieder live auf den Messen treffen wollen, jedoch wird sich die Veranstaltungsbranche in der \u201eneuen Normalit\u00e4t\u201c ver\u00e4ndern. Die digitalen und online Angebote werden ein fester Bestandteil der Messen sein, denn auch die Fachbesucher haben f\u00fcr sich die Vorteile der Online-Welt entdeckt. Sich die ersten Informationen \u00fcber Neuheiten und Innovationen zu holen oder von den Experten \u00fcber aktuelle Trends zu erfahren, kann auch online funktionieren. Wenn es aber um konkrete technische L\u00f6sungen und Produkte geht, ist pers\u00f6nliches Gespr\u00e4ch unersetzlich. Die Messen werden deswegen fokussierter und spezifischer werden. Die Messekonzepte mit regionaler Ausrichtung werden auch immer beliebter, denn das Reiseverhalten wird sich nachhaltig \u00e4ndern.<\/p>\t\t\t\t\t\t\t\t<\/div>\n\t\t\t\t<\/div>\n\t\t\t\t<div class=\"elementor-element elementor-element-1e4f20e elementor-widget elementor-widget-text-editor\" data-id=\"1e4f20e\" data-element_type=\"widget\" data-widget_type=\"text-editor.default\">\n\t\t\t\t<div class=\"elementor-widget-container\">\n\t\t\t\t\t\t\t\t\t<p><strong>Wie motivieren Sie Ihre Team-Mitglieder in unbest\u00e4ndigen Zeiten?<\/strong><\/p><p>Wir versuchen auch kleine Erfolge zu feiern, viel zu lachen und die Team-Meetings nicht nur f\u00fcr fachlichen Austausch zu nutzen, sondern wie es uns allen in der Pandemie-situation so geht. Ich versuche mein Team auf die positiven Dinge aufmerksam zu machen. Denn es ist auch eine sehr spannende Zeit, in der man viel lernen und Neues ausprobieren kann.<\/p>\t\t\t\t\t\t\t\t<\/div>\n\t\t\t\t<\/div>\n\t\t\t\t<div class=\"elementor-element elementor-element-2fc6187 elementor-widget-divider--view-line elementor-widget elementor-widget-divider\" data-id=\"2fc6187\" data-element_type=\"widget\" data-widget_type=\"divider.default\">\n\t\t\t\t<div class=\"elementor-widget-container\">\n\t\t\t\t\t\t\t<div class=\"elementor-divider\">\n\t\t\t<span class=\"elementor-divider-separator\">\n\t\t\t\t\t\t<\/span>\n\t\t<\/div>\n\t\t\t\t\t\t<\/div>\n\t\t\t\t<\/div>\n\t\t\t\t<div class=\"elementor-element elementor-element-9ab4c47 elementor-widget elementor-widget-heading\" data-id=\"9ab4c47\" data-element_type=\"widget\" data-widget_type=\"heading.default\">\n\t\t\t\t<div class=\"elementor-widget-container\">\n\t\t\t\t\t<h2 class=\"elementor-heading-title elementor-size-large\">Nicola = Mann oder Frau? Wir l\u00fcften das Geheimnis <\/h2>\t\t\t\t<\/div>\n\t\t\t\t<\/div>\n\t\t\t\t<section class=\"elementor-section elementor-inner-section elementor-element elementor-element-e7e067b elementor-section-boxed elementor-section-height-default elementor-section-height-default\" data-id=\"e7e067b\" data-element_type=\"section\">\n\t\t\t\t\t\t<div class=\"elementor-container elementor-column-gap-default\">\n\t\t\t\t\t<div class=\"elementor-column elementor-col-50 elementor-inner-column elementor-element elementor-element-f0fc6b6\" data-id=\"f0fc6b6\" data-element_type=\"column\">\n\t\t\t<div class=\"elementor-widget-wrap elementor-element-populated\">\n\t\t\t\t\t\t<div class=\"elementor-element elementor-element-aa5b7ea elementor-widget elementor-widget-image\" data-id=\"aa5b7ea\" data-element_type=\"widget\" data-widget_type=\"image.default\">\n\t\t\t\t<div class=\"elementor-widget-container\">\n\t\t\t\t\t\t\t\t\t\t\t\t\t\t\t<img decoding=\"async\" width=\"236\" height=\"300\" src=\"https:\/\/easyfairsassets.com\/sites\/345\/2021\/02\/Nicola-Pavlovic-236x300.jpg\" class=\"attachment-medium size-medium wp-image-10635\" alt=\"\" srcset=\"https:\/\/easyfairsassets.com\/sites\/345\/2021\/02\/Nicola-Pavlovic-236x300.jpg 236w, https:\/\/easyfairsassets.com\/sites\/345\/2021\/02\/Nicola-Pavlovic-804x1024.jpg 804w, https:\/\/easyfairsassets.com\/sites\/345\/2021\/02\/Nicola-Pavlovic-768x978.jpg 768w, https:\/\/easyfairsassets.com\/sites\/345\/2021\/02\/Nicola-Pavlovic.jpg 827w\" sizes=\"(max-width: 236px) 100vw, 236px\" \/>\t\t\t\t\t\t\t\t\t\t\t\t\t\t\t<\/div>\n\t\t\t\t<\/div>\n\t\t\t\t\t<\/div>\n\t\t<\/div>\n\t\t\t\t<div class=\"elementor-column elementor-col-50 elementor-inner-column elementor-element elementor-element-0c0fea3\" data-id=\"0c0fea3\" data-element_type=\"column\">\n\t\t\t<div class=\"elementor-widget-wrap elementor-element-populated\">\n\t\t\t\t\t\t<div class=\"elementor-element elementor-element-2e68e68 elementor-widget elementor-widget-text-editor\" data-id=\"2e68e68\" data-element_type=\"widget\" data-widget_type=\"text-editor.default\">\n\t\t\t\t<div class=\"elementor-widget-container\">\n\t\t\t\t\t\t\t\t\t<p><strong>Wer sind Sie? Was sind momentan Ihre Aufgaben? Wie f\u00fchlen Sie sich in der aktuellen Situation?<\/strong><\/p><p>Ich bin der Nico, 32 Jahre jung und arbeite seit sechs Monaten bei Easyfairs. Seit neun Jahren begleiten mich Events und Messen (Aussteller- und Veranstalterseite) in unterschiedlichen Unternehmen und Positionen in meinem Berufsleben. Meine Mission ist es: Gemeinsam im Team &#8211; mit jedem Event unvergessliche Momente und nachhaltige Eindr\u00fccke zu kreieren.<\/p><p>Meine Aufgabe klingt erstmal recht simpel: Ich versuche potenzielle Besucher von einer Messeteilnahme zu \u00fcberzeugen. Das beinhaltet das Aufsetzen einer Marketing-Strategie, Analyse von Besucherzielgruppen, \u2026 , und die Aussteuerung des kompletten Marketing-Mixes. In der derzeitigen Situation kann ich meine langfristigen Planungen ehrlich gesagt in die Tonne klopfen, da wir situativ von Woche zu Woche die Marketing-Ma\u00dfnahmen im Team einzeln bewerten m\u00fcssen. Nicht gerade befriedigend und erfordert gro\u00dfe Flexibilit\u00e4t.<\/p>\t\t\t\t\t\t\t\t<\/div>\n\t\t\t\t<\/div>\n\t\t\t\t\t<\/div>\n\t\t<\/div>\n\t\t\t\t\t<\/div>\n\t\t<\/section>\n\t\t\t\t<div class=\"elementor-element elementor-element-fc68127 elementor-widget elementor-widget-text-editor\" data-id=\"fc68127\" data-element_type=\"widget\" data-widget_type=\"text-editor.default\">\n\t\t\t\t<div class=\"elementor-widget-container\">\n\t\t\t\t\t\t\t\t\t<p>Trotz der aktuellen Lage bin ich froh bei Easyfairs gelandet zu sein, und wieder an Messen arbeiten zu d\u00fcrfen. Denn der gro\u00dfartige Teamspirit motiviert mich jeden Tag auf`s neue endlich eine Easyfairs Veranstaltung live zu sehen und die Emotionen vor Ort zu sp\u00fcren.<\/p>\t\t\t\t\t\t\t\t<\/div>\n\t\t\t\t<\/div>\n\t\t\t\t<div class=\"elementor-element elementor-element-8c92d36 elementor-widget elementor-widget-text-editor\" data-id=\"8c92d36\" data-element_type=\"widget\" data-widget_type=\"text-editor.default\">\n\t\t\t\t<div class=\"elementor-widget-container\">\n\t\t\t\t\t\t\t\t\t<p><strong>Was ist im Moment Ihr Hauptprojekt? Was sind die n\u00e4chsten Schritte?<\/strong><\/p><p>Momentan ist nat\u00fcrlich alles unsicher, aber dennoch erarbeiten wir im Team Ideen und Ans\u00e4tze, wie sich das Unternehmen und die einzelnen Brands in Zukunft positionieren k\u00f6nnen. Ich finde es wichtig, dass wir auch in Krisenzeiten nach Vorne blicken und unseren Ausstellern und Besuchern weitere Mehrwerte bieten k\u00f6nnen. Parallel dazu l\u00e4uft weiterhin eine gewisses \u201eGrundrauschen\u201c wie man es im Marketing nennt, damit wir mit unserer Community weiterhin im Austausch bleiben.<\/p>\t\t\t\t\t\t\t\t<\/div>\n\t\t\t\t<\/div>\n\t\t\t\t<div class=\"elementor-element elementor-element-e0c9230 elementor-widget elementor-widget-text-editor\" data-id=\"e0c9230\" data-element_type=\"widget\" data-widget_type=\"text-editor.default\">\n\t\t\t\t<div class=\"elementor-widget-container\">\n\t\t\t\t\t\t\t\t\t<p><strong>Was ist das Beste was Ihnen seit Jahresanfang passiert ist?<\/strong><\/p><p>Es ist mein Beruf. Nach einem emotional anstrengenden beruflichen Jahr 2020 mit H\u00f6hen und Tiefen f\u00fchle ich mich trotz der au\u00dfergew\u00f6hnlichen Situation wieder aufgehoben und kann meiner Kreativit\u00e4t freien Lauf lassen.<\/p>\t\t\t\t\t\t\t\t<\/div>\n\t\t\t\t<\/div>\n\t\t\t\t<div class=\"elementor-element elementor-element-1ab43d5 elementor-widget-divider--view-line elementor-widget elementor-widget-divider\" data-id=\"1ab43d5\" data-element_type=\"widget\" data-widget_type=\"divider.default\">\n\t\t\t\t<div class=\"elementor-widget-container\">\n\t\t\t\t\t\t\t<div class=\"elementor-divider\">\n\t\t\t<span class=\"elementor-divider-separator\">\n\t\t\t\t\t\t<\/span>\n\t\t<\/div>\n\t\t\t\t\t\t<\/div>\n\t\t\t\t<\/div>\n\t\t\t\t<div class=\"elementor-element elementor-element-d737480 elementor-widget elementor-widget-heading\" data-id=\"d737480\" data-element_type=\"widget\" data-widget_type=\"heading.default\">\n\t\t\t\t<div class=\"elementor-widget-container\">\n\t\t\t\t\t<h2 class=\"elementor-heading-title elementor-size-large\">Antje - unser Saleswunder<\/h2>\t\t\t\t<\/div>\n\t\t\t\t<\/div>\n\t\t\t\t<section class=\"elementor-section elementor-inner-section elementor-element elementor-element-347a7b3 elementor-section-boxed elementor-section-height-default elementor-section-height-default\" data-id=\"347a7b3\" data-element_type=\"section\">\n\t\t\t\t\t\t<div class=\"elementor-container elementor-column-gap-default\">\n\t\t\t\t\t<div class=\"elementor-column elementor-col-50 elementor-inner-column elementor-element elementor-element-62a6b07\" data-id=\"62a6b07\" data-element_type=\"column\">\n\t\t\t<div class=\"elementor-widget-wrap elementor-element-populated\">\n\t\t\t\t\t\t<div class=\"elementor-element elementor-element-bb8c65d elementor-widget elementor-widget-image\" data-id=\"bb8c65d\" data-element_type=\"widget\" data-widget_type=\"image.default\">\n\t\t\t\t<div class=\"elementor-widget-container\">\n\t\t\t\t\t\t\t\t\t\t\t\t\t\t\t<img loading=\"lazy\" decoding=\"async\" width=\"210\" height=\"300\" src=\"https:\/\/easyfairsassets.com\/sites\/345\/2021\/02\/Antje-Pickard-1-210x300.jpg\" class=\"attachment-medium size-medium wp-image-10686\" alt=\"\" srcset=\"https:\/\/easyfairsassets.com\/sites\/345\/2021\/02\/Antje-Pickard-1-210x300.jpg 210w, https:\/\/easyfairsassets.com\/sites\/345\/2021\/02\/Antje-Pickard-1.jpg 328w\" sizes=\"(max-width: 210px) 100vw, 210px\" \/>\t\t\t\t\t\t\t\t\t\t\t\t\t\t\t<\/div>\n\t\t\t\t<\/div>\n\t\t\t\t\t<\/div>\n\t\t<\/div>\n\t\t\t\t<div class=\"elementor-column elementor-col-50 elementor-inner-column elementor-element elementor-element-e8193c6\" data-id=\"e8193c6\" data-element_type=\"column\">\n\t\t\t<div class=\"elementor-widget-wrap elementor-element-populated\">\n\t\t\t\t\t\t<div class=\"elementor-element elementor-element-82d3059 elementor-widget elementor-widget-text-editor\" data-id=\"82d3059\" data-element_type=\"widget\" data-widget_type=\"text-editor.default\">\n\t\t\t\t<div class=\"elementor-widget-container\">\n\t\t\t\t\t\t\t\t\t<p><strong>Wer sind Sie? Was sind momentan Ihre Aufgaben? Wie f\u00fchlen Sie sich in der aktuellen Situation?<\/strong><\/p><p>Mein Name ist Antje Pickard und ich bin Projektmanagerin f\u00fcr die EMPACK und Logistics &amp; Distribution in Dortmund. Aktuell bin ich sehr dankbar, dass ich in einem Land lebe, in dem Gesundheits- und Arbeitsplatzschutz so gut sind.<\/p><p><strong>K\u00f6nnen Sie mir ein Beispiel f\u00fcr Ihre Kreativit\u00e4t nennen, wie Sie einen Bestandskunden wiederholt von sich \u00fcberzeugen k\u00f6nnen?<\/strong><\/p><p>Ja, eine meiner sch\u00f6nsten Erfahrungen war, dass ich einen Bestandskunden eine Woche nach seiner Stornierung noch mal angerufen habe und ihn einfach gefragt habe, ob wir unsere Gesch\u00e4ftsbeziehung noch mal neu starten k\u00f6nnten, obwohl wir uns gegenseitig zuvor noch ein sch\u00f6nes Leben gew\u00fcnscht haben. Und letztendlich ist er n\u00e4chstes Jahr wieder dabei.\u00a0<\/p>\t\t\t\t\t\t\t\t<\/div>\n\t\t\t\t<\/div>\n\t\t\t\t\t<\/div>\n\t\t<\/div>\n\t\t\t\t\t<\/div>\n\t\t<\/section>\n\t\t\t\t<div class=\"elementor-element elementor-element-d713eb9 elementor-widget elementor-widget-text-editor\" data-id=\"d713eb9\" data-element_type=\"widget\" data-widget_type=\"text-editor.default\">\n\t\t\t\t<div class=\"elementor-widget-container\">\n\t\t\t\t\t\t\t\t\t<p><strong style=\"font-size: 1rem\">Warum arbeiten Sie gerne im Vertrieb?<\/strong><\/p><p>Messe bringt Menschen zusammen und es wird niemals langweilig.<\/p>\t\t\t\t\t\t\t\t<\/div>\n\t\t\t\t<\/div>\n\t\t\t\t<div class=\"elementor-element elementor-element-042539a elementor-widget-divider--view-line elementor-widget elementor-widget-divider\" data-id=\"042539a\" data-element_type=\"widget\" data-widget_type=\"divider.default\">\n\t\t\t\t<div class=\"elementor-widget-container\">\n\t\t\t\t\t\t\t<div class=\"elementor-divider\">\n\t\t\t<span class=\"elementor-divider-separator\">\n\t\t\t\t\t\t<\/span>\n\t\t<\/div>\n\t\t\t\t\t\t<\/div>\n\t\t\t\t<\/div>\n\t\t\t\t<div class=\"elementor-element elementor-element-f7a5256 elementor-widget elementor-widget-heading\" data-id=\"f7a5256\" data-element_type=\"widget\" data-widget_type=\"heading.default\">\n\t\t\t\t<div class=\"elementor-widget-container\">\n\t\t\t\t\t<h2 class=\"elementor-heading-title elementor-size-large\">Adis - bringt alles an den Mann<\/h2>\t\t\t\t<\/div>\n\t\t\t\t<\/div>\n\t\t\t\t<section class=\"elementor-section elementor-inner-section elementor-element elementor-element-318e591 elementor-section-boxed elementor-section-height-default elementor-section-height-default\" data-id=\"318e591\" data-element_type=\"section\">\n\t\t\t\t\t\t<div class=\"elementor-container elementor-column-gap-default\">\n\t\t\t\t\t<div class=\"elementor-column elementor-col-50 elementor-inner-column elementor-element elementor-element-c6762e2\" data-id=\"c6762e2\" data-element_type=\"column\">\n\t\t\t<div class=\"elementor-widget-wrap elementor-element-populated\">\n\t\t\t\t\t\t<div class=\"elementor-element elementor-element-6cde473 elementor-widget elementor-widget-image\" data-id=\"6cde473\" data-element_type=\"widget\" data-widget_type=\"image.default\">\n\t\t\t\t<div class=\"elementor-widget-container\">\n\t\t\t\t\t\t\t\t\t\t\t\t\t\t\t<img loading=\"lazy\" decoding=\"async\" width=\"234\" height=\"300\" src=\"https:\/\/easyfairsassets.com\/sites\/345\/2021\/02\/MicrosoftTeams-image-3-234x300.jpg\" class=\"attachment-medium size-medium wp-image-10642\" alt=\"\" srcset=\"https:\/\/easyfairsassets.com\/sites\/345\/2021\/02\/MicrosoftTeams-image-3-234x300.jpg 234w, https:\/\/easyfairsassets.com\/sites\/345\/2021\/02\/MicrosoftTeams-image-3-798x1024.jpg 798w, https:\/\/easyfairsassets.com\/sites\/345\/2021\/02\/MicrosoftTeams-image-3-768x986.jpg 768w, https:\/\/easyfairsassets.com\/sites\/345\/2021\/02\/MicrosoftTeams-image-3.jpg 828w\" sizes=\"(max-width: 234px) 100vw, 234px\" \/>\t\t\t\t\t\t\t\t\t\t\t\t\t\t\t<\/div>\n\t\t\t\t<\/div>\n\t\t\t\t\t<\/div>\n\t\t<\/div>\n\t\t\t\t<div class=\"elementor-column elementor-col-50 elementor-inner-column elementor-element elementor-element-74f5bdb\" data-id=\"74f5bdb\" data-element_type=\"column\">\n\t\t\t<div class=\"elementor-widget-wrap elementor-element-populated\">\n\t\t\t\t\t\t<div class=\"elementor-element elementor-element-f300454 elementor-widget elementor-widget-text-editor\" data-id=\"f300454\" data-element_type=\"widget\" data-widget_type=\"text-editor.default\">\n\t\t\t\t<div class=\"elementor-widget-container\">\n\t\t\t\t\t\t\t\t\t<p><strong>Wer sind Sie? Was sind momentan Ihre Aufgaben? Wie f\u00fchlen Sie sich in der aktuellen Situation? <\/strong><\/p><p>Mein Name ist Adis Alibasic und ich arbeite als Projektmanager im Sales f\u00fcr die Messen Logistics &amp; Distribution und EMPACK.<\/p><p>Zu meinen Aufgaben geh\u00f6ren die Akquise und Bestandspflege der Aussteller, eine Vertriebsstrategie zu \u00fcberlegen f\u00fcr das Jahr 2022, die Analyse der Produktangebote\u00a0sowie die Vorbereitung der n\u00e4chsten Messen.<\/p><p>Das Leben ist leider sehr einseitig geworden \u2013 mir fehlt ein Tapetenwechsel. Au\u00dferdem fehlen mir die sozialen Kontakte im privaten sowie im Berufsleben.<\/p>\t\t\t\t\t\t\t\t<\/div>\n\t\t\t\t<\/div>\n\t\t\t\t\t<\/div>\n\t\t<\/div>\n\t\t\t\t\t<\/div>\n\t\t<\/section>\n\t\t\t\t<div class=\"elementor-element elementor-element-747b857 elementor-widget elementor-widget-text-editor\" data-id=\"747b857\" data-element_type=\"widget\" data-widget_type=\"text-editor.default\">\n\t\t\t\t<div class=\"elementor-widget-container\">\n\t\t\t\t\t\t\t\t\t<p><strong>K\u00f6nnen Sie mir ein Beispiel f\u00fcr Ihre Kreativit\u00e4t nennen, wie Sie einen Bestandskunden wiederholt von sich \u00fcberzeugen k\u00f6nnen?<\/strong><\/p><p>Kurz und knackig die Benefits hervorheben wie z.B.<\/p><ul><li>Unser Rund um sorglos Paket f\u00fcr den Aussteller<\/li><li>Regionalit\u00e4t<\/li><li>Fachbesucher<\/li><\/ul>\t\t\t\t\t\t\t\t<\/div>\n\t\t\t\t<\/div>\n\t\t\t\t<div class=\"elementor-element elementor-element-01e8c1e elementor-widget elementor-widget-text-editor\" data-id=\"01e8c1e\" data-element_type=\"widget\" data-widget_type=\"text-editor.default\">\n\t\t\t\t<div class=\"elementor-widget-container\">\n\t\t\t\t\t\t\t\t\t<p><strong>Warum arbeiten Sie gerne im Vertrieb?<\/strong><\/p><p>Die Kommunikation mit unterschiedlichen Menschen gef\u00e4llt mir sehr und durch jedes Gespr\u00e4ch lernt man etwas dazu. Da ich sehr ehrgeizig bin, nehme ich immer die Herausforderung an, jemanden von einem Produkt zu \u00fcberzeugen.<\/p>\t\t\t\t\t\t\t\t<\/div>\n\t\t\t\t<\/div>\n\t\t\t\t<div class=\"elementor-element elementor-element-6d00134 elementor-widget-divider--view-line elementor-widget elementor-widget-divider\" data-id=\"6d00134\" data-element_type=\"widget\" data-widget_type=\"divider.default\">\n\t\t\t\t<div class=\"elementor-widget-container\">\n\t\t\t\t\t\t\t<div class=\"elementor-divider\">\n\t\t\t<span class=\"elementor-divider-separator\">\n\t\t\t\t\t\t<\/span>\n\t\t<\/div>\n\t\t\t\t\t\t<\/div>\n\t\t\t\t<\/div>\n\t\t\t\t<div class=\"elementor-element elementor-element-ec86572 elementor-widget elementor-widget-heading\" data-id=\"ec86572\" data-element_type=\"widget\" data-widget_type=\"heading.default\">\n\t\t\t\t<div class=\"elementor-widget-container\">\n\t\t\t\t\t<h2 class=\"elementor-heading-title elementor-size-large\">Selina - das K\u00fcken im M\u00fcnchener B\u00fcro<\/h2>\t\t\t\t<\/div>\n\t\t\t\t<\/div>\n\t\t\t\t<section class=\"elementor-section elementor-inner-section elementor-element elementor-element-aac1cda elementor-section-boxed elementor-section-height-default elementor-section-height-default\" data-id=\"aac1cda\" data-element_type=\"section\">\n\t\t\t\t\t\t<div class=\"elementor-container elementor-column-gap-default\">\n\t\t\t\t\t<div class=\"elementor-column elementor-col-50 elementor-inner-column elementor-element elementor-element-264b1ff\" data-id=\"264b1ff\" data-element_type=\"column\">\n\t\t\t<div class=\"elementor-widget-wrap elementor-element-populated\">\n\t\t\t\t\t\t<div class=\"elementor-element elementor-element-0ca0790 elementor-widget elementor-widget-image\" data-id=\"0ca0790\" data-element_type=\"widget\" data-widget_type=\"image.default\">\n\t\t\t\t<div class=\"elementor-widget-container\">\n\t\t\t\t\t\t\t\t\t\t\t\t\t\t\t<img loading=\"lazy\" decoding=\"async\" width=\"225\" height=\"300\" src=\"https:\/\/easyfairsassets.com\/sites\/345\/2021\/02\/Selina-Mair-225x300.jpeg\" class=\"attachment-medium size-medium wp-image-10720\" alt=\"\" srcset=\"https:\/\/easyfairsassets.com\/sites\/345\/2021\/02\/Selina-Mair-225x300.jpeg 225w, https:\/\/easyfairsassets.com\/sites\/345\/2021\/02\/Selina-Mair-768x1024.jpeg 768w, https:\/\/easyfairsassets.com\/sites\/345\/2021\/02\/Selina-Mair-1152x1536.jpeg 1152w, https:\/\/easyfairsassets.com\/sites\/345\/2021\/02\/Selina-Mair.jpeg 1440w\" sizes=\"(max-width: 225px) 100vw, 225px\" \/>\t\t\t\t\t\t\t\t\t\t\t\t\t\t\t<\/div>\n\t\t\t\t<\/div>\n\t\t\t\t\t<\/div>\n\t\t<\/div>\n\t\t\t\t<div class=\"elementor-column elementor-col-50 elementor-inner-column elementor-element elementor-element-7d04eca\" data-id=\"7d04eca\" data-element_type=\"column\">\n\t\t\t<div class=\"elementor-widget-wrap elementor-element-populated\">\n\t\t\t\t\t\t<div class=\"elementor-element elementor-element-44bc1a6 elementor-widget elementor-widget-text-editor\" data-id=\"44bc1a6\" data-element_type=\"widget\" data-widget_type=\"text-editor.default\">\n\t\t\t\t<div class=\"elementor-widget-container\">\n\t\t\t\t\t\t\t\t\t<p><strong>Wer sind Sie? Was sind momentan Ihre Aufgaben? Wie f\u00fchlen Sie sich in der aktuellen Situation? <\/strong><\/p><p>Ich hei\u00dfe Selina, bin 21 Jahre jung und bin somit das K\u00fcken in unserer Firma. Ich habe im September 2019 meine Ausbildung zur Veranstaltungskauffrau bei Easyfairs begonnen und in derzeit in der Marketing Abteilung.<\/p><p>Zu meinen Aufgaben geh\u00f6ren die Besucherkommunikation unserer Fachmessen, die grafische Umsetzung unserer Webseiten, die kreative Gestaltung unserer Social-Media-Kan\u00e4le und unserer Blogbeitr\u00e4gen.<\/p><p>Dank der aktuellen Pandemie-Lage ist das Leben sehr einseitig geworden. Eine Abwechslung k\u00f6nnte uns allen wieder guttun. Mir fehlen sowohl die privaten Kontakte als auch das normale Berufsleben mit meinen Kollegen.<\/p>\t\t\t\t\t\t\t\t<\/div>\n\t\t\t\t<\/div>\n\t\t\t\t\t<\/div>\n\t\t<\/div>\n\t\t\t\t\t<\/div>\n\t\t<\/section>\n\t\t\t\t<div class=\"elementor-element elementor-element-cdc8a73 elementor-widget elementor-widget-text-editor\" data-id=\"cdc8a73\" data-element_type=\"widget\" data-widget_type=\"text-editor.default\">\n\t\t\t\t<div class=\"elementor-widget-container\">\n\t\t\t\t\t\t\t\t\t<p><strong>Mit welchen H\u00fcrden bzw. Hindernissen sind Sie in Ihrer aktuellen Position konfrontiert?<\/strong><\/p><p>Durch die Corona-Situation ist der Ablauf meiner Ausbildung bisschen durcheinander.<\/p><p>Seminare wurden auf einmal zu Webinaren. Zwischenpr\u00fcfung wurde mehrmals verschoben und letztendlich abgesagt. Live-Messen sind nicht m\u00f6glich, was f\u00fcr mich schade ist, da ich noch keine Messe miterleben konnte.<\/p><p>Zudem habe ich schon gemerkt wie meine Motivation ab und zu verschwindet, da man nur zu Hause hockt und keine Abwechslungen mehr hat.<\/p>\t\t\t\t\t\t\t\t<\/div>\n\t\t\t\t<\/div>\n\t\t\t\t<div class=\"elementor-element elementor-element-2bca683 elementor-widget elementor-widget-text-editor\" data-id=\"2bca683\" data-element_type=\"widget\" data-widget_type=\"text-editor.default\">\n\t\t\t\t<div class=\"elementor-widget-container\">\n\t\t\t\t\t\t\t\t\t<p><strong>Was lieben und sch\u00e4tzen Sie am Unternehmen?<\/strong><\/p><p>Ich bin sehr froh bei Easyfairs arbeiten zu d\u00fcrfen. Das Arbeitsklima ist super und ich gehe gerne ins B\u00fcro. Der typische B\u00fcroalltag fehlt mir sehr, da wir seitdem es die ersten Corona F\u00e4lle in Deutschland gab, im Home-Office sind. Daf\u00fcr bin ich aber auch sehr dankbar, da unsere Gesundheit wertgesch\u00e4tzt wird und uns das Home-Office direkt zur Verf\u00fcgung gestellt wurde.<\/p>\t\t\t\t\t\t\t\t<\/div>\n\t\t\t\t<\/div>\n\t\t\t\t\t<\/div>\n\t\t<\/div>\n\t\t\t\t\t<\/div>\n\t\t<\/section>\n\t\t\t\t<section class=\"elementor-section elementor-top-section elementor-element elementor-element-28559a1f elementor-section-boxed elementor-section-height-default elementor-section-height-default\" data-id=\"28559a1f\" data-element_type=\"section\">\n\t\t\t\t\t\t<div class=\"elementor-container elementor-column-gap-default\">\n\t\t\t\t\t<div class=\"elementor-column elementor-col-100 elementor-top-column elementor-element elementor-element-68fb38be\" data-id=\"68fb38be\" data-element_type=\"column\">\n\t\t\t<div class=\"elementor-widget-wrap elementor-element-populated\">\n\t\t\t\t\t\t<div class=\"elementor-element elementor-element-1bde09d elementor-widget elementor-widget-spacer\" data-id=\"1bde09d\" data-element_type=\"widget\" data-widget_type=\"spacer.default\">\n\t\t\t\t<div class=\"elementor-widget-container\">\n\t\t\t\t\t\t\t<div class=\"elementor-spacer\">\n\t\t\t<div class=\"elementor-spacer-inner\"><\/div>\n\t\t<\/div>\n\t\t\t\t\t\t<\/div>\n\t\t\t\t<\/div>\n\t\t\t\t<div class=\"elementor-element elementor-element-e7756ac elementor-widget-divider--view-line elementor-widget elementor-widget-divider\" data-id=\"e7756ac\" data-element_type=\"widget\" data-widget_type=\"divider.default\">\n\t\t\t\t<div class=\"elementor-widget-container\">\n\t\t\t\t\t\t\t<div class=\"elementor-divider\">\n\t\t\t<span class=\"elementor-divider-separator\">\n\t\t\t\t\t\t<\/span>\n\t\t<\/div>\n\t\t\t\t\t\t<\/div>\n\t\t\t\t<\/div>\n\t\t\t\t<section class=\"elementor-section elementor-inner-section elementor-element elementor-element-27792a2 elementor-section-content-middle elementor-section-boxed elementor-section-height-default elementor-section-height-default\" data-id=\"27792a2\" data-element_type=\"section\">\n\t\t\t\t\t\t<div class=\"elementor-container elementor-column-gap-default\">\n\t\t\t\t\t<div class=\"elementor-column elementor-col-50 elementor-inner-column elementor-element elementor-element-1089f78\" data-id=\"1089f78\" data-element_type=\"column\">\n\t\t\t<div class=\"elementor-widget-wrap elementor-element-populated\">\n\t\t\t\t\t\t<div class=\"elementor-element elementor-element-0350380 elementor-widget__width-auto elementor-widget elementor-widget-heading\" data-id=\"0350380\" data-element_type=\"widget\" data-widget_type=\"heading.default\">\n\t\t\t\t<div class=\"elementor-widget-container\">\n\t\t\t\t\t<h3 class=\"elementor-heading-title elementor-size-medium\">Beitrag teilen:<\/h3>\t\t\t\t<\/div>\n\t\t\t\t<\/div>\n\t\t\t\t\t<\/div>\n\t\t<\/div>\n\t\t\t\t<div class=\"elementor-column elementor-col-50 elementor-inner-column elementor-element elementor-element-44e7e6e\" data-id=\"44e7e6e\" data-element_type=\"column\">\n\t\t\t<div class=\"elementor-widget-wrap elementor-element-populated\">\n\t\t\t\t\t\t<div class=\"elementor-element elementor-element-696cab elementor-share-buttons--skin-flat elementor-share-buttons--shape-rounded elementor-share-buttons--view-icon-text elementor-grid-0 elementor-share-buttons--color-official elementor-widget elementor-widget-share-buttons\" data-id=\"696cab\" data-element_type=\"widget\" data-widget_type=\"share-buttons.default\">\n\t\t\t\t<div class=\"elementor-widget-container\">\n\t\t\t\t\t\t\t<div class=\"elementor-grid\" role=\"list\">\n\t\t\t\t\t\t\t\t<div class=\"elementor-grid-item\" role=\"listitem\">\n\t\t\t\t\t\t<div class=\"elementor-share-btn elementor-share-btn_linkedin\" role=\"button\" tabindex=\"0\" aria-label=\"Share on linkedin\">\n\t\t\t\t\t\t\t\t\t\t\t\t\t\t\t<span class=\"elementor-share-btn__icon\">\n\t\t\t\t\t\t\t\t<i class=\"fab fa-linkedin\" aria-hidden=\"true\"><\/i>\t\t\t\t\t\t\t<\/span>\n\t\t\t\t\t\t\t\t\t\t\t\t\t\t\t\t\t\t\t\t\t\t<div class=\"elementor-share-btn__text\">\n\t\t\t\t\t\t\t\t\t\t\t\t\t\t\t\t\t\t\t<span class=\"elementor-share-btn__title\">\n\t\t\t\t\t\t\t\t\t\tLinkedIn\t\t\t\t\t\t\t\t\t<\/span>\n\t\t\t\t\t\t\t\t\t\t\t\t\t\t\t\t\t<\/div>\n\t\t\t\t\t\t\t\t\t\t\t\t\t<\/div>\n\t\t\t\t\t<\/div>\n\t\t\t\t\t\t\t\t\t<div class=\"elementor-grid-item\" role=\"listitem\">\n\t\t\t\t\t\t<div class=\"elementor-share-btn elementor-share-btn_facebook\" role=\"button\" tabindex=\"0\" aria-label=\"Share on facebook\">\n\t\t\t\t\t\t\t\t\t\t\t\t\t\t\t<span class=\"elementor-share-btn__icon\">\n\t\t\t\t\t\t\t\t<i class=\"fab fa-facebook\" aria-hidden=\"true\"><\/i>\t\t\t\t\t\t\t<\/span>\n\t\t\t\t\t\t\t\t\t\t\t\t\t\t\t\t\t\t\t\t\t\t<div class=\"elementor-share-btn__text\">\n\t\t\t\t\t\t\t\t\t\t\t\t\t\t\t\t\t\t\t<span class=\"elementor-share-btn__title\">\n\t\t\t\t\t\t\t\t\t\tFacebook\t\t\t\t\t\t\t\t\t<\/span>\n\t\t\t\t\t\t\t\t\t\t\t\t\t\t\t\t\t<\/div>\n\t\t\t\t\t\t\t\t\t\t\t\t\t<\/div>\n\t\t\t\t\t<\/div>\n\t\t\t\t\t\t\t\t\t<div class=\"elementor-grid-item\" role=\"listitem\">\n\t\t\t\t\t\t<div class=\"elementor-share-btn elementor-share-btn_twitter\" role=\"button\" tabindex=\"0\" aria-label=\"Share on twitter\">\n\t\t\t\t\t\t\t\t\t\t\t\t\t\t\t<span class=\"elementor-share-btn__icon\">\n\t\t\t\t\t\t\t\t<i class=\"fab fa-twitter\" aria-hidden=\"true\"><\/i>\t\t\t\t\t\t\t<\/span>\n\t\t\t\t\t\t\t\t\t\t\t\t\t\t\t\t\t\t\t\t\t\t<div class=\"elementor-share-btn__text\">\n\t\t\t\t\t\t\t\t\t\t\t\t\t\t\t\t\t\t\t<span class=\"elementor-share-btn__title\">\n\t\t\t\t\t\t\t\t\t\tTwitter\t\t\t\t\t\t\t\t\t<\/span>\n\t\t\t\t\t\t\t\t\t\t\t\t\t\t\t\t\t<\/div>\n\t\t\t\t\t\t\t\t\t\t\t\t\t<\/div>\n\t\t\t\t\t<\/div>\n\t\t\t\t\t\t\t\t\t<div class=\"elementor-grid-item\" role=\"listitem\">\n\t\t\t\t\t\t<div class=\"elementor-share-btn elementor-share-btn_xing\" role=\"button\" tabindex=\"0\" aria-label=\"Share on xing\">\n\t\t\t\t\t\t\t\t\t\t\t\t\t\t\t<span class=\"elementor-share-btn__icon\">\n\t\t\t\t\t\t\t\t<i class=\"fab fa-xing\" aria-hidden=\"true\"><\/i>\t\t\t\t\t\t\t<\/span>\n\t\t\t\t\t\t\t\t\t\t\t\t\t\t\t\t\t\t\t\t\t\t<div class=\"elementor-share-btn__text\">\n\t\t\t\t\t\t\t\t\t\t\t\t\t\t\t\t\t\t\t<span class=\"elementor-share-btn__title\">\n\t\t\t\t\t\t\t\t\t\tXING\t\t\t\t\t\t\t\t\t<\/span>\n\t\t\t\t\t\t\t\t\t\t\t\t\t\t\t\t\t<\/div>\n\t\t\t\t\t\t\t\t\t\t\t\t\t<\/div>\n\t\t\t\t\t<\/div>\n\t\t\t\t\t\t<\/div>\n\t\t\t\t\t\t<\/div>\n\t\t\t\t<\/div>\n\t\t\t\t\t<\/div>\n\t\t<\/div>\n\t\t\t\t\t<\/div>\n\t\t<\/section>\n\t\t\t\t\t<\/div>\n\t\t<\/div>\n\t\t\t\t\t<\/div>\n\t\t<\/section>\n\t\t\t\t<section class=\"elementor-section elementor-top-section elementor-element elementor-element-9a2ca42 elementor-hidden-desktop elementor-hidden-tablet elementor-hidden-phone elementor-section-boxed elementor-section-height-default elementor-section-height-default\" data-id=\"9a2ca42\" data-element_type=\"section\">\n\t\t\t\t\t\t<div class=\"elementor-container elementor-column-gap-default\">\n\t\t\t\t\t<div class=\"elementor-column elementor-col-100 elementor-top-column elementor-element elementor-element-8000efa\" data-id=\"8000efa\" data-element_type=\"column\">\n\t\t\t<div class=\"elementor-widget-wrap elementor-element-populated\">\n\t\t\t\t\t\t<div class=\"elementor-element elementor-element-4913c5f elementor-widget elementor-widget-spacer\" data-id=\"4913c5f\" data-element_type=\"widget\" data-widget_type=\"spacer.default\">\n\t\t\t\t<div class=\"elementor-widget-container\">\n\t\t\t\t\t\t\t<div class=\"elementor-spacer\">\n\t\t\t<div class=\"elementor-spacer-inner\"><\/div>\n\t\t<\/div>\n\t\t\t\t\t\t<\/div>\n\t\t\t\t<\/div>\n\t\t\t\t\t<\/div>\n\t\t<\/div>\n\t\t\t\t\t<\/div>\n\t\t<\/section>\n\t\t\t\t<section class=\"elementor-section elementor-top-section elementor-element elementor-element-578459f elementor-section-boxed elementor-section-height-default elementor-section-height-default\" data-id=\"578459f\" data-element_type=\"section\">\n\t\t\t\t\t\t<div class=\"elementor-container elementor-column-gap-default\">\n\t\t\t\t\t<div class=\"elementor-column elementor-col-100 elementor-top-column elementor-element elementor-element-3256690\" data-id=\"3256690\" data-element_type=\"column\">\n\t\t\t<div class=\"elementor-widget-wrap elementor-element-populated\">\n\t\t\t\t\t\t<div class=\"elementor-element elementor-element-fc88f13 elementor-widget elementor-widget-spacer\" data-id=\"fc88f13\" data-element_type=\"widget\" data-widget_type=\"spacer.default\">\n\t\t\t\t<div class=\"elementor-widget-container\">\n\t\t\t\t\t\t\t<div class=\"elementor-spacer\">\n\t\t\t<div class=\"elementor-spacer-inner\"><\/div>\n\t\t<\/div>\n\t\t\t\t\t\t<\/div>\n\t\t\t\t<\/div>\n\t\t\t\t\t<\/div>\n\t\t<\/div>\n\t\t\t\t\t<\/div>\n\t\t<\/section>\n\t\t\t\t<\/div>\n\t\t","protected":false},"excerpt":{"rendered":"<p>F\u00fcr uns alle ist die momentane Situation eine Herausforderung. Wir wollen Ihnen einen Einblick hinter die Kulissen verschaffen. F\u00fcr Sie haben wir unser EMPACK -Team interviewt.\u00a0 Wie geht es den Mitarbeitern? Was sind die jetzigen Projekte? Wie f\u00fchlen Sie sich in der jetzigen Situation? Sind Sie zufrieden im Unternehmen? Die Kollegen haben Ihre Meinung\/Feedback\/Statement zu [&hellip;]<\/p>\n","protected":false},"author":1,"featured_media":10648,"comment_status":"closed","ping_status":"open","sticky":false,"template":"","format":"standard","meta":{"_seopress_robots_primary_cat":"none","_seopress_titles_title":"Private Einblicke hinter die Kulissen der EMPACK","_seopress_titles_desc":"F\u00fcr uns alle ist die momentane Situation eine Herausforderung. Wir wollen Ihnen einen Einblick hinter die Kulissen verschaffen. F\u00fcr Sie haben wir unser EMPACK -Team interviewt.\u00a0","_seopress_robots_index":"","footnotes":""},"categories":[299],"tags":[],"edition":[],"class_list":["post-10597","post","type-post","status-publish","format-standard","has-post-thumbnail","hentry","category-allgemein"],"_links":{"self":[{"href":"https:\/\/www.dortmund.empack-messen.de\/de\/wp-json\/wp\/v2\/posts\/10597","targetHints":{"allow":["GET"]}}],"collection":[{"href":"https:\/\/www.dortmund.empack-messen.de\/de\/wp-json\/wp\/v2\/posts"}],"about":[{"href":"https:\/\/www.dortmund.empack-messen.de\/de\/wp-json\/wp\/v2\/types\/post"}],"author":[{"embeddable":true,"href":"https:\/\/www.dortmund.empack-messen.de\/de\/wp-json\/wp\/v2\/users\/1"}],"replies":[{"embeddable":true,"href":"https:\/\/www.dortmund.empack-messen.de\/de\/wp-json\/wp\/v2\/comments?post=10597"}],"version-history":[{"count":0,"href":"https:\/\/www.dortmund.empack-messen.de\/de\/wp-json\/wp\/v2\/posts\/10597\/revisions"}],"wp:featuredmedia":[{"embeddable":true,"href":"https:\/\/www.dortmund.empack-messen.de\/de\/wp-json\/wp\/v2\/media\/10648"}],"wp:attachment":[{"href":"https:\/\/www.dortmund.empack-messen.de\/de\/wp-json\/wp\/v2\/media?parent=10597"}],"wp:term":[{"taxonomy":"category","embeddable":true,"href":"https:\/\/www.dortmund.empack-messen.de\/de\/wp-json\/wp\/v2\/categories?post=10597"},{"taxonomy":"post_tag","embeddable":true,"href":"https:\/\/www.dortmund.empack-messen.de\/de\/wp-json\/wp\/v2\/tags?post=10597"},{"taxonomy":"edition","embeddable":true,"href":"https:\/\/www.dortmund.empack-messen.de\/de\/wp-json\/wp\/v2\/edition?post=10597"}],"curies":[{"name":"wp","href":"https:\/\/api.w.org\/{rel}","templated":true}]}}